{"id":104484,"date":"2025-05-16T13:16:09","date_gmt":"2025-05-16T13:16:09","guid":{"rendered":"https:\/\/www.europesays.com\/fr\/104484\/"},"modified":"2025-05-16T13:16:09","modified_gmt":"2025-05-16T13:16:09","slug":"show-avec-dj-et-presentation-du-trophee-le-programme-des-celebrations-du-13e-titre-en-ligue-1-du-psg-en-marge-du-match-contre-auxerre-lequipe","status":"publish","type":"post","link":"https:\/\/www.europesays.com\/fr\/104484\/","title":{"rendered":"Show avec DJ et pr\u00e9sentation du troph\u00e9e : le programme des c\u00e9l\u00e9brations du 13e titre en Ligue 1 du PSG, en marge du match contre Auxerre &#8211; L&#039;\u00c9quipe"},"content":{"rendered":"<ol>\n<li><a href=\"https:\/\/news.google.com\/rss\/articles\/CBMikgJBVV95cUxPOGtjamxhVXRibFBJYzFJWDdQQUlaRDlZaEM2RVlFTUw2cUstT2o1NWkzeUlVeWw4YjUzdEJNNmhTRzJOaGJJS0JUc1dQUG9aRDU4SW9YQ0tGNk9za2RfYnJYa0JCNTc0NFEtb2VwVEt3bllTUlJmZlFhYkNkM1kyZks3Rnhyamtac1VDRXZVOHNJZUV2Vk1sUm1XYVlkbVNwQUtScHdRTlVySHhsaTkxa2t2SWFGMDlFNl9qeHctR1RBUnZLSFhYdlVaV1lmbmJNaHhzN3RwbVRnd3FRUXNEdXhZd21XVFpFekdtUFBRZEdiRWM3RFNkVnB6NllnejNwQjQ2RDdWcFNoV1hraG5CMlFn?oc=5\" target=\"_blank\" rel=\"noopener\">Show avec DJ et pr\u00e9sentation du troph\u00e9e : le programme des c\u00e9l\u00e9brations du 13e titre en Ligue 1 du PSG, en marge du match contre Auxerre<\/a>&nbsp;&nbsp;L&rsquo;\u00c9quipe<\/li>\n<li><a href=\"https:\/\/news.google.com\/rss\/articles\/CBMi-wFBVV95cUxONTlfR21aV09RS1VGbmo4aXhtbXVxNGk5LUYxdkR3ZnllTXdGSm1GWTZLYmRPY3ZENU1ia3k4UUtiU1dnRmlGQTVjd1cxLVlGRDN1Ulp4eWZ2enJYWUk5MTdJOVkwUHR1dWEzQnFvbWZNRGtoeEZCZURFZ210WGkwSmZhbFBjOUNzbnlkakhzVWp1VTZENGxxMDBnblZjaXkxWkYzUGxvN2paeVdtdElaMUhQeUkyei03eVFqYlNCSTJyeHByQTM4UFFwM3BQSnZXeGc0UGZQV1hxaFYxQl9RZlVva05pdlhERWdzQmdtN0dtR09Kcm9sUGs5VQ?oc=5\" target=\"_blank\" rel=\"noopener\">\u00ab Je pense que ce sera plus serr\u00e9 \u00bb : l&rsquo;entra\u00eeneur du PSG Luis Enrique s&rsquo;attend \u00e0 plus de concurrence la saison prochaine<\/a>&nbsp;&nbsp;L&rsquo;\u00c9quipe<\/li>\n<li><a href=\"https:\/\/news.google.com\/rss\/articles\/CBMiowJBVV95cUxPYk00N0x0RlJyYkZ0NkdIMFlYOWkzOFFMQThTVFE3NmZCZkh1aXphT1R2OHFxSGg2SWRoOF85NjVHMU1NQnVUM3FjcTdJQ2RoYko5Qy1ySG8wVDJpd3ZLUHJPZm1hZ3o4SU5WaV8xVnZVaVFxVElfYXhDQmhTa0g0WGZ4a0lJcnVZdmZ2elNHVDJqbHNWNWdwTXY0eHJsRjA2R3VxeW9vOGtKcTl1OTRoV1N3SnF6dUdBSzhxV1dFUExPZ3d3MlY2OTBEY0cwZ0VRRW9STGp1Q0dvdVJkcXJWbVZlMThQc0llMHFzVERkS0ItMmgxSnVkNUxERXJFcjBjdjdfNTNLRXpHNFphSFBwY3djdlE2NER2bS1ia1N5ZUxSWE0?oc=5\" target=\"_blank\" rel=\"noopener\">Luis Enrique veut faire la f\u00eate : \u00ab\u00a0C&rsquo;est le moment de c\u00e9l\u00e9brer le titre\u00a0\u00bb<\/a>&nbsp;&nbsp;Eurosport<\/li>\n<li><a href=\"https:\/\/news.google.com\/rss\/articles\/CBMixwFBVV95cUxQazY0Ym13X2QxSWVCNXRSdkVJMXZ0d2lUZjdzbF9FQm1MVjZ3QkdHMXY3eV94eTBiUWJZQVNYcVlRY2N4bW1rSXJKbEFEdl9iaU9wa1o5aHZzbEFTYVRPUUYyR3JnWHUzSEtSM0tYMTRFZjMzeFlzX1BRbGRjWmNCSVlTeVpzTzdpMDlYdTctdGxhYW1icTA0ck9fQmtCQ0ZaNU4zbHd0U3ZJcXFmNnlNTXNqb1JhbDBFc01xUm40OS1vUnNkTl93?oc=5\" target=\"_blank\" rel=\"noopener\">Et si on faisait craquer le PSG&#8230; au Parc des Princes ?<\/a>&nbsp;&nbsp;Radio France<\/li>\n<li><a href=\"https:\/\/news.google.com\/rss\/articles\/CBMiywFBVV95cUxNUFczSWlDc2xxUm90dzlHdVRGdlNoZDNKRWkyTk1za1VvM0g3Y0EwQkRLUlJJYnhpRHplMU1DNEI4Z3FkNF9aM05UdXZOM09Xa0QyNXVqR0VpQ2tyUlVmQS1tZlVFNmhUN3lmUThCSmFpT2xtZjV5ekU4ZTBsTFRPQnptYnp4V0ZUdGcxc3ZkdnZ1YmVzTUNQRGxUa3JjRzRBRWRoMzdpSEhISWNIbG5SUmNvUjBfd0NoQ0w5R0tkXzFPTkRqay1IMTc3NA?oc=5\" target=\"_blank\" rel=\"noopener\">PSG &#8211; Luis Enrique : \u00ab\u00a0L&rsquo;\u00e9tat d&rsquo;esprit des joueurs ne peut pas \u00eatre meilleur\u00a0\u00bb<\/a>&nbsp;&nbsp;Orange Actualit\u00e9s | Sports<\/li>\n<\/ol>\n","protected":false},"excerpt":{"rendered":"Show avec DJ et pr\u00e9sentation du troph\u00e9e : le programme des c\u00e9l\u00e9brations du 13e titre en Ligue 1&hellip;\n","protected":false},"author":2,"featured_media":104485,"comment_status":"","ping_status":"","sticky":false,"template":"","format":"standard","meta":{"footnotes":""},"categories":[2],"tags":[11,1011,27,12,25],"class_list":{"0":"post-104484","1":"post","2":"type-post","3":"status-publish","4":"format-standard","5":"has-post-thumbnail","7":"category-actualites","8":"tag-actualites","9":"tag-fr","10":"tag-france","11":"tag-news","12":"tag-republique-francaise"},"share_on_mastodon":{"url":"https:\/\/pubeurope.com\/@fr\/114517703572845667","error":""},"_links":{"self":[{"href":"https:\/\/www.europesays.com\/fr\/wp-json\/wp\/v2\/posts\/104484","targetHints":{"allow":["GET"]}}],"collection":[{"href":"https:\/\/www.europesays.com\/fr\/wp-json\/wp\/v2\/posts"}],"about":[{"href":"https:\/\/www.europesays.com\/fr\/wp-json\/wp\/v2\/types\/post"}],"author":[{"embeddable":true,"href":"https:\/\/www.europesays.com\/fr\/wp-json\/wp\/v2\/users\/2"}],"replies":[{"embeddable":true,"href":"https:\/\/www.europesays.com\/fr\/wp-json\/wp\/v2\/comments?post=104484"}],"version-history":[{"count":0,"href":"https:\/\/www.europesays.com\/fr\/wp-json\/wp\/v2\/posts\/104484\/revisions"}],"wp:featuredmedia":[{"embeddable":true,"href":"https:\/\/www.europesays.com\/fr\/wp-json\/wp\/v2\/media\/104485"}],"wp:attachment":[{"href":"https:\/\/www.europesays.com\/fr\/wp-json\/wp\/v2\/media?parent=104484"}],"wp:term":[{"taxonomy":"category","embeddable":true,"href":"https:\/\/www.europesays.com\/fr\/wp-json\/wp\/v2\/categories?post=104484"},{"taxonomy":"post_tag","embeddable":true,"href":"https:\/\/www.europesays.com\/fr\/wp-json\/wp\/v2\/tags?post=104484"}],"curies":[{"name":"wp","href":"https:\/\/api.w.org\/{rel}","templated":true}]}}