{"id":104492,"date":"2025-05-16T13:23:11","date_gmt":"2025-05-16T13:23:11","guid":{"rendered":"https:\/\/www.europesays.com\/fr\/104492\/"},"modified":"2025-05-16T13:23:11","modified_gmt":"2025-05-16T13:23:11","slug":"di-giannantonio-a-change-de-moto-trop-tard-cest-de-ma-faute","status":"publish","type":"post","link":"https:\/\/www.europesays.com\/fr\/104492\/","title":{"rendered":"Di Giannantonio a chang\u00e9 de moto trop tard\u00a0: \u00ab\u00a0C&rsquo;est de ma faute\u00a0\u00bb"},"content":{"rendered":"<p>Un week-end mal embarqu\u00e9 s&rsquo;est finalement conclu sur des r\u00e9sultats encourageants pour <a href=\"https:\/\/fr.motorsport.com\/driver\/fabio-di-giannantonio\/289538\/\" target=\"_blank\" rel=\"noopener\">Fabio Di Giannantonio<\/a>, bien qu&rsquo;inf\u00e9rieurs \u00e0 ses attentes. Au cours des premiers essais au Mans, l&rsquo;Italien \u00e9tait en grande difficult\u00e9 avec l&rsquo;avant de sa moto, ce qui lui a fait manquer la qualification directe en Q2.<\/p>\n<p>\u00ab\u00a0J&rsquo;avais l&rsquo;impression que je pouvais le perdre \u00e0 tout instant et on n&rsquo;a pas progress\u00e9 au cours de la journ\u00e9e\u00a0\u00bb, expliquait alors le pilote VR46, priv\u00e9 de ses rep\u00e8res\u00a0: \u00ab\u00a0L&rsquo;entr\u00e9e de courbe est l&rsquo;un de mes points forts, surtout quand il y a deux ou trois proches les unes des autres, comme le dernier secteur ici. J&rsquo;ai un peu plus de mal ici, je ne peux pas faire ce que je fais naturellement, habituellement.\u00a0\u00bb<\/p>\n<p>Di Giannantonio a encore souffert en qualifications, avec une modeste 17e place, mais il a pu remonter jusqu&rsquo;au septi\u00e8me rang lors du sprint, apr\u00e8s des \u00ab\u00a0des changements assez importants\u00a0\u00bb. \u00ab\u00a0Ce week-end est difficile\u00a0\u00bb, d\u00e9plorait-il n\u00e9anmoins sur le site officiel du MotoGP. \u00ab\u00a0Ce n&rsquo;est pas notre place si on n&rsquo;est pas devant.\u00a0\u00bb<\/p>\n<p>\u00ab\u00a0Je pense qu&rsquo;il est toujours important de se relancer, de ne pas se d\u00e9concentrer, et d&rsquo;essayer de comprendre ce que l&rsquo;on peut am\u00e9liorer. On l&rsquo;a fait pour le sprint. J&rsquo;esp\u00e8re que pourra encore le faire demain. Les conditions seront peut-\u00eatre difficiles. Ce pourrait \u00eatre une bonne carte pour nous.\u00a0\u00bb<\/p>\n<p>   <img decoding=\"async\" draggable=\"false\" src=\"https:\/\/www.europesays.com\/fr\/wp-content\/uploads\/2025\/05\/fabio-di-giannantonio-vr46-rac.jpg\" alt=\"Fabio Di Giannantonio, VR46 Racing Team &#10;\" width=\"1200\" height=\"800\" loading=\"lazy\"\/> <\/p>\n<p class=\"title\">Fabio Di Giannantonio<\/p>\n<p class=\"photographer\">Photo de: Media VR46<\/p>\n<p>La pluie que Di Giannantonio attendait est bel et bien arriv\u00e9e, mais n&rsquo;a pas tout \u00e0 fait produit les effets qu&rsquo;il esp\u00e9rait\u00a0: \u00ab\u00a0En fait, sur la grille c&rsquo;\u00e9tait un peu bizarre parce qu&rsquo;on \u00e9tait en slicks, mais il pleuvait compl\u00e8tement, la piste \u00e9tait totalement humide. C&rsquo;\u00e9tait aussi bizarre de ne pas voir le panneau annon\u00e7ant la course pluvieuse. En tout cas, tout le monde se regardait en se disant &lsquo;On fait quoi ?&rsquo; parce que ce n&rsquo;\u00e9tait pas clair du tout.\u00a0\u00bb<\/p>\n<p>Di Giannantonio a fait partie des nombreux pilotes \u00e0 passer sur une moto \u00e9quip\u00e9e de slicks juste avant le d\u00e9part, ce qui lui a valu un double long-lap puis l&rsquo;a contraint \u00e0 un nouveau changement de machine quand la pluie est revenue. Le pilote VR46 a fait ce changement un tour apr\u00e8s la plupart de ses rivaux, ce qui lui a permis de remonter bri\u00e8vement \u00e0 la deuxi\u00e8me place mais lui a finalement co\u00fbt\u00e9 cher.<\/p>\n<blockquote>\n<p>J&rsquo;essaie encore de comprendre ce qu&rsquo;il s&rsquo;est pass\u00e9 parce que c&rsquo;\u00e9tait vraiment fou\u00a0!<\/p>\n<\/blockquote>\n<p>Il a fait ce tour en 1&rsquo;52&Prime;736, quand les plus performants en slicks \u00e9taient entre cinq et huit secondes plus rapides. Reparti dixi\u00e8me, il a ensuite \u00e9t\u00e9 doubl\u00e9 par <a href=\"https:\/\/fr.motorsport.com\/driver\/raul-fernandez\/443094\/\" target=\"_blank\" rel=\"noopener\">Ra\u00fal Fern\u00e1ndez<\/a> et n&rsquo;a pu reprendre l&rsquo;avantage qu&rsquo;en fin de course. Di Giannantonio a aussi profit\u00e9 des chutes de <a href=\"https:\/\/fr.motorsport.com\/driver\/miguel-oliveira\/109382\/\" target=\"_blank\" rel=\"noopener\">Miguel Oliveira<\/a> et <a href=\"https:\/\/fr.motorsport.com\/driver\/alex-marquez\/96324\/\" target=\"_blank\" rel=\"noopener\">\u00c1lex M\u00e1rquez<\/a> pour se classer au huiti\u00e8me rang. Il pense qu&rsquo;il aurait pu accrocher le top 5 en changeant de moto plus t\u00f4t.<\/p>\n<p>\u00ab\u00a0C&rsquo;\u00e9tait une course folle\u00a0\u00bb, a-t-il r\u00e9sum\u00e9 apr\u00e8s l&rsquo;arriv\u00e9e. \u00ab\u00a0Sinc\u00e8rement, j&rsquo;essaie encore de comprendre ce qu&rsquo;il s&rsquo;est pass\u00e9 parce que c&rsquo;\u00e9tait vraiment fou\u00a0! Tout le monde a \u00e9t\u00e9 courageux en prenant les slicks mais c&rsquo;\u00e9tait clairement humide en d\u00e9but de course. On \u00e9tait l\u00e0 au d\u00e9part, puis j&rsquo;ai vu quelques chutes devant et j&rsquo;ai perdu pas mal de temps.\u00a0\u00bb<\/p>\n<p>   <img decoding=\"async\" draggable=\"false\" src=\"https:\/\/www.europesays.com\/fr\/wp-content\/uploads\/2025\/05\/1747401791_730_fabio-di-giannantonio-vr46-rac.jpg\" alt=\"Fabio Di Giannantonio, VR46 Racing Team\" width=\"1200\" height=\"800\" loading=\"lazy\"\/> <\/p>\n<p class=\"title\">Fabio Di Giannantonio<\/p>\n<p class=\"photographer\">Photo de: Marc Fleury<\/p>\n<p>\u00ab\u00a0Quand tout le monde s&rsquo;est arr\u00eat\u00e9, je n&rsquo;ai pas compris qu&rsquo;ils l&rsquo;avaient fait parce que j&rsquo;\u00e9tais trop loin d&rsquo;eux, donc j&rsquo;ai fait un tour de plus. Je pense que c&rsquo;est de ma faute si je n&rsquo;ai pas fini dans le top 5, en perdant ce tour pour rechanger de pneus et repasser sur les pneus pluie. Avec les pneus pluie, j&rsquo;ai souffert au d\u00e9but. Je n&rsquo;ai pas trouv\u00e9 d&rsquo;adh\u00e9rence \u00e0 l&rsquo;arri\u00e8re mais petit \u00e0 petit, la temp\u00e9rature est mont\u00e9e, c&rsquo;\u00e9tait de mieux en mieux et je roulais \u00e0 un rythme acceptable.\u00a0\u00bb<\/p>\n<p>\u00ab\u00a0Je suis super content du r\u00e9sultat vu comment le week-end s&rsquo;est d\u00e9roul\u00e9. Faire une septi\u00e8me et une huiti\u00e8me places en partant 17e, je pense que c&rsquo;est tr\u00e8s bien. On a aussi repris des points sur les gars de devant au championnat.\u00a0\u00bb<\/p>\n<p>Arriv\u00e9 au GP de France \u00e0 la cinqui\u00e8me place du championnat, Di Giannantonio a conserv\u00e9 la position mais a vu son retard sur <a href=\"https:\/\/fr.motorsport.com\/driver\/pecco-bagnaia\/109394\/\" target=\"_blank\" rel=\"noopener\">Pecco Bagnaia<\/a>, troisi\u00e8me avec la m\u00eame Ducati GP25 que lui, passer de 57 \u00e0 46 points. Il s&rsquo;est \u00e9galement rapproch\u00e9 de <a href=\"https:\/\/fr.motorsport.com\/driver\/franco-morbidelli\/109417\/\" target=\"_blank\" rel=\"noopener\">Franco Morbidelli<\/a>, avec un retard pass\u00e9 de 19 \u00e0 11 unit\u00e9s.<\/p>\n<p>Lire aussi :<\/p>\n<p>Dans cet article<\/p>\n<p>    Vincent Lalanne-Sicaud\n<\/p>\n<p>    MotoGP\n<\/p>\n<p>    Fabio Di Giannantonio\n<\/p>\n<p>    Team VR46\n<\/p>\n<p>Soyez le premier inform\u00e9 et souscrivez aux alertes mails pour recevoir les infos en temps r\u00e9el<\/p>\n<p>    S&rsquo;abonner aux alertes de news<\/p>\n","protected":false},"excerpt":{"rendered":"Un week-end mal embarqu\u00e9 s&rsquo;est finalement conclu sur des r\u00e9sultats encourageants pour Fabio Di Giannantonio, bien qu&rsquo;inf\u00e9rieurs \u00e0&hellip;\n","protected":false},"author":2,"featured_media":104493,"comment_status":"","ping_status":"","sticky":false,"template":"","format":"standard","meta":{"footnotes":""},"categories":[1413],"tags":[7277,1011,27,15545,15546,1457,1456,1458,60,7276],"class_list":{"0":"post-104492","1":"post","2":"type-post","3":"status-publish","4":"format-standard","5":"has-post-thumbnail","7":"category-moto","8":"tag-fabio-di-giannantonio","9":"tag-fr","10":"tag-france","11":"tag-gp-de-france","12":"tag-le-mans-circuit-bugatti","13":"tag-moto","14":"tag-motocycle","15":"tag-motogp","16":"tag-sports","17":"tag-team-vr46"},"share_on_mastodon":{"url":"https:\/\/pubeurope.com\/@fr\/114517731125181181","error":""},"_links":{"self":[{"href":"https:\/\/www.europesays.com\/fr\/wp-json\/wp\/v2\/posts\/104492","targetHints":{"allow":["GET"]}}],"collection":[{"href":"https:\/\/www.europesays.com\/fr\/wp-json\/wp\/v2\/posts"}],"about":[{"href":"https:\/\/www.europesays.com\/fr\/wp-json\/wp\/v2\/types\/post"}],"author":[{"embeddable":true,"href":"https:\/\/www.europesays.com\/fr\/wp-json\/wp\/v2\/users\/2"}],"replies":[{"embeddable":true,"href":"https:\/\/www.europesays.com\/fr\/wp-json\/wp\/v2\/comments?post=104492"}],"version-history":[{"count":0,"href":"https:\/\/www.europesays.com\/fr\/wp-json\/wp\/v2\/posts\/104492\/revisions"}],"wp:featuredmedia":[{"embeddable":true,"href":"https:\/\/www.europesays.com\/fr\/wp-json\/wp\/v2\/media\/104493"}],"wp:attachment":[{"href":"https:\/\/www.europesays.com\/fr\/wp-json\/wp\/v2\/media?parent=104492"}],"wp:term":[{"taxonomy":"category","embeddable":true,"href":"https:\/\/www.europesays.com\/fr\/wp-json\/wp\/v2\/categories?post=104492"},{"taxonomy":"post_tag","embeddable":true,"href":"https:\/\/www.europesays.com\/fr\/wp-json\/wp\/v2\/tags?post=104492"}],"curies":[{"name":"wp","href":"https:\/\/api.w.org\/{rel}","templated":true}]}}