{"id":104502,"date":"2025-05-16T13:28:14","date_gmt":"2025-05-16T13:28:14","guid":{"rendered":"https:\/\/www.europesays.com\/fr\/104502\/"},"modified":"2025-05-16T13:28:14","modified_gmt":"2025-05-16T13:28:14","slug":"le-graffeur-noyps-devoile-ses-fresques-sur-le-parvis-du-velodrome","status":"publish","type":"post","link":"https:\/\/www.europesays.com\/fr\/104502\/","title":{"rendered":"le graffeur Noyps d\u00e9voile ses fresques sur le parvis du V\u00e9lodrome"},"content":{"rendered":"<p>Faire de l\u2019<a href=\"https:\/\/www.laprovence.com\/article\/politique\/6752969776081715\/benoit-payan-lesplanade-du-stade-velodrome-portera-le-nom-de-bernard-tapie\" target=\"_blank\" rel=\"noopener\">esplanade Bernard Tapie<\/a>, au V\u00e9lodrome, un lieu (encore plus) f\u00e9d\u00e9rateur. Le d\u00e9fi lanc\u00e9 \u00e0 Noyps, le graffeur marseillais qui avait r\u00e9alis\u00e9, avec les South Winners, le <a href=\"https:\/\/www.laprovence.com\/article\/sports\/8049568026428814\/flamme-a-marseille-belem-tifo-patrouille-de-france-feux-dartifice-jul-en-surprise-la-ceremonie-en-images\" target=\"_blank\" rel=\"noopener\">tifo pour l\u2019arriv\u00e9e de la flamme olympique<\/a> l\u2019an dernier, est r\u00e9ussi. Deux blocs de b\u00e9ton aux allures de bunker tr\u00f4naient l\u00e0, rendant les abords de la \u00ab\u00a0maison des Marseillais\u00a0\u00bb un peu triste.<\/p>\n<p>En guise de \u00ab\u00a0clin d\u2019\u0153il \u00e0 notre histoire commune\u00a0\u00bb, qui unit les <a href=\"https:\/\/www.laprovence.com\/article\/om\/69105559719526\/lom-vers-un-nouveau-record-dabonnements-au-stade-velodrome\" target=\"_blank\" rel=\"noopener\">49\u00a0000 abonn\u00e9s du V\u00e9lodrome<\/a> derri\u00e8re leurs couleurs, le bleu et le blanc, Noyps a pass\u00e9 une semaine \u00e0 dessiner, sur ces blocs recouverts de stickers \u00e0 l\u2019effigie des associations de supporters, deux \u00ab\u00a0ensembles picturaux\u00a0\u00bb.<\/p>\n<p>Le pass\u00e9 du V\u00e9lodrome et les grandes victoires de l&rsquo;OM<\/p>\n<p>Le premier est un fond graphique sur lequel on voit le stade V\u00e9lodrome des ann\u00e9es\u00a01930 et une vue ext\u00e9rieure de l\u2019ancienne entr\u00e9e du stade qui a accueilli les grandes comp\u00e9titions de v\u00e9lo fran\u00e7aises jusqu\u2019en 1967. La seconde fresque revendique la <a href=\"https:\/\/www.laprovence.com\/article\/om\/674388824966715\/cetait-le-26-mai-1993-bravissimo-un-bonheur-fou-nos-articles-depoque-apres-la-victoire-de-lom-en-ligue-des-champions\" target=\"_blank\" rel=\"noopener\">victoire en Ligue des Champions 1993<\/a> par l\u2019\u00e9quipe de Basile Boli, mais aussi le titre de la ligue 1, remport\u00e9e par la bande \u00e0 Deschamps en 2010.<\/p>\n<p>\u00ab\u00a0J\u2019ai \u00e9galement ajout\u00e9 des \u00e9l\u00e9ments comme le portrait du chevalier Roze, un noble n\u00e9 au XVIIe si\u00e8cle qui s\u2019est illustr\u00e9 pendant l\u2019\u00e9pid\u00e9mie de peste ayant frapp\u00e9 Marseille en 1720, ou le boxeur marseillais Raymond Grassi\u00a0\u00bb, encha\u00eene Noyps. Cerise sur le g\u00e2teau, les sept groupes historiques de supporters sont repr\u00e9sent\u00e9s non loin du logo de l\u2019OM \u00e0 l\u2019\u00e9poque de Jean Bouin, en 1910, mani\u00e8re de rappeler que la passion ne souffre ni du temps ni des revirements de performances ou de dirigeants.<\/p>\n","protected":false},"excerpt":{"rendered":"Faire de l\u2019esplanade Bernard Tapie, au V\u00e9lodrome, un lieu (encore plus) f\u00e9d\u00e9rateur. Le d\u00e9fi lanc\u00e9 \u00e0 Noyps, le&hellip;\n","protected":false},"author":2,"featured_media":104503,"comment_status":"","ping_status":"","sticky":false,"template":"","format":"standard","meta":{"footnotes":""},"categories":[1358],"tags":[17,1348,1384,1385,22124,22125,1386,58,59,1011,27,9570,937,14455,22126,16,9066],"class_list":{"0":"post-104502","1":"post","2":"type-post","3":"status-publish","4":"format-standard","5":"has-post-thumbnail","7":"category-arts-et-design","8":"tag-17","9":"tag-arts","10":"tag-arts-and-design","11":"tag-arts-et-design","12":"tag-clin","13":"tag-doeil","14":"tag-design","15":"tag-divertissement","16":"tag-entertainment","17":"tag-fr","18":"tag-france","19":"tag-graffeur","20":"tag-histoire","21":"tag-notre","22":"tag-noyps","23":"tag-region","24":"tag-un"},"share_on_mastodon":{"url":"https:\/\/pubeurope.com\/@fr\/114517750763840285","error":""},"_links":{"self":[{"href":"https:\/\/www.europesays.com\/fr\/wp-json\/wp\/v2\/posts\/104502","targetHints":{"allow":["GET"]}}],"collection":[{"href":"https:\/\/www.europesays.com\/fr\/wp-json\/wp\/v2\/posts"}],"about":[{"href":"https:\/\/www.europesays.com\/fr\/wp-json\/wp\/v2\/types\/post"}],"author":[{"embeddable":true,"href":"https:\/\/www.europesays.com\/fr\/wp-json\/wp\/v2\/users\/2"}],"replies":[{"embeddable":true,"href":"https:\/\/www.europesays.com\/fr\/wp-json\/wp\/v2\/comments?post=104502"}],"version-history":[{"count":0,"href":"https:\/\/www.europesays.com\/fr\/wp-json\/wp\/v2\/posts\/104502\/revisions"}],"wp:featuredmedia":[{"embeddable":true,"href":"https:\/\/www.europesays.com\/fr\/wp-json\/wp\/v2\/media\/104503"}],"wp:attachment":[{"href":"https:\/\/www.europesays.com\/fr\/wp-json\/wp\/v2\/media?parent=104502"}],"wp:term":[{"taxonomy":"category","embeddable":true,"href":"https:\/\/www.europesays.com\/fr\/wp-json\/wp\/v2\/categories?post=104502"},{"taxonomy":"post_tag","embeddable":true,"href":"https:\/\/www.europesays.com\/fr\/wp-json\/wp\/v2\/tags?post=104502"}],"curies":[{"name":"wp","href":"https:\/\/api.w.org\/{rel}","templated":true}]}}