{"id":104506,"date":"2025-05-16T13:30:08","date_gmt":"2025-05-16T13:30:08","guid":{"rendered":"https:\/\/www.europesays.com\/fr\/104506\/"},"modified":"2025-05-16T13:30:08","modified_gmt":"2025-05-16T13:30:08","slug":"critique-de-la-petite-derniere-le-film-de-hafsia-herzi-en-competition-au-festival-de-cannes-2025","status":"publish","type":"post","link":"https:\/\/www.europesays.com\/fr\/104506\/","title":{"rendered":"Critique de La Petite derni\u00e8re, le film de Hafsia Herzi en comp\u00e9tition au Festival de Cannes 2025"},"content":{"rendered":"<p>\u00ab Les m\u00e9dias ont rendu visible mon travail, et en m\u00eame temps une partie de celui-ci s\u2019est perdue. \u00bb En 2020, <strong>Fatima Daas<\/strong> arrivait avec fracas sur la sc\u00e8ne litt\u00e9raire fran\u00e7aise avec un premier livre, La Petite derni\u00e8re, racontant sa qu\u00eate d\u2019identit\u00e9 en tant que femme, lesbienne, musulmane, banlieusarde, d\u2019origine alg\u00e9rienne. Une autofiction envoyant valser \u00e0 la fois les clich\u00e9s et les codes formels. Mais sa complexit\u00e9 a souvent \u00e9t\u00e9 effac\u00e9e au profit de raccourcis ou de questions racoleuses.<\/p>\n<p>Il fallait une artiste libre, \u00e0 la curiosit\u00e9 et la sensibilit\u00e9 aff\u00fbt\u00e9es, pour remettre ce r\u00e9cit \u00e0 sa juste place dans le cadre d&rsquo;une adaptation sur grand \u00e9cran. Pour son troisi\u00e8me long-m\u00e9trage en tant que r\u00e9alisatrice, <a href=\"https:\/\/www.vanityfair.fr\/galerie\/hafsia-herzi-meilleure-actrice-cesar-2025\" target=\"_blank\" rel=\"noopener\"><strong>Hafsia Herzi<\/strong><\/a> s&#8217;empare pour la premi\u00e8re fois d&rsquo;un texte n\u00e9 sous la plume d&rsquo;une autre, apr\u00e8s les tr\u00e8s personnels Tu m\u00e9rites un amour, sur une femme d\u00e9vast\u00e9e par une peine de c\u0153ur, et Bonne m\u00e8re, un hommage marseillais aux mamans solos. Le <a href=\"https:\/\/www.vanityfair.fr\/dossier\/festival-de-cannes\" isautogenerated=\"true\" target=\"_blank\" rel=\"noopener\">Festival de Cannes<\/a> a vu juste en le s\u00e9lectionnant en comp\u00e9tition : c&rsquo;est un portrait d&rsquo;une tendresse et justesse folles, le meilleur film de la cin\u00e9aste et l&rsquo;aboutissement d&rsquo;un talent entrevu d\u00e8s ses d\u00e9buts derri\u00e8re la cam\u00e9ra.<\/p>\n<p>Chaque chapitre de La Petite derni\u00e8re commence par un m\u00eame leitmotiv : \u00ab Je m&rsquo;appelle Fatima Daas. \u00bb Hafsia Herzi fait, elle, un choix tr\u00e8s symbolique : elle ouvre son film sur une pri\u00e8re, une image d&rsquo;une adolescente film\u00e9e de dos, puis de profil sous son voile comme en ombre chinoise. Puis l&rsquo;h\u00e9ro\u00efne, jou\u00e9e par <strong>Nadia Melliti<\/strong>, enfile son second uniforme : casquette, queue de cheval et sweat \u00e0 capuche. Au lyc\u00e9e, elle se fond au milieu d&rsquo;une bande de gar\u00e7ons aimant raconter ses exploits sexuels entre deux sorties homophobes. Le reste de son entourage lui reproche de ne pas \u00eatre assez f\u00e9minine. Comment s&rsquo;\u00e9manciper dans ces conditions ? Fatima sait qu&rsquo;elle aime les filles, mais sa rencontre avec Ji-Na (<a href=\"https:\/\/www.vanityfair.fr\/culture\/article\/park-ji-min-la-revelation-fulgurante-du-film-retour-a-seoul\" target=\"_blank\" rel=\"noopener\">Park Ji-Min<\/a>), infirmi\u00e8re et artiste, va marquer son v\u00e9ritable \u00e9veil amoureux et sexuel.<\/p>\n<p>On a souvent d\u00e9cel\u00e9 l&rsquo;influence d&rsquo;<a href=\"https:\/\/www.vanityfair.fr\/dossier\/abdellatif-kechiche\" isautogenerated=\"true\" target=\"_blank\" rel=\"noopener\">Abdellatif Kechiche<\/a>, le r\u00e9alisateur qui l&rsquo;a r\u00e9v\u00e9l\u00e9e dans La Graine et le mulet, dans le cin\u00e9ma de Hafsia Herzi. Ils partagent ce m\u00eame go\u00fbt pour les nouveaux visages, les longues sc\u00e8nes, la qu\u00eate du naturel et du spontan\u00e9. Pourtant, La Petite derni\u00e8re ne pourrait pas \u00eatre plus \u00e9loign\u00e9 de La Vie d&rsquo;Ad\u00e8le, malgr\u00e9 des th\u00e9matiques partag\u00e9es et quelques passages en \u00e9cho : Fatima d\u00e9vorant ses nouilles comme <a href=\"https:\/\/www.vanityfair.fr\/dossier\/adele-exarchopoulos\" isautogenerated=\"true\" target=\"_blank\" rel=\"noopener\">Ad\u00e8le Exarchopoulos<\/a> avec ses spaghettis, le d\u00e9fil\u00e9 de la gay pride. Aucune sc\u00e8ne de sexe explicite ou gratuite. La cin\u00e9aste privil\u00e9gie les mots et des baisers langoureux pour raconter la d\u00e9couverte de la chair et de la passion. C&rsquo;est un film d&rsquo;\u00e9treintes et de regards, passant de nuances de bleu-gris aux teintes orang\u00e9es de la nuit. On sent l&rsquo;affection qu&rsquo;elle porte \u00e0 son actrice, rien que dans la mani\u00e8re dont elle la saisit dans sa solitude. Exemple : la sc\u00e8ne o\u00f9 Fatima est assise, pensive, au bord du lit, son amoureuse allong\u00e9e derri\u00e8re elle. C&rsquo;est beau comme un tableau en clair-obscur. D&rsquo;autant que Nadia Melliti et Park Ji-Min livrent tout le long une partition parfaite.<\/p>\n<p>R\u00e9cit d&rsquo;\u00e9mancipation oblige, le film tend vers un point de bascule et d&rsquo;affranchissement. La deuxi\u00e8me partie, centr\u00e9e sur l&rsquo;arriv\u00e9e de Fatima \u00e0 l&rsquo;universit\u00e9, pourrait jouer ce r\u00f4le. Apr\u00e8s tout, la jeune femme est extirp\u00e9e de son milieu social pour atterrir dans un cadre moins divers, mais plus bourgeois et queer. Hafsia Herzi rejette toutefois l&rsquo;id\u00e9e d&rsquo;une lin\u00e9arit\u00e9 et d&rsquo;une r\u00e9solution. Elle laisse les chemins ouverts, de la m\u00eame mani\u00e8re qu&rsquo;elle explore les identit\u00e9s de son h\u00e9ro\u00efne dans une logique de co-existence et non de contradiction. Dans plusieurs interviews, la r\u00e9alisatrice confiait avoir \u00e9t\u00e9 attir\u00e9e par le caract\u00e8re in\u00e9dit du projet et du personnage. Et il est vrai que La Petite derni\u00e8re embrasse une multiplicit\u00e9 rare dans le cin\u00e9ma fran\u00e7ais, rien que dans son exploration parall\u00e8le du spirituel et du charnel. S&rsquo;il n&rsquo;y a aucune revendication politique dans le geste de la metteuse en sc\u00e8ne, La Petite derni\u00e8re est un petit miracle dans un contexte o\u00f9 l&rsquo;intol\u00e9rance est devenue la norme.<\/p>\n","protected":false},"excerpt":{"rendered":"\u00ab Les m\u00e9dias ont rendu visible mon travail, et en m\u00eame temps une partie de celui-ci s\u2019est perdue.&hellip;\n","protected":false},"author":2,"featured_media":104507,"comment_status":"","ping_status":"","sticky":false,"template":"","format":"standard","meta":{"footnotes":""},"categories":[1356],"tags":[58,59,5634,1011,27,252,1364],"class_list":{"0":"post-104506","1":"post","2":"type-post","3":"status-publish","4":"format-standard","5":"has-post-thumbnail","7":"category-television","8":"tag-divertissement","9":"tag-entertainment","10":"tag-festival-de-cannes","11":"tag-fr","12":"tag-france","13":"tag-television","14":"tag-tv"},"share_on_mastodon":{"url":"https:\/\/pubeurope.com\/@fr\/114517758779666196","error":""},"_links":{"self":[{"href":"https:\/\/www.europesays.com\/fr\/wp-json\/wp\/v2\/posts\/104506","targetHints":{"allow":["GET"]}}],"collection":[{"href":"https:\/\/www.europesays.com\/fr\/wp-json\/wp\/v2\/posts"}],"about":[{"href":"https:\/\/www.europesays.com\/fr\/wp-json\/wp\/v2\/types\/post"}],"author":[{"embeddable":true,"href":"https:\/\/www.europesays.com\/fr\/wp-json\/wp\/v2\/users\/2"}],"replies":[{"embeddable":true,"href":"https:\/\/www.europesays.com\/fr\/wp-json\/wp\/v2\/comments?post=104506"}],"version-history":[{"count":0,"href":"https:\/\/www.europesays.com\/fr\/wp-json\/wp\/v2\/posts\/104506\/revisions"}],"wp:featuredmedia":[{"embeddable":true,"href":"https:\/\/www.europesays.com\/fr\/wp-json\/wp\/v2\/media\/104507"}],"wp:attachment":[{"href":"https:\/\/www.europesays.com\/fr\/wp-json\/wp\/v2\/media?parent=104506"}],"wp:term":[{"taxonomy":"category","embeddable":true,"href":"https:\/\/www.europesays.com\/fr\/wp-json\/wp\/v2\/categories?post=104506"},{"taxonomy":"post_tag","embeddable":true,"href":"https:\/\/www.europesays.com\/fr\/wp-json\/wp\/v2\/tags?post=104506"}],"curies":[{"name":"wp","href":"https:\/\/api.w.org\/{rel}","templated":true}]}}