{"id":10452,"date":"2025-04-08T14:48:13","date_gmt":"2025-04-08T14:48:13","guid":{"rendered":"https:\/\/www.europesays.com\/fr\/10452\/"},"modified":"2025-04-08T14:48:13","modified_gmt":"2025-04-08T14:48:13","slug":"francesca-albanese-israel-commet-un-genocide-il-faut-cesser-de-le-traiter-comme-un-etat-normal-mediapart","status":"publish","type":"post","link":"https:\/\/www.europesays.com\/fr\/10452\/","title":{"rendered":"Francesca Albanese : \u00ab Isra\u00ebl commet un g\u00e9nocide, il faut cesser de le traiter comme un \u00c9tat normal &#8211; Mediapart"},"content":{"rendered":"<ol>\n<li><a href=\"https:\/\/news.google.com\/rss\/articles\/CBMi4gFBVV95cUxOb2tKWjI4SHZTdk1GRGNyWjVLWDB5S1M3djBJZ0lVNWlkaUhneEJJQnVOV0wyUmlLWHV6Y2lDMWRPRXA2aF8tYkFUNlpiVkVwREpCZU9XVy03a2hnb1hhelVKeGxxa3laUmFObjM5QTdOSWpqV0x2WDRfd2tQSEt0eHVYcWJnd0JkUmJnSllsVUdsazNkb0tUcXNqLUp6WHZyYjVqMUotcVJwdG1VYmwzS2FEbXlHYkJCdWoyd0R2OFRabWtCX3Vhblk2Y1pmNTFZa2ZXbHRQT3FrellpLU5tdkNB?oc=5\" target=\"_blank\" rel=\"nofollow noopener\">Francesca Albanese : \u00ab Isra\u00ebl commet un g\u00e9nocide, il faut cesser de le traiter comme un \u00c9tat normal<\/a>&nbsp;&nbsp;Mediapart<\/li>\n<li><a href=\"https:\/\/news.google.com\/rss\/articles\/CBMi4AFBVV95cUxNY2JZMUtHWHFDOG8telFUVU03V1JvdnBObmRxWTVfMGcwTTEzeVFzMnV5SHVrUVVvWWpOYWZNczNWYmdxdHhYbG1UUk9GaTBkQ0ktTkRoNWdRRjktaE5EandkTUU4Wm9vZnVNOFRldl9HUHRXWDZYbHRRbXZFREVOVWdFVFVjLUkyd0s4VzFhazdmSUlySVBhYTltVU9lUXZrV3NPQmJZT1lvX3RmaV91eGpEVEdNUEd2dWFVZ2xtb05VUWNnZW9JQzdfaWlHN3lyUnlWeTVTMWhaMkVub3lzRA?oc=5\" target=\"_blank\" rel=\"nofollow noopener\">Guerre au Proche-Orient : la France, l&rsquo;Egypte, la Jordanie et l&rsquo;ONU demandent une reprise de la tr\u00eave<\/a>&nbsp;&nbsp;L&rsquo;Ind\u00e9pendant<\/li>\n<li><a href=\"https:\/\/news.google.com\/rss\/articles\/CBMi6AFBVV95cUxNMXNGN2tzQ3BhRVIxSWpNaTFhTXFrSi1rZS0zVm42RV9sTDhrQjIzcld1VXdGZ0dGTUxEVnVrcnoxM3gxXzRaQlRBVFBEU3J6YTRsQ0p1d1dCdUZKb1JiMjNQeVNyMTZldDVXWHg5cUl6Z25iYmlsRTdrTUh1QUFGdFdLQjR0ZGFrU3NxN0NPbWJ0MVlLbmJLaEZXTTNPNmpYUWszeGs0ek5IRXk1bU80c2hncWhYeWoxQnU4S25pSVpBcDIzNi00bjZIZ19GWDV0VW5kSjNsNm9sR3duZDVZQlhCaDJ4eUxa?oc=5\" target=\"_blank\" rel=\"nofollow noopener\">Journal d\u2019une Gazaouie : \u00abUne peur comme jamais auparavant m\u2019envahit\u00bb<\/a>&nbsp;&nbsp;Lib\u00e9ration<\/li>\n<li><a href=\"https:\/\/news.google.com\/rss\/articles\/CBMiuwFBVV95cUxQOEF6UUVCeS1uV2UwQklCdmJudjZjVy1iZVNkM0ZYek9sMUZURy02YkVHNDZCY0pYdHJHWlQtQWVzMHctZHNPcFh6MjY2THNIcFRRd0xaNXpGSnQwWEtOZ1QyeThsY0NDVF9XcldQcXhxN0FaY0syS1BPOU5wQTFXSTlIakZhSFdPdlZMZWlBajRjSDRTaUxIM0o2TUJaaE1BcFU5dWhzLV9MQy1jdldxcGpFTzZ6ZU1iQjhZ?oc=5\" target=\"_blank\" rel=\"nofollow noopener\">Conflit au Proche-Orient, jour 549 : ce qu\u2019il faut retenir de la situation de ce lundi 7 avril<\/a>&nbsp;&nbsp;La Croix<\/li>\n<li><a href=\"https:\/\/news.google.com\/rss\/articles\/CBMi0wFBVV95cUxOYVBMZ2IzVHlhS3ZGTFVGeWZZbUFtckw2M0tKZWtfZ0dJeG1XN2hweG8yUG83Yl8wUW5jS2xlc3M3NFJxUFBmc3hidGU5ZGxJVEQwdGEzMDFiemZRcFh3OFM1UUZXcVNvSVVuY0xIZHJfSENGb1Zrb3hfU1hxLWduaHl3eUVPdGhoc2NpQjN1ZGpGSjFjbGZQckQwbVczVzdhYkdjTEcwZGVha0ZkSWxydGhCZG8tamlZY0VmaWVOcFdNMnh2aFBfdGthTlFsUjI0eFRn?oc=5\" target=\"_blank\" rel=\"nofollow noopener\">Guerre \u00e0 Gaza : pr\u00e8s de 400 000 d\u00e9plac\u00e9s depuis la fin du cessez-le-feu, selon l\u2019ONU<\/a>&nbsp;&nbsp;Le Nouvel Obs<\/li>\n<\/ol>\n","protected":false},"excerpt":{"rendered":"Francesca Albanese : \u00ab Isra\u00ebl commet un g\u00e9nocide, il faut cesser de le traiter comme un \u00c9tat normal&nbsp;&nbsp;Mediapart&hellip;\n","protected":false},"author":2,"featured_media":10453,"comment_status":"","ping_status":"","sticky":false,"template":"","format":"standard","meta":{"footnotes":""},"categories":[5],"tags":[11,1011,27,5105,665,5106,14,664,12,31,28],"class_list":{"0":"post-10452","1":"post","2":"type-post","3":"status-publish","4":"format-standard","5":"has-post-thumbnail","7":"category-international","8":"tag-actualites","9":"tag-fr","10":"tag-france","11":"tag-francesca-albanese","12":"tag-gaza","13":"tag-guerre-au-proche-orient","14":"tag-international","15":"tag-israel","16":"tag-news","17":"tag-proche-et-moyen-orient","18":"tag-world"},"share_on_mastodon":{"url":"https:\/\/pubeurope.com\/@fr\/114302897543762370","error":""},"_links":{"self":[{"href":"https:\/\/www.europesays.com\/fr\/wp-json\/wp\/v2\/posts\/10452","targetHints":{"allow":["GET"]}}],"collection":[{"href":"https:\/\/www.europesays.com\/fr\/wp-json\/wp\/v2\/posts"}],"about":[{"href":"https:\/\/www.europesays.com\/fr\/wp-json\/wp\/v2\/types\/post"}],"author":[{"embeddable":true,"href":"https:\/\/www.europesays.com\/fr\/wp-json\/wp\/v2\/users\/2"}],"replies":[{"embeddable":true,"href":"https:\/\/www.europesays.com\/fr\/wp-json\/wp\/v2\/comments?post=10452"}],"version-history":[{"count":0,"href":"https:\/\/www.europesays.com\/fr\/wp-json\/wp\/v2\/posts\/10452\/revisions"}],"wp:featuredmedia":[{"embeddable":true,"href":"https:\/\/www.europesays.com\/fr\/wp-json\/wp\/v2\/media\/10453"}],"wp:attachment":[{"href":"https:\/\/www.europesays.com\/fr\/wp-json\/wp\/v2\/media?parent=10452"}],"wp:term":[{"taxonomy":"category","embeddable":true,"href":"https:\/\/www.europesays.com\/fr\/wp-json\/wp\/v2\/categories?post=10452"},{"taxonomy":"post_tag","embeddable":true,"href":"https:\/\/www.europesays.com\/fr\/wp-json\/wp\/v2\/tags?post=10452"}],"curies":[{"name":"wp","href":"https:\/\/api.w.org\/{rel}","templated":true}]}}