{"id":104536,"date":"2025-05-16T13:46:07","date_gmt":"2025-05-16T13:46:07","guid":{"rendered":"https:\/\/www.europesays.com\/fr\/104536\/"},"modified":"2025-05-16T13:46:07","modified_gmt":"2025-05-16T13:46:07","slug":"la-nouvelle-enseigne-de-toulon-pour-la-mobilite-electrique","status":"publish","type":"post","link":"https:\/\/www.europesays.com\/fr\/104536\/","title":{"rendered":"la nouvelle enseigne de Toulon pour la mobilit\u00e9 \u00e9lectrique"},"content":{"rendered":"<p>            Par<br \/>\n        <strong><br \/>\n            <a href=\"https:\/\/actu.fr\/auteur\/valentine-exantus-actu-fr\" title=\"Consulter tous les articles de Valentine Exantus\" rel=\"nofollow noopener\" target=\"_blank\">Valentine Exantus<\/a><br \/>\n        <\/strong><\/p>\n<p>        Publi\u00e9 le<\/p>\n<p>            16 mai 2025 \u00e0 15h38        <\/p>\n<p>Depuis avril\u00a02025, <a href=\"https:\/\/actu.fr\/provence-alpes-cote-d-azur\/toulon_83137\" rel=\"nofollow noopener\" target=\"_blank\">Toulon<\/a> (<a href=\"https:\/\/actu.fr\/provence-alpes-cote-d-azur\/var_83\" rel=\"nofollow noopener\" target=\"_blank\">Var<\/a>) a accueilli <strong>Scoot &amp; You<\/strong>, une enseigne d\u00e9di\u00e9e \u00e0 la location de scooters \u00e9lectriques, rapporte <a href=\"https:\/\/www.varmatin.com\/vie-locale\/une-nouvelle-adresse-pour-rouler-en-electrique-985642\" rel=\"nofollow noopener\" target=\"_blank\">Var-matin<\/a>. Une \u00e9tape importante dans la promotion de la mobilit\u00e9 durable dans le Var.<\/p>\n<p class=\" wall-content\">Situ\u00e9e en plein centre-ville, au 19, rue Chevalier-Paul, cette boutique offre une solution pratique aux habitants et aux visiteurs souhaitant se d\u00e9placer \u00e9cologiquement.<\/p>\n<p>Un projet entrepreneurial<\/p>\n<p class=\" wall-content\">Mathieu Joly, le g\u00e9rant de 24\u00a0ans, est un Toulonnais passionn\u00e9 qui a pris l\u2019initiative de g\u00e9rer ce projet. Ancien cuisinier dans la Marine nationale, il a saisi l\u2019opportunit\u00e9 d\u2019investir dans cette enseigne, r\u00eav\u00e9e par son p\u00e8re et un de ses amis. \u00ab\u2009J\u2019ai toujours voulu lancer un projet comme celui-ci \u00e0 Toulon,\u2009\u00bb confie-t-il, d\u00e9sireux de contribuer \u00e0 la transition \u00e9nerg\u00e9tique de sa ville.<\/p>\n<p>Des scooters adapt\u00e9s \u00e0 tous les besoins<\/p>\n<p class=\" wall-content\">Scoot &amp; You propose deux mod\u00e8les de scooters con\u00e7us pour divers usages. Le mod\u00e8le E-opai, avec une autonomie de 100 kilom\u00e8tres gr\u00e2ce \u00e0 ses deux batteries, est id\u00e9al pour des trajets comme ceux vers le mont Faron ou Le Castellet.<\/p>\n<p>    <a href=\"https:\/\/www.facebook.com\/plugins\/post.php?href=https%3A%2F%2Fwww.facebook.com%2Fpermalink.php%3Fstory_fbid%3D122141532632793603%26id%3D61573808092815&amp;show_text=true&amp;width=350\" title=\"Ouvrie le lien\" rel=\"nofollow noopener\" target=\"_blank\">Cliquez ici pour visualiser le contenu<\/a><\/p>\n<p class=\" wall-content\">L\u2019Emma Vibes, plus l\u00e9ger et compact, avec un design attrayant.<\/p>\n<p>Vid\u00e9os : en ce moment sur Actu<\/p>\n<p class=\" wall-content\">Les tarifs commencent \u00e0 25\u00a0euros pour une demi-journ\u00e9e et 40\u00a0euros pour une journ\u00e9e compl\u00e8te, avec des formules avantageuses pour les professionnels.<\/p>\n<p>Un large public vis\u00e9<\/p>\n<p class=\" wall-content\">Ce service s\u2019adresse non seulement aux particuliers, mais aussi aux professionnels du secteur, notamment aux restaurateurs et h\u00f4tels. Mathieu Joly a \u00e9galement pr\u00e9vu des circuits touristiques pour permettre aux utilisateurs de d\u00e9couvrir les merveilles de Toulon, comme les plages du Mourillon, tout en profitant d\u2019une exp\u00e9rience de conduite agr\u00e9able.<\/p>\n<p>Un entrepreneur engag\u00e9<\/p>\n<p class=\" wall-content\">Mathieu Joly, ayant \u0153uvr\u00e9 dans des projets de nettoyage en Nouvelle-Cal\u00e9donie, souhaite aujourd\u2019hui int\u00e9grer cette conscience \u00e9cologique dans son entreprise. \u00ab\u2009Il faut penser \u00e0 la transition \u00e9nerg\u00e9tique, l\u2019\u00e9lectrique c\u2019est l\u2019avenir,\u2009\u00bb affirme-t-il<\/p>\n<p class=\" wall-content\">En cas de probl\u00e8me technique, comme une panne ou un oubli de charge, Mathieu se d\u00e9place rapidement pour r\u00e9soudre les soucis et garantir la satisfaction des clients.<\/p>\n<p>Ouvert tous les jours, sauf le lundi.<br \/>Du mardi au samedi de 9\u2009h \u00e0 17\u2009h\u200930 et le dimanche de 10\u2009h \u00e0 17\u2009h.<\/p>\n<p class=\" wall-content\">Suivez toute l\u2019actualit\u00e9 de vos villes et m\u00e9dias favoris en vous inscrivant \u00e0 <a href=\"https:\/\/moncompte.actu.fr\" title=\"D\u00e9couvez Mon Actu\" rel=\"nofollow noopener\" data-trk=\"{&quot;cta&quot;:{&quot;action&quot;:&quot;https:\\\/\\\/moncompte.actu.fr&quot;,&quot;category&quot;:&quot;mon compte&quot;,&quot;from&quot;:&quot;article footer&quot;,&quot;name&quot;:&quot;Mon actu&quot;,&quot;type&quot;:&quot;cta&quot;}}\" target=\"_blank\">Mon Actu<\/a>.<\/p>\n","protected":false},"excerpt":{"rendered":"Par Valentine Exantus Publi\u00e9 le 16 mai 2025 \u00e0 15h38 Depuis avril\u00a02025, Toulon (Var) a accueilli Scoot &amp;&hellip;\n","protected":false},"author":2,"featured_media":104537,"comment_status":"","ping_status":"","sticky":false,"template":"","format":"standard","meta":{"footnotes":""},"categories":[9619],"tags":[1111,11,215,33,436,1777,674,1011,27,12,882,25,2310,602],"class_list":{"0":"post-104536","1":"post","2":"type-post","3":"status-publish","4":"format-standard","5":"has-post-thumbnail","7":"category-toulon","8":"tag-actu","9":"tag-actualites","10":"tag-commerce","11":"tag-economie","12":"tag-environnement","13":"tag-eu","14":"tag-europe","15":"tag-fr","16":"tag-france","17":"tag-news","18":"tag-provence-alpes-cote-dazur","19":"tag-republique-francaise","20":"tag-toulon","21":"tag-tourisme"},"share_on_mastodon":{"url":"https:\/\/pubeurope.com\/@fr\/114517821568517527","error":""},"_links":{"self":[{"href":"https:\/\/www.europesays.com\/fr\/wp-json\/wp\/v2\/posts\/104536","targetHints":{"allow":["GET"]}}],"collection":[{"href":"https:\/\/www.europesays.com\/fr\/wp-json\/wp\/v2\/posts"}],"about":[{"href":"https:\/\/www.europesays.com\/fr\/wp-json\/wp\/v2\/types\/post"}],"author":[{"embeddable":true,"href":"https:\/\/www.europesays.com\/fr\/wp-json\/wp\/v2\/users\/2"}],"replies":[{"embeddable":true,"href":"https:\/\/www.europesays.com\/fr\/wp-json\/wp\/v2\/comments?post=104536"}],"version-history":[{"count":0,"href":"https:\/\/www.europesays.com\/fr\/wp-json\/wp\/v2\/posts\/104536\/revisions"}],"wp:featuredmedia":[{"embeddable":true,"href":"https:\/\/www.europesays.com\/fr\/wp-json\/wp\/v2\/media\/104537"}],"wp:attachment":[{"href":"https:\/\/www.europesays.com\/fr\/wp-json\/wp\/v2\/media?parent=104536"}],"wp:term":[{"taxonomy":"category","embeddable":true,"href":"https:\/\/www.europesays.com\/fr\/wp-json\/wp\/v2\/categories?post=104536"},{"taxonomy":"post_tag","embeddable":true,"href":"https:\/\/www.europesays.com\/fr\/wp-json\/wp\/v2\/tags?post=104536"}],"curies":[{"name":"wp","href":"https:\/\/api.w.org\/{rel}","templated":true}]}}