{"id":10454,"date":"2025-04-08T14:49:15","date_gmt":"2025-04-08T14:49:15","guid":{"rendered":"https:\/\/www.europesays.com\/fr\/10454\/"},"modified":"2025-04-08T14:49:15","modified_gmt":"2025-04-08T14:49:15","slug":"la-perpetuite-pour-laccuse-reconnu-coupable-de-tentative-dassassinats","status":"publish","type":"post","link":"https:\/\/www.europesays.com\/fr\/10454\/","title":{"rendered":"la perp\u00e9tuit\u00e9 pour l&rsquo;accus\u00e9 reconnu coupable de tentative d&rsquo;assassinats"},"content":{"rendered":"<p>Silencieux durant tout son proc\u00e8s, Mohamed Hichem Medjdoub, 29 ans, a fini par parler. Jug\u00e9 devant la <a href=\"https:\/\/www.lyonmag.com\/article\/142470\/attentat-de-la-brioche-doree-a-lyon-six-ans-apres-la-justice-face-a-un-terroriste-solitaire\" target=\"_blank\" rel=\"nofollow noopener\">cour d\u2019assises sp\u00e9ciale de Paris <\/a>pour l\u2019attentat commis en mai 2019 dans la rue Victor-Hugo (Lyon 2e), il a pris la parole ce lundi 7 avril, \u00e0 quelques heures du verdict. Et ses mots ont frapp\u00e9 par leur violence.<\/p>\n<p>\u00ab\u00a0Tous les objectifs ont \u00e9t\u00e9 atteints et je ne regrette rien\u00a0\u00bb, a lanc\u00e9 l\u2019accus\u00e9, d\u2019un ton bravache, rapporte l&rsquo;AFP. Devant les magistrats, celui qui est poursuivi pour\u00a0tentatives d\u2019assassinat en relation avec une entreprise terroriste\u00a0a assum\u00e9 pleinement son geste. \u00ab\u00a0Je ne suis pas un l\u00e2che\u00a0\u00bb, a-t-il martel\u00e9, revendiquant une \u00ab\u00a0victoire totale\u00a0\u00bb.<\/p>\n<p>Pour rappel, le 24 mai 2019, deux jours avant les \u00e9lections europ\u00e9ennes, cet Alg\u00e9rien radicalis\u00e9 avait d\u00e9pos\u00e9 une bombe artisanale dans un sac kraft devant une boulangerie Brioche Dor\u00e9e de la rue Victor-Hugo, en plein centre-ville. L\u2019engin, rempli de projectiles m\u00e9talliques, avait fait une quinzaine de bless\u00e9s, dont une fillette de 10 ans.<\/p>\n<p>Devant les enqu\u00eateurs, Mohamed Hichem Medjdoub a reconnu vouloir semer la peur afin de favoriser une victoire de l\u2019extr\u00eame droite, dans l\u2019espoir qu\u2019elle d\u00e9clenche une guerre civile. Mais selon l\u2019avocat g\u00e9n\u00e9ral Nicolas Braconnay, \u00ab\u00a0si sa bombe n\u2019a tu\u00e9 personne, c\u2019est uniquement d\u00fb au hasard\u00a0\u00bb. Il a requis la r\u00e9clusion criminelle \u00e0 perp\u00e9tuit\u00e9, assortie d\u2019une p\u00e9riode de s\u00fbret\u00e9 de 22 ans.<\/p>\n<p>Face \u00e0 lui, Mohamed Hichem Medjdoub a balay\u00e9 les accusations, narguant le repr\u00e9sentant du minist\u00e8re public :\u00a0\u00bbVous ne m\u2019impressionnez pas, vous ne faites peur \u00e0 personne\u00a0\u00bb. Avant d\u2019ajouter : \u00ab\u00a0En tant que musulman, arabe et surtout Alg\u00e9rien, je n\u2019ai aucune le\u00e7on de morale \u00e0 recevoir des Fran\u00e7ais.\u00a0\u00bb<\/p>\n<p>D\u00e9crit comme \u00ab\u00a0narcissique\u00a0\u00bb et \u00ab\u00a0dangereux\u00a0\u00bb par les experts, l\u2019accus\u00e9 a maintenu une posture provocatrice jusqu\u2019au bout.<\/p>\n<p>Le verdict est finalement tomb\u00e9 ce lundi aux alentours de 15 heures. Mohamed Hichem Medjdoub a \u00e9t\u00e9 reconnu coupable de tentative d&rsquo;assassinats, en relation avec une entreprise terroriste. ll a \u00e9t\u00e9 condamn\u00e9 \u00e0 la r\u00e9clusion criminelle \u00e0 perp\u00e9tuit\u00e9 apr\u00e8s cinq heures de d\u00e9lib\u00e9ration.<\/p>\n","protected":false},"excerpt":{"rendered":"Silencieux durant tout son proc\u00e8s, Mohamed Hichem Medjdoub, 29 ans, a fini par parler. Jug\u00e9 devant la cour&hellip;\n","protected":false},"author":2,"featured_media":10455,"comment_status":"","ping_status":"","sticky":false,"template":"","format":"standard","meta":{"footnotes":""},"categories":[4],"tags":[1111,11,2813,2190,1109,251,1112,2811,118,1011,27,1922,1110,1114,2428,2810,12,241,316,25,2812,517,800],"class_list":{"0":"post-10454","1":"post","2":"type-post","3":"status-publish","4":"format-standard","5":"has-post-thumbnail","7":"category-france","8":"tag-actu","9":"tag-actualites","10":"tag-article","11":"tag-asvel","12":"tag-breves","13":"tag-culture","14":"tag-depeches","15":"tag-economique","16":"tag-faits-divers","17":"tag-fr","18":"tag-france","19":"tag-info","20":"tag-informations","21":"tag-infos","22":"tag-lyon","23":"tag-lyonmag","24":"tag-news","25":"tag-ol","26":"tag-politique","27":"tag-republique-francaise","28":"tag-sociale","29":"tag-sport","30":"tag-transports"},"share_on_mastodon":{"url":"https:\/\/pubeurope.com\/@fr\/114302901710649050","error":""},"_links":{"self":[{"href":"https:\/\/www.europesays.com\/fr\/wp-json\/wp\/v2\/posts\/10454","targetHints":{"allow":["GET"]}}],"collection":[{"href":"https:\/\/www.europesays.com\/fr\/wp-json\/wp\/v2\/posts"}],"about":[{"href":"https:\/\/www.europesays.com\/fr\/wp-json\/wp\/v2\/types\/post"}],"author":[{"embeddable":true,"href":"https:\/\/www.europesays.com\/fr\/wp-json\/wp\/v2\/users\/2"}],"replies":[{"embeddable":true,"href":"https:\/\/www.europesays.com\/fr\/wp-json\/wp\/v2\/comments?post=10454"}],"version-history":[{"count":0,"href":"https:\/\/www.europesays.com\/fr\/wp-json\/wp\/v2\/posts\/10454\/revisions"}],"wp:featuredmedia":[{"embeddable":true,"href":"https:\/\/www.europesays.com\/fr\/wp-json\/wp\/v2\/media\/10455"}],"wp:attachment":[{"href":"https:\/\/www.europesays.com\/fr\/wp-json\/wp\/v2\/media?parent=10454"}],"wp:term":[{"taxonomy":"category","embeddable":true,"href":"https:\/\/www.europesays.com\/fr\/wp-json\/wp\/v2\/categories?post=10454"},{"taxonomy":"post_tag","embeddable":true,"href":"https:\/\/www.europesays.com\/fr\/wp-json\/wp\/v2\/tags?post=10454"}],"curies":[{"name":"wp","href":"https:\/\/api.w.org\/{rel}","templated":true}]}}