{"id":104540,"date":"2025-05-16T13:48:09","date_gmt":"2025-05-16T13:48:09","guid":{"rendered":"https:\/\/www.europesays.com\/fr\/104540\/"},"modified":"2025-05-16T13:48:09","modified_gmt":"2025-05-16T13:48:09","slug":"un-employe-civil-de-la-gendarmerie-tente-de-se-suicider-dans-sa-caserne-des-militaires-le-decrochent","status":"publish","type":"post","link":"https:\/\/www.europesays.com\/fr\/104540\/","title":{"rendered":"un employ\u00e9 civil de la gendarmerie tente de se suicider dans sa caserne, des militaires le d\u00e9crochent"},"content":{"rendered":"<p><img decoding=\"async\" class=\"caas-img caas-lazy has-preview\" src=\"https:\/\/www.europesays.com\/fr\/wp-content\/uploads\/2025\/05\/62d6baa64b50d81c5cfafd354ddda8c4.jpeg\"\/><\/p>\n<p>Un employ\u00e9 civil de la gendarmerie a tent\u00e9 de se donner la mort ce vendredi 16 mai au matin, dans une caserne de <a href=\"https:\/\/www.bfmtv.com\/montpellier\/herault-un-octogenaire-tue-par-la-chute-d-une-branche-a-montpellier-apres-une-bourrasque_AD-202503210515.html\" rel=\"nofollow noopener\" target=\"_blank\" data-ylk=\"slk:Montpellier;elm:context_link;itc:0;sec:content-canvas\" class=\"link \">Montpellier<\/a>, a appris BFMTV.com aupr\u00e8s du procureur Fabrice B\u00e9largent, apr\u00e8s une information d&rsquo;<a href=\"https:\/\/www.francebleu.fr\/infos\/faits-divers-justice\/un-employe-civil-de-la-gendarmerie-tente-de-suicider-sur-son-lieu-de-travail-a-montpellier-2321886\" rel=\"nofollow noopener\" target=\"_blank\" data-ylk=\"slk:ici H\u00e9rault;elm:context_link;itc:0;sec:content-canvas\" class=\"link \">ici H\u00e9rault<\/a>.<\/p>\n<p>Ce sont des gendarmes du groupement de la gendarmerie de l&rsquo;H\u00e9rault qui, en arrivant au travail, ont d\u00e9couvert leur coll\u00e8gue. Ils ont pu arriver suffisamment t\u00f4t pour intervenir et l&rsquo;ont d\u00e9croch\u00e9.<\/p>\n<p>L&rsquo;homme, qui y travaillait en tant que menuisier, a \u00e9t\u00e9 transport\u00e9 \u00e0 l&rsquo;h\u00f4pital dans un \u00e9tat grave.<\/p>\n<p>Pour l&rsquo;heure, les raisons de cette tentative de suicide restent inconnues. Le parquet indique qu&rsquo;aucune enqu\u00eate n&rsquo;a \u00e9t\u00e9 ouverte.<\/p>\n<p><a href=\"https:\/\/www.bfmtv.com\/police-justice\/montpellier-un-employe-civil-de-la-gendarmerie-tente-de-se-suicider-dans-sa-caserne-des-militaires-le-decrochent_AN-202505160524.html#xtor=AL-68\" rel=\"nofollow noopener\" target=\"_blank\" data-ylk=\"slk:Article original publi\u00e9 sur BFMTV.com;elm:context_link;itc:0;sec:content-canvas\" class=\"link \">Article original publi\u00e9 sur BFMTV.com<\/a><\/p>\n","protected":false},"excerpt":{"rendered":"Un employ\u00e9 civil de la gendarmerie a tent\u00e9 de se donner la mort ce vendredi 16 mai au&hellip;\n","protected":false},"author":2,"featured_media":104541,"comment_status":"","ping_status":"","sticky":false,"template":"","format":"standard","meta":{"footnotes":""},"categories":[9599],"tags":[1111,11,1777,674,22130,1011,27,22129,2208,12,2680,25,22128],"class_list":{"0":"post-104540","1":"post","2":"type-post","3":"status-publish","4":"format-standard","5":"has-post-thumbnail","7":"category-montpellier","8":"tag-actu","9":"tag-actualites","10":"tag-eu","11":"tag-europe","12":"tag-fabrice-belargent","13":"tag-fr","14":"tag-france","15":"tag-la-mort","16":"tag-montpellier","17":"tag-news","18":"tag-occitanie","19":"tag-republique-francaise","20":"tag-tentative-de-suicide"},"share_on_mastodon":{"url":"https:\/\/pubeurope.com\/@fr\/114517829555827204","error":""},"_links":{"self":[{"href":"https:\/\/www.europesays.com\/fr\/wp-json\/wp\/v2\/posts\/104540","targetHints":{"allow":["GET"]}}],"collection":[{"href":"https:\/\/www.europesays.com\/fr\/wp-json\/wp\/v2\/posts"}],"about":[{"href":"https:\/\/www.europesays.com\/fr\/wp-json\/wp\/v2\/types\/post"}],"author":[{"embeddable":true,"href":"https:\/\/www.europesays.com\/fr\/wp-json\/wp\/v2\/users\/2"}],"replies":[{"embeddable":true,"href":"https:\/\/www.europesays.com\/fr\/wp-json\/wp\/v2\/comments?post=104540"}],"version-history":[{"count":0,"href":"https:\/\/www.europesays.com\/fr\/wp-json\/wp\/v2\/posts\/104540\/revisions"}],"wp:featuredmedia":[{"embeddable":true,"href":"https:\/\/www.europesays.com\/fr\/wp-json\/wp\/v2\/media\/104541"}],"wp:attachment":[{"href":"https:\/\/www.europesays.com\/fr\/wp-json\/wp\/v2\/media?parent=104540"}],"wp:term":[{"taxonomy":"category","embeddable":true,"href":"https:\/\/www.europesays.com\/fr\/wp-json\/wp\/v2\/categories?post=104540"},{"taxonomy":"post_tag","embeddable":true,"href":"https:\/\/www.europesays.com\/fr\/wp-json\/wp\/v2\/tags?post=104540"}],"curies":[{"name":"wp","href":"https:\/\/api.w.org\/{rel}","templated":true}]}}