{"id":104542,"date":"2025-05-16T13:49:07","date_gmt":"2025-05-16T13:49:07","guid":{"rendered":"https:\/\/www.europesays.com\/fr\/104542\/"},"modified":"2025-05-16T13:49:07","modified_gmt":"2025-05-16T13:49:07","slug":"on-vous-dit-ou-et-quand-2","status":"publish","type":"post","link":"https:\/\/www.europesays.com\/fr\/104542\/","title":{"rendered":"on vous dit o\u00f9 et quand"},"content":{"rendered":"<p>            Par<br \/>\n        <strong><br \/>\n            <a href=\"https:\/\/actu.fr\/auteur\/julien-bouteiller\" title=\"Consulter tous les articles de Julien Bouteiller\" target=\"_blank\" rel=\"noopener\">Julien Bouteiller<\/a><br \/>\n        <\/strong><\/p>\n<p>        Publi\u00e9 le<\/p>\n<p>            16 mai 2025 \u00e0 15h40        <\/p>\n<p><strong>Darty continue de s\u2019\u00e9tendre <\/strong>\u00e0 <a href=\"https:\/\/actu.fr\/normandie\/rouen_76540\" target=\"_blank\" rel=\"noopener\">Rouen (Seine-Maritime)<\/a>, puisque l\u2019enseigne va prochainement y ouvrir un nouveau magasin. Il couvrira une surface <strong>de plus de 1000m\u00b2<\/strong>.<\/p>\n<p>Un nouveau Darty \u00e0 Rouen<\/p>\n<p class=\" wall-content\">Et c\u2019est au centre commercial des <a href=\"https:\/\/actu.fr\/tag\/docks-76\" target=\"_blank\" rel=\"noopener\">Docks 76<\/a> que le g\u00e9ant de l\u2019\u00e9lectrom\u00e9nager va poser ses valises. <strong>Au rez-de-chauss\u00e9e<\/strong>, il prendra la place du magasin Esprit, juste \u00e0 c\u00f4t\u00e9 de l\u2019entr\u00e9e c\u00f4t\u00e9 quais. <strong>\u00ab\u2009Il doit ouvrir en septembre\u00a02025\u2009\u00bb<\/strong>, annonce Audrey Anne, directrice du magasin.<\/p>\n<p class=\" wall-content\">Elle pr\u00e9cise qu\u2019il sera possible de faire des livraisons et de r\u00e9cup\u00e9rer de gros appareils, gr\u00e2ce \u00e0 la proximit\u00e9 du parking et de l\u2019aire de livraison.<\/p>\n<p>Les Docks 76 se repositionnent<\/p>\n<p class=\" wall-content\">Cette installation correspond<strong> \u00e0 un \u00ab\u2009repositionnement\u2009\u00bb des Docks 76<\/strong>, avec \u00ab\u2009une vraie diversification qui r\u00e9pond \u00e0 une demande des consommateurs\u2009\u00bb selon sa directrice.<\/p>\n<p class=\" wall-content\">Des gammes plus grand public (Action, <a href=\"https:\/\/actu.fr\/normandie\/rouen_76540\/une-nouvelle-boutique-specialisee-dans-les-petits-prix-arrive-aux-docks-76-a-rouen_62419924.html\" target=\"_blank\" rel=\"noopener\">Normal<\/a>), des produits plus vari\u00e9s, des restaurants qui se r\u00e9inventent comme la cr\u00eaperie ou les halles Biltoki et du loisirs avec l\u2019arriv\u00e9e prochaine de l\u2019aire de jeux estampill\u00e9e Fort Boyard\u2009: \u00e0 coup s\u00fbr les Docks 76 cherchent \u00e0 \u00e9largir leur cible.<\/p>\n<p>Vid\u00e9os : en ce moment sur Actu<\/p>\n<p class=\" wall-content\">Ce magasin Darty vient donc compl\u00e9ter l\u2019offre de l\u2019enseigne, historiquement pr\u00e9sente<strong> rue Jeanne-d\u2019Arc, avenue de Caen<\/strong> et qui a r\u00e9cemment ouvert un nouvel espace de vente <strong>rue Ganterie.<\/strong><\/p>\n<p>Suivez l\u2019actualit\u00e9 de Rouen <a href=\"https:\/\/www.whatsapp.com\/channel\/0029VaKfnf99hXF2ddApFB1D\" target=\"_blank\" rel=\"noopener\">sur notre cha\u00eene WhatsApp<\/a> et <a href=\"https:\/\/www.tiktok.com\/@76actu.fr?lang=fr\" target=\"_blank\" rel=\"noopener\">sur notre compte TikTok<\/a><\/p>\n<p class=\" wall-content\">Suivez toute l\u2019actualit\u00e9 de vos villes et m\u00e9dias favoris en vous inscrivant \u00e0 <a href=\"https:\/\/moncompte.actu.fr\" title=\"D\u00e9couvez Mon Actu\" rel=\"nofollow noopener\" data-trk=\"{&quot;cta&quot;:{&quot;action&quot;:&quot;https:\\\/\\\/moncompte.actu.fr&quot;,&quot;category&quot;:&quot;mon compte&quot;,&quot;from&quot;:&quot;article footer&quot;,&quot;name&quot;:&quot;Mon actu&quot;,&quot;type&quot;:&quot;cta&quot;}}\" target=\"_blank\">Mon Actu<\/a>.<\/p>\n<p>                    <script async src=\"\/\/www.tiktok.com\/embed.js\"><\/script><\/p>\n","protected":false},"excerpt":{"rendered":"Par Julien Bouteiller Publi\u00e9 le 16 mai 2025 \u00e0 15h40 Darty continue de s\u2019\u00e9tendre \u00e0 Rouen (Seine-Maritime), puisque&hellip;\n","protected":false},"author":2,"featured_media":104543,"comment_status":"","ping_status":"","sticky":false,"template":"","format":"standard","meta":{"footnotes":""},"categories":[9587],"tags":[1111,11,215,22131,1777,674,1011,27,1652,12,5161,3147,25,9590],"class_list":{"0":"post-104542","1":"post","2":"type-post","3":"status-publish","4":"format-standard","5":"has-post-thumbnail","7":"category-rouen","8":"tag-actu","9":"tag-actualites","10":"tag-commerce","11":"tag-docks-76","12":"tag-eu","13":"tag-europe","14":"tag-fr","15":"tag-france","16":"tag-loisirs-culture","17":"tag-news","18":"tag-normandie","19":"tag-nouveaux-commerces","20":"tag-republique-francaise","21":"tag-rouen"},"share_on_mastodon":{"url":"https:\/\/pubeurope.com\/@fr\/114517833398138209","error":""},"_links":{"self":[{"href":"https:\/\/www.europesays.com\/fr\/wp-json\/wp\/v2\/posts\/104542","targetHints":{"allow":["GET"]}}],"collection":[{"href":"https:\/\/www.europesays.com\/fr\/wp-json\/wp\/v2\/posts"}],"about":[{"href":"https:\/\/www.europesays.com\/fr\/wp-json\/wp\/v2\/types\/post"}],"author":[{"embeddable":true,"href":"https:\/\/www.europesays.com\/fr\/wp-json\/wp\/v2\/users\/2"}],"replies":[{"embeddable":true,"href":"https:\/\/www.europesays.com\/fr\/wp-json\/wp\/v2\/comments?post=104542"}],"version-history":[{"count":0,"href":"https:\/\/www.europesays.com\/fr\/wp-json\/wp\/v2\/posts\/104542\/revisions"}],"wp:featuredmedia":[{"embeddable":true,"href":"https:\/\/www.europesays.com\/fr\/wp-json\/wp\/v2\/media\/104543"}],"wp:attachment":[{"href":"https:\/\/www.europesays.com\/fr\/wp-json\/wp\/v2\/media?parent=104542"}],"wp:term":[{"taxonomy":"category","embeddable":true,"href":"https:\/\/www.europesays.com\/fr\/wp-json\/wp\/v2\/categories?post=104542"},{"taxonomy":"post_tag","embeddable":true,"href":"https:\/\/www.europesays.com\/fr\/wp-json\/wp\/v2\/tags?post=104542"}],"curies":[{"name":"wp","href":"https:\/\/api.w.org\/{rel}","templated":true}]}}