{"id":1045428,"date":"2026-07-05T17:48:16","date_gmt":"2026-07-05T17:48:16","guid":{"rendered":"https:\/\/www.europesays.com\/fr\/1045428\/"},"modified":"2026-07-05T17:48:16","modified_gmt":"2026-07-05T17:48:16","slug":"festivals-vtt-randonnees-les-stations-de-ski-pres-de-toulouse-se-mettent-a-lheure-dete","status":"publish","type":"post","link":"https:\/\/www.europesays.com\/fr\/1045428\/","title":{"rendered":"Festivals, VTT, randonn\u00e9es&#8230; Les stations de ski pr\u00e8s de Toulouse se mettent \u00e0 l&rsquo;heure d&rsquo;\u00e9t\u00e9"},"content":{"rendered":"<p>                    Par<br \/>\n        <strong><br \/>\n            <a href=\"https:\/\/actu.fr\/auteur\/ines-bourgeois\" title=\"Consulter tous les articles de Ines Bourgeois\" rel=\"nofollow noopener\" target=\"_blank\">Ines Bourgeois<\/a><br \/>\n                    <\/strong><\/p>\n<p>        Publi\u00e9 le<\/p>\n<p>            5 juil. 2026 \u00e0 19h01        <\/p>\n<p>Envie d\u2019une <strong>escapade au grand air<\/strong> pr\u00e8s de <a href=\"https:\/\/actu.fr\/toulouse\/\" rel=\"nofollow noopener\" target=\"_blank\">Toulouse<\/a> ? Les stations de <a href=\"https:\/\/www.bing.com\/ck\/a?!&amp;&amp;p=139cfe60430e73f9bae32ddd8528f2e468bd99377251529af4a41f210454befdJmltdHM9MTc3NzkzOTIwMA&amp;ptn=3&amp;ver=2&amp;hsh=4&amp;fclid=3869981a-932e-645e-0fff-8f4a929c65e0&amp;psq=luchon+superbagn%c3%a8res+%c3%a9t%c3%a9&amp;u=a1aHR0cHM6Ly93d3cuaGF1dGUtZ2Fyb25uZS1tb250YWduZS5jb20vbHVjaG9uLXN1cGVyYmFnbmVyZXMv\" rel=\"nofollow noopener\" target=\"_blank\">Luchon-Superbagn\u00e8res,<\/a> du <a href=\"https:\/\/www.bing.com\/ck\/a?!&amp;&amp;p=9fb14c0dceda5117046c380e2b3a58fc0782f2daf6596ae4697bc6f4a94718f4JmltdHM9MTc3NzkzOTIwMA&amp;ptn=3&amp;ver=2&amp;hsh=4&amp;fclid=3869981a-932e-645e-0fff-8f4a929c65e0&amp;u=a1aHR0cHM6Ly93d3cuaGF1dGUtZ2Fyb25uZS1tb250YWduZS5jb20vbGVtb3VydGlzLWV0ZS8&amp;ntb=1\" rel=\"nofollow noopener\" target=\"_blank\">Mourtis<\/a> et de <a href=\"https:\/\/www.bing.com\/ck\/a?!&amp;&amp;p=1cf54ba2c1a81de49efe109ad0b893fba8df3764f4f986d168561a0afc97fa6bJmltdHM9MTc3NzkzOTIwMA&amp;ptn=3&amp;ver=2&amp;hsh=4&amp;fclid=3869981a-932e-645e-0fff-8f4a929c65e0&amp;u=a1aHR0cHM6Ly93d3cuaGF1dGUtZ2Fyb25uZS1tb250YWduZS5jb20vYm91cmctZG91ZWlsLWV0ZS8&amp;ntb=1\" rel=\"nofollow noopener\" target=\"_blank\">Bourg-d\u2019Oeuil<\/a> ouvrent leurs portes cet \u00e9t\u00e9 de juin \u00e0 septembre et proposent diff\u00e9rentes <strong>activit\u00e9s et \u00e9v\u00e8nements en plein air<\/strong> comme du VTT ou encore un festival de jazz. Voici ce qui est pr\u00e9vu.\u00a0<\/p>\n<p>Une programmation et des activit\u00e9s tr\u00e8s vari\u00e9es<\/p>\n<p class=\" wall-content\">Haute-Garonne Montagne propose d\u00e8s le mois de juin du <strong>VTT<\/strong> ou encore du <strong>d\u00e9valkart<\/strong>. Le <strong>ski<\/strong> et le <strong>board<\/strong> <strong>\u00e9lectrique<\/strong> feront aussi leur arriv\u00e9 \u00e0 Luchon-Superbagn\u00e8res. La station du Mourtis a \u00e9galement lanc\u00e9 <strong>L\u2019\u00c9cole de montagne<\/strong>, qui r\u00e9unit diff\u00e9rents professionnels proposant des activit\u00e9s comme le cani-rando, la randonn\u00e9e p\u00e9destre, des stages multi-activit\u00e9s, le biathlon et la grimpe d\u2019arbres.\u00a0<\/p>\n<p class=\" wall-content\">Les trois sites seront \u00e9galement le th\u00e9\u00e2tre de nombreux \u00e9v\u00e8nements culturels et sportifs tels que la finale de la <a href=\"https:\/\/www.haute-garonne-montagne.com\/event\/finale-enduro-series\/\" rel=\"nofollow noopener\" target=\"_blank\">coupe de France de VTT et VTTAE<\/a> du 19 au 20 septembre ou encore le <a href=\"https:\/\/www.haute-garonne-montagne.com\/event\/cosmojazz-luchon-superbagneres\/\" rel=\"nofollow noopener\" target=\"_blank\">CosmoJazz Festival<\/a>, imagin\u00e9 par <strong>Andr\u00e9 Manoukian<\/strong>. Apr\u00e8s son absence en 2025, le festival itin\u00e9rants <a href=\"https:\/\/www.pyrenees31.com\/fete-manifestation\/FMAMID031V50T19X-boutx-festival-31-notes-d-ete-le-mourtis\" rel=\"nofollow noopener\" target=\"_blank\">31 Notes d\u2019\u00e9t\u00e9 fera une escale au Mourtis<\/a> le 7 ao\u00fbt avec le trompettiste <strong>Tanidual<\/strong> ainsi que l\u2019orchestre toulousain <strong>Le Grand Silence.\u00a0<\/strong><\/p>\n<p>Un tourisme responsable et respectueux de l\u2019environnement<\/p>\n<p class=\" wall-content\">Haute-Garonne Montagne poursuit son engagement pour un tourisme responsable et met \u00e0 disposition des<strong> v\u00e9hicules \u00e9lectriques Swincars <\/strong>en montagne. Une collaboration avec l\u2019entreprise Keenat \u2013 \u00c9coM\u00e9got afin de <strong>collecter et de recycler les m\u00e9gots<\/strong> jet\u00e9s a \u00e9galement \u00e9t\u00e9 annonc\u00e9e.\u00a0<\/p>\n<p class=\" wall-content\">Avec un forfait pour animaux \u00e0 3\u20ac dont <strong>1\u20ac sera revers\u00e9 \u00e0 la SPA<\/strong>, les stations affirment leur soutien aux associations proposant des \u00e9v\u00e8nements se d\u00e9roulant ou traversant leurs sites en mettant \u00e0 leur disposition une <strong>aide financi\u00e8re, humaine et mat\u00e9rielle<\/strong> selon leurs besoins.<\/p>\n<p>Vid\u00e9os : en ce moment sur ActuInfos pratiques :\u00a0<br \/>\nOuverture des stations :\u00a0<br \/>\nLuchon-Superbagn\u00e8res : les week-ends de juin, du 3 juillet au 30 ao\u00fbt et les trois premiers week-ends de septembre \u2013 Horaires des t\u00e9l\u00e9cabines : 9h-17h.\u00a0<br \/>\nLe Mourtis : du 11 juillet au 16 ao\u00fbt de 10h-12h30 \u00e0 13h30-16h, sauf les vendredis.<br \/>\nBourg d\u2019Oueil : en acc\u00e8s permanent par la route.<br \/>\nPlus d\u2019informations : <a href=\"https:\/\/www.haute-garonne-montagne.com\/\" rel=\"nofollow noopener\" target=\"_blank\">Haute-Garonne-Montagne.com<\/a><\/p>\n<p class=\" wall-content\">Personnalisez votre actualit\u00e9 en ajoutant vos villes et m\u00e9dias en favori avec <a href=\"https:\/\/moncompte.actu.fr\" title=\"D\u00e9couvez Mon Actu\" rel=\"nofollow noopener\" data-trk=\"{&quot;cta&quot;:{&quot;action&quot;:&quot;https:\\\/\\\/moncompte.actu.fr&quot;,&quot;category&quot;:&quot;mon compte&quot;,&quot;from&quot;:&quot;article footer&quot;,&quot;name&quot;:&quot;Mon actu&quot;,&quot;type&quot;:&quot;cta&quot;}}\" target=\"_blank\">Mon Actu<\/a>.<\/p>\n","protected":false},"excerpt":{"rendered":"Par Ines Bourgeois Publi\u00e9 le 5 juil. 2026 \u00e0 19h01 Envie d\u2019une escapade au grand air pr\u00e8s de&hellip;\n","protected":false},"author":2,"featured_media":1045429,"comment_status":"","ping_status":"","sticky":false,"template":"","format":"standard","meta":{"footnotes":"","_share_on_mastodon":"0"},"categories":[2816],"tags":[1111,11,1777,674,1011,27,1652,5324,12,2680,2723,25,2312,602],"class_list":["post-1045428","post","type-post","status-publish","format-standard","has-post-thumbnail","category-toulouse","tag-actu","tag-actualites","tag-eu","tag-europe","tag-fr","tag-france","tag-loisirs-culture","tag-montagne","tag-news","tag-occitanie","tag-pyrenees","tag-republique-francaise","tag-toulouse","tag-tourisme"],"share_on_mastodon":{"url":"","error":""},"_links":{"self":[{"href":"https:\/\/www.europesays.com\/fr\/wp-json\/wp\/v2\/posts\/1045428","targetHints":{"allow":["GET"]}}],"collection":[{"href":"https:\/\/www.europesays.com\/fr\/wp-json\/wp\/v2\/posts"}],"about":[{"href":"https:\/\/www.europesays.com\/fr\/wp-json\/wp\/v2\/types\/post"}],"author":[{"embeddable":true,"href":"https:\/\/www.europesays.com\/fr\/wp-json\/wp\/v2\/users\/2"}],"replies":[{"embeddable":true,"href":"https:\/\/www.europesays.com\/fr\/wp-json\/wp\/v2\/comments?post=1045428"}],"version-history":[{"count":0,"href":"https:\/\/www.europesays.com\/fr\/wp-json\/wp\/v2\/posts\/1045428\/revisions"}],"wp:featuredmedia":[{"embeddable":true,"href":"https:\/\/www.europesays.com\/fr\/wp-json\/wp\/v2\/media\/1045429"}],"wp:attachment":[{"href":"https:\/\/www.europesays.com\/fr\/wp-json\/wp\/v2\/media?parent=1045428"}],"wp:term":[{"taxonomy":"category","embeddable":true,"href":"https:\/\/www.europesays.com\/fr\/wp-json\/wp\/v2\/categories?post=1045428"},{"taxonomy":"post_tag","embeddable":true,"href":"https:\/\/www.europesays.com\/fr\/wp-json\/wp\/v2\/tags?post=1045428"}],"curies":[{"name":"wp","href":"https:\/\/api.w.org\/{rel}","templated":true}]}}