{"id":104546,"date":"2025-05-16T13:51:10","date_gmt":"2025-05-16T13:51:10","guid":{"rendered":"https:\/\/www.europesays.com\/fr\/104546\/"},"modified":"2025-05-16T13:51:10","modified_gmt":"2025-05-16T13:51:10","slug":"grenoble-les-lgbt-ont-toujours-cette-sensation-davoir-un-combat-quotidien-a-mener","status":"publish","type":"post","link":"https:\/\/www.europesays.com\/fr\/104546\/","title":{"rendered":"Grenoble. \u00ab Les LGBT ont toujours cette sensation d\u2019avoir un combat quotidien \u00e0 mener \u00bb"},"content":{"rendered":"<p>Passer la porte du centre LGBTI de Grenoble, c\u2019est d\u2019abord p\u00e9n\u00e9trer dans un havre de paix. Un espace \u00e0 l\u2019abri du bruit du monde et de cette atmosph\u00e8re redevenue pesante depuis les \u00e9lections am\u00e9ricaines, italienne et (en partie) fran\u00e7aises. \u00ab\u00a0Ici, on essaye de laisser l\u2019actualit\u00e9 de c\u00f4t\u00e9, d\u2019offrir un moment de d\u00e9tente, de bien-\u00eatre, de communication\u00a0\u00bb, rappelle Myriam Saint-Bonnet, b\u00e9n\u00e9vole.<\/p>\n<p>\u00ab\u00a0La sensation d\u2019un retour en arri\u00e8re sur les droits\u00a0\u00bb<\/p>\n<p>Voil\u00e0 donc 31 ans que la premi\u00e8re association Cigale (lire&#8230;<\/p>\n","protected":false},"excerpt":{"rendered":"Passer la porte du centre LGBTI de Grenoble, c\u2019est d\u2019abord p\u00e9n\u00e9trer dans un havre de paix. Un espace&hellip;\n","protected":false},"author":2,"featured_media":104547,"comment_status":"","ping_status":"","sticky":false,"template":"","format":"standard","meta":{"footnotes":""},"categories":[9566],"tags":[1111,11,2430,6084,112,1777,674,107,1011,27,2731,2732,108,12,25,106,104,1631],"class_list":{"0":"post-104546","1":"post","2":"type-post","3":"status-publish","4":"format-standard","5":"has-post-thumbnail","7":"category-grenoble","8":"tag-actu","9":"tag-actualites","10":"tag-auvergne-rhone-alpes","11":"tag-droit","12":"tag-edition-grenoble-agglomeration","13":"tag-eu","14":"tag-europe","15":"tag-fil-info","16":"tag-fr","17":"tag-france","18":"tag-grenoble","19":"tag-grenoble-bassin","20":"tag-isere","21":"tag-news","22":"tag-republique-francaise","23":"tag-selection-de-la-redaction-38","24":"tag-societe","25":"tag-vie-associative"},"share_on_mastodon":{"url":"https:\/\/pubeurope.com\/@fr\/114517841334635253","error":""},"_links":{"self":[{"href":"https:\/\/www.europesays.com\/fr\/wp-json\/wp\/v2\/posts\/104546","targetHints":{"allow":["GET"]}}],"collection":[{"href":"https:\/\/www.europesays.com\/fr\/wp-json\/wp\/v2\/posts"}],"about":[{"href":"https:\/\/www.europesays.com\/fr\/wp-json\/wp\/v2\/types\/post"}],"author":[{"embeddable":true,"href":"https:\/\/www.europesays.com\/fr\/wp-json\/wp\/v2\/users\/2"}],"replies":[{"embeddable":true,"href":"https:\/\/www.europesays.com\/fr\/wp-json\/wp\/v2\/comments?post=104546"}],"version-history":[{"count":0,"href":"https:\/\/www.europesays.com\/fr\/wp-json\/wp\/v2\/posts\/104546\/revisions"}],"wp:featuredmedia":[{"embeddable":true,"href":"https:\/\/www.europesays.com\/fr\/wp-json\/wp\/v2\/media\/104547"}],"wp:attachment":[{"href":"https:\/\/www.europesays.com\/fr\/wp-json\/wp\/v2\/media?parent=104546"}],"wp:term":[{"taxonomy":"category","embeddable":true,"href":"https:\/\/www.europesays.com\/fr\/wp-json\/wp\/v2\/categories?post=104546"},{"taxonomy":"post_tag","embeddable":true,"href":"https:\/\/www.europesays.com\/fr\/wp-json\/wp\/v2\/tags?post=104546"}],"curies":[{"name":"wp","href":"https:\/\/api.w.org\/{rel}","templated":true}]}}