{"id":104548,"date":"2025-05-16T13:52:11","date_gmt":"2025-05-16T13:52:11","guid":{"rendered":"https:\/\/www.europesays.com\/fr\/104548\/"},"modified":"2025-05-16T13:52:11","modified_gmt":"2025-05-16T13:52:11","slug":"grenoble-mercato-le-meilleur-gardien-de-national-piste-par-le-gf38-et-dautres-clubs-de-ligue-2","status":"publish","type":"post","link":"https:\/\/www.europesays.com\/fr\/104548\/","title":{"rendered":"Grenoble &#8211; Mercato : Le meilleur gardien de National pist\u00e9 par le GF38 et d&rsquo;autres clubs de Ligue 2"},"content":{"rendered":"<p style=\"text-align: justify;\">Le mercato bat d\u00e9j\u00e0 son plein dans les Alpes ! Le transfert de <strong>Mamadou Diop<\/strong>, nomm\u00e9 gardien num\u00e9ro 1 de <strong>Grenoble<\/strong> suite au d\u00e9part de Brice Maubleu l\u2019\u00e9t\u00e9 dernier, apparait comme une v\u00e9ritable possibilit\u00e9, et le GF38 aurait donc d\u00e9cid\u00e9 de s\u2019activer afin de trouver son \u00e9ventuel rempla\u00e7ant.<\/p>\n<p style=\"text-align: justify;\">\u00c0 lire aussi &gt;&gt;\u00a0<a href=\"https:\/\/maligue2.fr\/2025\/05\/16\/grenoble-mercato-six-clubs-de-ligue-2-et-de-ligue-1-interesses-par-mamadou-diop-trois-autres-joueurs-susceptibles-detre-transferes\/\" rel=\"nofollow noopener\" target=\"_blank\">Grenoble \u2013 Mercato : Six clubs de Ligue 2 et de Ligue 1 int\u00e9ress\u00e9s par Mamadou Diop, trois autres joueurs susceptibles d\u2019\u00eatre transf\u00e9r\u00e9s<\/a><\/p>\n<p style=\"text-align: justify;\">Selon les informations du site <a href=\"https:\/\/www.grenoblefoot.info\/exclu-ms-le-meilleur-gardien-du-national-bientot-au-gf38\/\" rel=\"nofollow noopener\" target=\"_blank\">Grenoble Foot Info<\/a>, l\u2019\u00e9curie alpine aurait d\u00e9cid\u00e9 de s\u2019int\u00e9resser au championnat de <strong>National<\/strong> afin de trouver celui qui pourrait devenir son nouveau portier titulaire. Elle n\u2019en serait d\u2019ailleurs pas \u00e0 son coup d\u2019essai puisqu\u2019au cours des derniers exercices, elle a notamment recrut\u00e9 Alan K\u00e9rou\u00e9dan, Shaquil Delos, Amine Sba\u00ef ou encore Pape Me\u00efssa Ba, entre autres, tous en provenance du troisi\u00e8me \u00e9chelon du football hexagonal.<\/p>\n<blockquote class=\"twitter-tweet\">\n<p dir=\"ltr\" lang=\"fr\">Info <a href=\"https:\/\/twitter.com\/MetroSports_fr?ref_src=twsrc%5Etfw\" rel=\"nofollow noopener\" target=\"_blank\">@MetroSports_fr<\/a> : alors qu\u2019un d\u00e9part de Mamadou Diop est \u00e9voqu\u00e9, le meilleur gardien du <a href=\"https:\/\/twitter.com\/hashtag\/NationalFFF?src=hash&amp;ref_src=twsrc%5Etfw\" rel=\"nofollow noopener\" target=\"_blank\">#NationalFFF<\/a> est dans le viseur du GF38 \u2935\ufe0f\ud83d\ude09<a href=\"https:\/\/t.co\/aMCGdYd1yU\" rel=\"nofollow\">https:\/\/t.co\/aMCGdYd1yU<\/a><\/p>\n<p>\u2014 Fr\u00e9d\u00e9ric Sougey (@FredericSougey) <a href=\"https:\/\/twitter.com\/FredericSougey\/status\/1923365625977553184?ref_src=twsrc%5Etfw\" rel=\"nofollow noopener\" target=\"_blank\">May 16, 2025<\/a><\/p>\n<\/blockquote>\n<p style=\"text-align: justify;\">Cette fois, ce serait du c\u00f4t\u00e9 de <strong>Bourg-en-Bresse<\/strong> que Grenoble lorgnerait. L\u00e0-bas, le joueur de 25 ans, <strong>Charly Jan<\/strong>, vient tout juste d\u2019\u00eatre nomm\u00e9 meilleur gardien de N1 apr\u00e8s avoir valid\u00e9 10 clean sheets en 28 matchs au cours de la saison 2024-2025. Son profil plairait \u00e9galement \u00e0 d\u2019autres clubs de <strong>Ligue 2<\/strong>, mais la formation alpine poss\u00e8derait une \u00ab petite avance dans le dossier \u00bb.<\/p>\n<p style=\"text-align: justify;\">Autre \u00e9l\u00e9ment d\u00e9terminant et qui pourrait coller aux difficult\u00e9s \u00e9conomiques rencontr\u00e9es par bon nombre de clubs fran\u00e7ais, son contrat avec le FBBP 01 arrivera \u00e0 son terme le 30 juin prochain. Il sera alors libre de s\u2019engager avec l\u2019\u00e9quipe de son choix.<\/p>\n<p>Photo by Daniel Derajinski\/Icon Sport<\/p>\n<p>\t\t<script async src=\"https:\/\/platform.twitter.com\/widgets.js\" charset=\"utf-8\"><\/script><\/p>\n","protected":false},"excerpt":{"rendered":"Le mercato bat d\u00e9j\u00e0 son plein dans les Alpes ! Le transfert de Mamadou Diop, nomm\u00e9 gardien num\u00e9ro&hellip;\n","protected":false},"author":2,"featured_media":104549,"comment_status":"","ping_status":"","sticky":false,"template":"","format":"standard","meta":{"footnotes":""},"categories":[9566],"tags":[1111,11,2430,1777,674,1011,27,2731,22119,12,25],"class_list":{"0":"post-104548","1":"post","2":"type-post","3":"status-publish","4":"format-standard","5":"has-post-thumbnail","7":"category-grenoble","8":"tag-actu","9":"tag-actualites","10":"tag-auvergne-rhone-alpes","11":"tag-eu","12":"tag-europe","13":"tag-fr","14":"tag-france","15":"tag-grenoble","16":"tag-mamadou-diop","17":"tag-news","18":"tag-republique-francaise"},"share_on_mastodon":{"url":"https:\/\/pubeurope.com\/@fr\/114517845185792939","error":""},"_links":{"self":[{"href":"https:\/\/www.europesays.com\/fr\/wp-json\/wp\/v2\/posts\/104548","targetHints":{"allow":["GET"]}}],"collection":[{"href":"https:\/\/www.europesays.com\/fr\/wp-json\/wp\/v2\/posts"}],"about":[{"href":"https:\/\/www.europesays.com\/fr\/wp-json\/wp\/v2\/types\/post"}],"author":[{"embeddable":true,"href":"https:\/\/www.europesays.com\/fr\/wp-json\/wp\/v2\/users\/2"}],"replies":[{"embeddable":true,"href":"https:\/\/www.europesays.com\/fr\/wp-json\/wp\/v2\/comments?post=104548"}],"version-history":[{"count":0,"href":"https:\/\/www.europesays.com\/fr\/wp-json\/wp\/v2\/posts\/104548\/revisions"}],"wp:featuredmedia":[{"embeddable":true,"href":"https:\/\/www.europesays.com\/fr\/wp-json\/wp\/v2\/media\/104549"}],"wp:attachment":[{"href":"https:\/\/www.europesays.com\/fr\/wp-json\/wp\/v2\/media?parent=104548"}],"wp:term":[{"taxonomy":"category","embeddable":true,"href":"https:\/\/www.europesays.com\/fr\/wp-json\/wp\/v2\/categories?post=104548"},{"taxonomy":"post_tag","embeddable":true,"href":"https:\/\/www.europesays.com\/fr\/wp-json\/wp\/v2\/tags?post=104548"}],"curies":[{"name":"wp","href":"https:\/\/api.w.org\/{rel}","templated":true}]}}