{"id":104550,"date":"2025-05-16T13:53:44","date_gmt":"2025-05-16T13:53:44","guid":{"rendered":"https:\/\/www.europesays.com\/fr\/104550\/"},"modified":"2025-05-16T13:53:44","modified_gmt":"2025-05-16T13:53:44","slug":"en-ille-et-vilaine-une-femme-de-75-ans-decede-percutee-par-un-train","status":"publish","type":"post","link":"https:\/\/www.europesays.com\/fr\/104550\/","title":{"rendered":"En Ille-et-Vilaine, une femme de 75 ans d\u00e9c\u00e8de, percut\u00e9e par un train"},"content":{"rendered":"<p>La circulation des trains a \u00e9t\u00e9 interrompue, ce jeudi matin, entre Rennes et Redon dans les deux sens de circulation \u00e0 la suite d\u2019un \u00ab accident de personne \u00bb \u00e0 hauteur de la gare Saint-Senoux-Pl\u00e9ch\u00e2tel.<\/p>\n<p>Les pompiers et les gendarmes sont intervenus aux environs de 7 h, alors qu\u2019une femme de 75 ans avait \u00e9t\u00e9 percut\u00e9e par un train \u00e0 Saint-Senoux-Pl\u00e9ch\u00e2tel, au sud de Rennes. \u00c0 leur arriv\u00e9e, elle \u00e9tait d\u00e9c\u00e9d\u00e9e. Une enqu\u00eate a \u00e9t\u00e9 ouverte pour d\u00e9terminer les circonstances de ce drame.<\/p>\n<p>La circulation des trains a repris au cours de la matin\u00e9e.<\/p>\n","protected":false},"excerpt":{"rendered":"La circulation des trains a \u00e9t\u00e9 interrompue, ce jeudi matin, entre Rennes et Redon dans les deux sens&hellip;\n","protected":false},"author":2,"featured_media":104551,"comment_status":"","ping_status":"","sticky":false,"template":"","format":"standard","meta":{"footnotes":""},"categories":[2821],"tags":[1111,11,829,765,1777,674,1011,27,848,12,584,25,2215,2803,6917],"class_list":{"0":"post-104550","1":"post","2":"type-post","3":"status-publish","4":"format-standard","5":"has-post-thumbnail","7":"category-rennes","8":"tag-actu","9":"tag-actualites","10":"tag-bretagne","11":"tag-en-continu","12":"tag-eu","13":"tag-europe","14":"tag-fr","15":"tag-france","16":"tag-ille-et-vilaine","17":"tag-news","18":"tag-rennes","19":"tag-republique-francaise","20":"tag-sncf","21":"tag-transport","22":"tag-transport-ferroviaire"},"share_on_mastodon":{"url":"https:\/\/pubeurope.com\/@fr\/114517849142216069","error":""},"_links":{"self":[{"href":"https:\/\/www.europesays.com\/fr\/wp-json\/wp\/v2\/posts\/104550","targetHints":{"allow":["GET"]}}],"collection":[{"href":"https:\/\/www.europesays.com\/fr\/wp-json\/wp\/v2\/posts"}],"about":[{"href":"https:\/\/www.europesays.com\/fr\/wp-json\/wp\/v2\/types\/post"}],"author":[{"embeddable":true,"href":"https:\/\/www.europesays.com\/fr\/wp-json\/wp\/v2\/users\/2"}],"replies":[{"embeddable":true,"href":"https:\/\/www.europesays.com\/fr\/wp-json\/wp\/v2\/comments?post=104550"}],"version-history":[{"count":0,"href":"https:\/\/www.europesays.com\/fr\/wp-json\/wp\/v2\/posts\/104550\/revisions"}],"wp:featuredmedia":[{"embeddable":true,"href":"https:\/\/www.europesays.com\/fr\/wp-json\/wp\/v2\/media\/104551"}],"wp:attachment":[{"href":"https:\/\/www.europesays.com\/fr\/wp-json\/wp\/v2\/media?parent=104550"}],"wp:term":[{"taxonomy":"category","embeddable":true,"href":"https:\/\/www.europesays.com\/fr\/wp-json\/wp\/v2\/categories?post=104550"},{"taxonomy":"post_tag","embeddable":true,"href":"https:\/\/www.europesays.com\/fr\/wp-json\/wp\/v2\/tags?post=104550"}],"curies":[{"name":"wp","href":"https:\/\/api.w.org\/{rel}","templated":true}]}}