{"id":1045746,"date":"2026-07-05T21:29:18","date_gmt":"2026-07-05T21:29:18","guid":{"rendered":"https:\/\/www.europesays.com\/fr\/1045746\/"},"modified":"2026-07-05T21:29:18","modified_gmt":"2026-07-05T21:29:18","slug":"delphine-maguet-quitte-lecole-saint-francois-apres-douze-ans-en-fonction","status":"publish","type":"post","link":"https:\/\/www.europesays.com\/fr\/1045746\/","title":{"rendered":"Delphine Maguet quitte l\u2019\u00e9cole Saint-Fran\u00e7ois apr\u00e8s douze ans en fonction"},"content":{"rendered":"<p>C\u2019est en septembre\u00a02014 que Delphine Maguet arrive \u00e0 l\u2019\u00e9cole Saint-Pierre de <a href=\"https:\/\/rennes.maville.com\/bretagne\/ille-et-vilaine\/melesse\/\" rel=\"nofollow noopener\" target=\"_blank\">Melesse<\/a>\u00a0(Ille-et-Vilaine). Deux \u00e9coles priv\u00e9es existaient alors, Sainte-Anne, rue de Rennes, pour les enfants de maternelle et Saint-Pierre pour les plus grands.<\/p>\n<p><strong>\u00ab\u00a0Ce qui a marqu\u00e9 mon parcours \u00e0 ce moment, c\u2019est la construction d\u2019une nouvelle \u00e9cole regroupant les deux entit\u00e9s existantes<\/strong>, se rem\u00e9more la cheffe d\u2019\u00e9tablissement. <strong>Et de r\u00e9unir les \u00e9quipes en un seul lieu.\u00a0\u00bb<\/strong><\/p>\n<p><strong>Lire aussi\u00a0: <\/strong> <a href=\"https:\/\/rennes.maville.com\/actu\/actudet_-a-melesse-l-ecole-saint-francois-s-etend-pour-le-bien-etre-de-ses-enfants-_7-6615275_actu.Htm\" rel=\"nofollow noopener\" target=\"_blank\">\u00c0 Melesse, l\u2019\u00e9cole Saint-Fran\u00e7ois s\u2019\u00e9tend pour le bien-\u00eatre de ses enfants<\/a><\/p>\n<p>\u00c0 la rentr\u00e9e prochaine, Delphine Maguet va rejoindre l\u2019\u00e9cole Notre-Dame-des-Arts \u00e0 Riom\u00a0(Massif central) au sein d\u2019une \u00e9cole de 19\u00a0classes. <strong>\u00ab\u00a0Je tiens \u00e0 remercier les familles pour l\u2019accueil et la confiance qu\u2019elles m\u2019ont accord\u00e9e tout au long de ces ann\u00e9es\u00a0\u00bb<\/strong>, remercie Delphine Maguet qui sera remplac\u00e9e par la directrice actuelle de l\u2019\u00e9cole La Providence de Bruz.<\/p>\n<p>\u00a0<\/p>\n","protected":false},"excerpt":{"rendered":"C\u2019est en septembre\u00a02014 que Delphine Maguet arrive \u00e0 l\u2019\u00e9cole Saint-Pierre de Melesse\u00a0(Ille-et-Vilaine). Deux \u00e9coles priv\u00e9es existaient alors, Sainte-Anne,&hellip;\n","protected":false},"author":2,"featured_media":1045747,"comment_status":"","ping_status":"","sticky":false,"template":"","format":"standard","meta":{"footnotes":"","_share_on_mastodon":"0"},"categories":[2821],"tags":[1111,11,1764,829,9940,1122,1777,674,10544,1011,27,108666,12,19080,584,25,57421],"class_list":["post-1045746","post","type-post","status-publish","format-standard","has-post-thumbnail","category-rennes","tag-actu","tag-actualites","tag-ans","tag-bretagne","tag-delphine","tag-ecole","tag-eu","tag-europe","tag-fonction","tag-fr","tag-france","tag-maguet","tag-news","tag-quitte","tag-rennes","tag-republique-francaise","tag-saint-francois"],"share_on_mastodon":{"url":"https:\/\/pubeurope.com\/@fr\/116869501125811894","error":""},"_links":{"self":[{"href":"https:\/\/www.europesays.com\/fr\/wp-json\/wp\/v2\/posts\/1045746","targetHints":{"allow":["GET"]}}],"collection":[{"href":"https:\/\/www.europesays.com\/fr\/wp-json\/wp\/v2\/posts"}],"about":[{"href":"https:\/\/www.europesays.com\/fr\/wp-json\/wp\/v2\/types\/post"}],"author":[{"embeddable":true,"href":"https:\/\/www.europesays.com\/fr\/wp-json\/wp\/v2\/users\/2"}],"replies":[{"embeddable":true,"href":"https:\/\/www.europesays.com\/fr\/wp-json\/wp\/v2\/comments?post=1045746"}],"version-history":[{"count":0,"href":"https:\/\/www.europesays.com\/fr\/wp-json\/wp\/v2\/posts\/1045746\/revisions"}],"wp:featuredmedia":[{"embeddable":true,"href":"https:\/\/www.europesays.com\/fr\/wp-json\/wp\/v2\/media\/1045747"}],"wp:attachment":[{"href":"https:\/\/www.europesays.com\/fr\/wp-json\/wp\/v2\/media?parent=1045746"}],"wp:term":[{"taxonomy":"category","embeddable":true,"href":"https:\/\/www.europesays.com\/fr\/wp-json\/wp\/v2\/categories?post=1045746"},{"taxonomy":"post_tag","embeddable":true,"href":"https:\/\/www.europesays.com\/fr\/wp-json\/wp\/v2\/tags?post=1045746"}],"curies":[{"name":"wp","href":"https:\/\/api.w.org\/{rel}","templated":true}]}}