{"id":104592,"date":"2025-05-16T14:16:12","date_gmt":"2025-05-16T14:16:12","guid":{"rendered":"https:\/\/www.europesays.com\/fr\/104592\/"},"modified":"2025-05-16T14:16:12","modified_gmt":"2025-05-16T14:16:12","slug":"les-baignades-dans-la-seine-seront-possibles-a-partir-du-5-juillet-prochain","status":"publish","type":"post","link":"https:\/\/www.europesays.com\/fr\/104592\/","title":{"rendered":"Les baignades dans la Seine seront possibles \u00e0 partir du 5 juillet prochain"},"content":{"rendered":"<p><strong>plouf &#8211; Un an apr\u00e8s la premi\u00e8re baignade d\u2019Anne Hidalgo et les \u00e9preuves des JO de Paris 2024, la Seine s\u2019offre \u00e0 tous les Parisiens<\/strong><\/p>\n<p>Cent ans apr\u00e8s, l\u2019interdiction est lev\u00e9e. Le 17 juillet\u00a02024, <a href=\"https:\/\/www.20minutes.fr\/paris\/4101710-20240717-direct-suivez-baignade-anne-hidalgo-seine#mbrs-comments-container?at_medium=RSS%20feed&amp;at_campaign=ynews&amp;utm_source=yahoo&amp;utm_medium=rss&amp;utm_campaign=news_feed&amp;utm_content=in_article_link\" rel=\"nofollow noopener\" target=\"_blank\" data-ylk=\"slk:Anne Hidalgo se baignait dans la Seine;elm:context_link;itc:0;sec:content-canvas\" class=\"link \">Anne Hidalgo se baignait dans la Seine<\/a>. Une \u00ab\u00a0trempette\u00a0\u00bb tout sauf anodine puisqu\u2019elle marquait le d\u00e9but des <a href=\"https:\/\/www.20minutes.fr\/sport\/jo_2024\/?at_medium=RSS%20feed&amp;at_campaign=ynews&amp;utm_source=yahoo&amp;utm_medium=rss&amp;utm_campaign=news_feed&amp;utm_content=in_article_link\" rel=\"nofollow noopener\" target=\"_blank\" data-ylk=\"slk:JO de Paris 2024;elm:context_link;itc:0;sec:content-canvas\" class=\"link \">JO de Paris 2024<\/a> et la confirmation que les \u00e9preuves d\u2019eau auraient bien lieu dans la <a href=\"https:\/\/www.20minutes.fr\/dossier\/seine?at_medium=RSS%20feed&amp;at_campaign=ynews&amp;utm_source=yahoo&amp;utm_medium=rss&amp;utm_campaign=news_feed&amp;utm_content=in_article_link\" rel=\"nofollow noopener\" target=\"_blank\" data-ylk=\"slk:Seine;elm:context_link;itc:0;sec:content-canvas\" class=\"link \">Seine<\/a>.<\/p>\n<p>A partir du 5\u00a0juillet prochain, toutes les Parisiennes et les Parisiens pourront imiter leur \u00e9dile et les athl\u00e8tes olympiques dans les trois sites de baignade ouverts au public\u00a0: Le Bras Marie (4e\u00a0arrondissement), Grenelle (15e) et Bercy (12e).<\/p>\n<p>De la fra\u00eecheur pour l\u2019\u00e9t\u00e9, des services pour les usagers<\/p>\n<p>Un \u00e9v\u00e9nement au regard <a href=\"https:\/\/www.20minutes.fr\/sport\/jo_2024\/4094107-20240602-jo-paris-2024-entre-e-coli-eaux-usees-qualite-eau-seine?at_medium=RSS%20feed&amp;at_campaign=ynews&amp;utm_source=yahoo&amp;utm_medium=rss&amp;utm_campaign=news_feed&amp;utm_content=in_article_link\" rel=\"nofollow noopener\" target=\"_blank\" data-ylk=\"slk:des analyses qui \u00e9taient faites de la qualit\u00e9;elm:context_link;itc:0;sec:content-canvas\" class=\"link \">des analyses qui \u00e9taient faites de la qualit\u00e9<\/a> de l\u2019eau encore au premier semestre\u00a02024.<\/p>\n<p>Plus que la simple baignade et la fra\u00eecheur qu\u2019elle pourrait apporter dans une des villes les plus chaudes d\u2019Europe, ces trois sites proposeront de v\u00e9ritables espaces de d\u00e9tente.<\/p>\n<p>Au Bras Marie, par exemple, face \u00e0 l\u2019\u00eele de la Cit\u00e9, les estivaux pourront profiter de nombreux services comme des casiers, des assises, des douches ext\u00e9rieures, un accueil et un poste de secours en plus d\u2019\u00eatre directement raccord\u00e9 \u00e0 <a href=\"https:\/\/www.20minutes.fr\/dossier\/paris_plages?at_medium=RSS%20feed&amp;at_campaign=ynews&amp;utm_source=yahoo&amp;utm_medium=rss&amp;utm_campaign=news_feed&amp;utm_content=in_article_link\" rel=\"nofollow noopener\" target=\"_blank\" data-ylk=\"slk:Paris Plage;elm:context_link;itc:0;sec:content-canvas\" class=\"link \">Paris Plage<\/a>.<\/p>\n<p>Accessibles aux personnes en situation de mobilit\u00e9 r\u00e9duite<\/p>\n<p>\u00c0 Bercy, deux zones de baignade d\u00e9limit\u00e9es feront face \u00e0 un grand espace am\u00e9nag\u00e9 sur le quai, \u00e9galement dot\u00e9 de commodit\u00e9s (vestiaires, douches, toilettes, accueil, poste de secours) au sein de conteneurs am\u00e9nag\u00e9s, avec en bonus une plage qui fera office de solarium, selon la Mairie de Paris.<\/p>\n<p>Pour Grenelle, face \u00e0 l\u2019\u00eele aux Cygnes, (&#8230;)<\/p>\n<p><a href=\"https:\/\/www.20minutes.fr\/paris\/4153873-20250516-paris-baignades-seine-possibles-partir-5-juillet-prochain?at_medium=RSS%20feed&amp;at_campaign=ynews&amp;utm_source=yahoo&amp;utm_medium=rss&amp;utm_campaign=news_feed&amp;utm_content=read_more_link&quot;\" rel=\"nofollow noopener\" target=\"_blank\" data-ylk=\"slk:Lire la suite sur 20minutes;elm:context_link;itc:0;sec:content-canvas\" class=\"link \">Lire la suite sur 20minutes<\/a><\/p>\n<p>\u00c0 lire aussi :<br \/><a href=\"https:\/\/www.20minutes.fr\/paris\/4098662-20240628-jo-paris-2024-moins-mois-ceremonie-ouverture-seine-trop-polluee-inquiete?at_medium=RSS%20feed&amp;at_campaign=ynews&amp;utm_source=yahoo&amp;utm_medium=rss&amp;utm_campaign=news_feed&amp;utm_content=related_content_link\" rel=\"nofollow noopener\" target=\"_blank\" data-ylk=\"slk:JO de Paris 2024\u00a0: \u00c0 moins d\u2019un mois de la c\u00e9r\u00e9monie d\u2019ouverture, la Seine, trop pollu\u00e9e, inqui\u00e8te;elm:context_link;itc:0;sec:content-canvas\" class=\"link \">JO de Paris 2024\u00a0: \u00c0 moins d\u2019un mois de la c\u00e9r\u00e9monie d\u2019ouverture, la Seine, trop pollu\u00e9e, inqui\u00e8te<\/a><br \/><a href=\"https:\/\/www.20minutes.fr\/paris\/4153415-20250514-jo-paris-2024-retour-vasque-soiree-champions-programme-complet-celebrations-devoile?at_medium=RSS%20feed&amp;at_campaign=ynews&amp;utm_source=yahoo&amp;utm_medium=rss&amp;utm_campaign=news_feed&amp;utm_content=related_content_link\" rel=\"nofollow noopener\" target=\"_blank\" data-ylk=\"slk:JO de Paris 2024\u00a0: Retour de la vasque, \u00ab\u00a0soir\u00e9e des champions\u00a0\u00bb\u2026 Le programme complet des c\u00e9l\u00e9brations d\u00e9voil\u00e9;elm:context_link;itc:0;sec:content-canvas\" class=\"link \">JO de Paris 2024\u00a0: Retour de la vasque, \u00ab\u00a0soir\u00e9e des champions\u00a0\u00bb\u2026 Le programme complet des c\u00e9l\u00e9brations d\u00e9voil\u00e9<\/a><\/p>\n","protected":false},"excerpt":{"rendered":"plouf &#8211; Un an apr\u00e8s la premi\u00e8re baignade d\u2019Anne Hidalgo et les \u00e9preuves des JO de Paris 2024,&hellip;\n","protected":false},"author":2,"featured_media":104593,"comment_status":"","ping_status":"","sticky":false,"template":"","format":"standard","meta":{"footnotes":""},"categories":[1888],"tags":[1111,1928,11,1927,2618,1777,674,1011,27,4907,5353,22135,2381,12,1926,626,1925,16920,25],"class_list":{"0":"post-104592","1":"post","2":"type-post","3":"status-publish","4":"format-standard","5":"has-post-thumbnail","7":"category-paris","8":"tag-actu","9":"tag-actu-paris","10":"tag-actualites","11":"tag-actualites-paris","12":"tag-anne-hidalgo","13":"tag-eu","14":"tag-europe","15":"tag-fr","16":"tag-france","17":"tag-lile-de-la-cite","18":"tag-la-seine","19":"tag-les-parisiennes","20":"tag-mairie-de-paris","21":"tag-news","22":"tag-news-paris","23":"tag-paris","24":"tag-paris-news","25":"tag-paris-plage","26":"tag-republique-francaise"},"share_on_mastodon":{"url":"https:\/\/pubeurope.com\/@fr\/114517939779858045","error":""},"_links":{"self":[{"href":"https:\/\/www.europesays.com\/fr\/wp-json\/wp\/v2\/posts\/104592","targetHints":{"allow":["GET"]}}],"collection":[{"href":"https:\/\/www.europesays.com\/fr\/wp-json\/wp\/v2\/posts"}],"about":[{"href":"https:\/\/www.europesays.com\/fr\/wp-json\/wp\/v2\/types\/post"}],"author":[{"embeddable":true,"href":"https:\/\/www.europesays.com\/fr\/wp-json\/wp\/v2\/users\/2"}],"replies":[{"embeddable":true,"href":"https:\/\/www.europesays.com\/fr\/wp-json\/wp\/v2\/comments?post=104592"}],"version-history":[{"count":0,"href":"https:\/\/www.europesays.com\/fr\/wp-json\/wp\/v2\/posts\/104592\/revisions"}],"wp:featuredmedia":[{"embeddable":true,"href":"https:\/\/www.europesays.com\/fr\/wp-json\/wp\/v2\/media\/104593"}],"wp:attachment":[{"href":"https:\/\/www.europesays.com\/fr\/wp-json\/wp\/v2\/media?parent=104592"}],"wp:term":[{"taxonomy":"category","embeddable":true,"href":"https:\/\/www.europesays.com\/fr\/wp-json\/wp\/v2\/categories?post=104592"},{"taxonomy":"post_tag","embeddable":true,"href":"https:\/\/www.europesays.com\/fr\/wp-json\/wp\/v2\/tags?post=104592"}],"curies":[{"name":"wp","href":"https:\/\/api.w.org\/{rel}","templated":true}]}}