{"id":104601,"date":"2025-05-16T14:20:14","date_gmt":"2025-05-16T14:20:14","guid":{"rendered":"https:\/\/www.europesays.com\/fr\/104601\/"},"modified":"2025-05-16T14:20:14","modified_gmt":"2025-05-16T14:20:14","slug":"voici-le-point-qui-a-fait-echouer-les-discussions","status":"publish","type":"post","link":"https:\/\/www.europesays.com\/fr\/104601\/","title":{"rendered":"voici le point qui a fait \u00e9chouer les discussions"},"content":{"rendered":"<p>        <img decoding=\"async\" loading=\"lazy\" src=\"https:\/\/www.europesays.com\/fr\/wp-content\/uploads\/2025\/05\/d4857b9_sirius-fs-upload-1-n1lznjvawcud-1747403182549-000-46ye3kd.jpg\"  width=\"728\" height=\"410\" alt=\"Lors des pourparlers de paix entre l\u2019Ukraine et la Russie, \u00e0 Istanbul en Turquie, le 16\u00a0mai 2025.\"\/>  <\/p>\n<p>HANDOUT \/ AFP<\/p>\n<p>Lors des pourparlers de paix entre l\u2019Ukraine et la Russie, \u00e0 Istanbul en Turquie, le 16\u00a0mai 2025.<\/p>\n<p class=\"asset asset-text\">INTERNATIONAL &#8211; Les pourparlers de paix tant attendues <a href=\"https:\/\/www.huffingtonpost.fr\/international\/video\/les-pourparlers-entre-la-russie-et-l-ukraine-en-turquie-tournent-au-chaos-des-reunions-attendues_250093.html\" rel=\"nofollow noopener\" target=\"_blank\">entre l\u2019Ukraine et la Russie<\/a>, ce vendredi 16\u00a0mai \u00e0 Istanbul en Turquie, n\u2019auront pas dur\u00e9 bien longtemps. La r\u00e9union s\u2019est ainsi achev\u00e9e apr\u00e8s 1h40\u00a0de discussions, a annonc\u00e9 une source au minist\u00e8re turc des Affaires \u00e9trang\u00e8res.<\/p>\n<p class=\"asset asset-text\">Le chef de la diplomatie turque Hakan Fidan a assist\u00e9 aux \u00e9changes au palais de Dolmabah\u00e7e, \u00e0\u00a0Istanbul, selon ses services.<\/p>\n<p class=\"asset asset-text\">La teneur des \u00e9changes n\u2019a pas \u00e9t\u00e9 d\u00e9voil\u00e9e, mais un responsable ukrainien a accus\u00e9 la Russie d\u2019avoir formul\u00e9 des demandes territoriales \u00ab\u00a0inacceptables\u00a0\u00bb pour faire d\u00e9railler les n\u00e9gociations.<\/p>\n<p class=\"asset asset-text\">\u00ab\u00a0Les repr\u00e9sentants russes pr\u00e9sentent des demandes inacceptables qui vont au-del\u00e0 de ce qui a \u00e9t\u00e9 discut\u00e9 avant la r\u00e9union\u00a0\u00bb, dont \u00ab\u00a0le retrait des forces ukrainiennes de vastes parties du territoire ukrainien qu\u2019elles contr\u00f4lent pour qu\u2019un\u00a0cessez-le-feu\u00a0puisse \u00eatre instaur\u00e9\u00a0\u00bb, a affirm\u00e9 ce responsable \u00e0 l\u2019AFP sous couvert d\u2019anonymat.<\/p>\n<p>                     La Russie \u00ab\u00a0satisfaite\u00a0\u00bb des discussions    <\/p>\n<p class=\"asset asset-text\">Malgr\u00e9 tout, les n\u00e9gociateurs russe et ukrainien ont annonc\u00e9 apr\u00e8s leurs discussions avoir \u00e9voqu\u00e9 la possibilit\u00e9 d\u2019instaurer un cessez-le-feu, d\u2019organiser une rencontre entre les pr\u00e9sidents <a href=\"https:\/\/www.huffingtonpost.fr\/international\/article\/guerre-en-ukraine-les-intentions-de-poutine-derriere-sa-proposition-de-negociation-decryptees-par-un-expert_249862.html\" rel=\"nofollow noopener\" target=\"_blank\">Vladimir Poutine<\/a> et <a href=\"https:\/\/www.huffingtonpost.fr\/international\/article\/volodymyr-zelensky-ne-participera-pas-aux-pourparlers-avec-la-russie-a-istanbul_250079.html\" rel=\"nofollow noopener\" target=\"_blank\">Volodymyr Zelensky<\/a> et pr\u00e9voir un \u00e9change de prisonniers de 1\u00a0000 personnes de chaque camp.<\/p>\n<p class=\"asset asset-text\">La Russie s\u2019est dite, par la voix de son n\u00e9gociateur Vladimir Medinski, \u00ab\u00a0satisfaite\u00a0\u00bb de l\u2019issue de ces premiers pourparlers de paix depuis 2022 avec l\u2019Ukraine et \u00eatre \u00ab\u00a0pr\u00eate \u00e0 poursuivre les contacts\u00a0\u00bb.<\/p>\n<p class=\"asset asset-text\">\u00c0 l\u2019ouverture des\u00a0discussions, la Turquie avait r\u00e9clam\u00e9 un cessez-le-feu \u00ab\u00a0d\u00e8s que possible\u00a0\u00bb en Ukraine. \u00ab\u00a0Chaque jour de retard entra\u00eene de nouvelles pertes humaines\u00a0\u00bb, avait fait valoir le ministre turc des Affaires \u00e9trang\u00e8res Hakan Fidan. Pour lui, il \u00e9tait \u00ab\u00a0tr\u00e8s important\u00a0\u00bb que ces discussions \u00ab\u00a0constituent la base\u00a0\u00bb d\u2019une rencontre entre les pr\u00e9sidents russe et ukrainien.<\/p>\n<p class=\"asset asset-text\">Une reprise des pourparlers russo-ukrainiens est encore \u00ab\u00a0possible\u00a0\u00bb ce vendredi, mais pas encore \u00ab\u00a0pr\u00e9vue\u00a0\u00bb \u00e0 ce stade, a aussi indiqu\u00e9 \u00e0 l\u2019AFP un haut responsable ukrainien au fait de ces discussions. \u00ab\u00a0Nos \u00e9quipes sont pr\u00eates \u00e0 travailler aussi longtemps que n\u00e9cessaire\u00a0\u00bb, a-t-il ajout\u00e9, d\u00e9plorant une d\u00e9l\u00e9gation russe \u00ab\u00a0faible\u00a0\u00bb, incapable selon lui de \u00ab\u00a0prendre une d\u00e9cision substantielle pour mettre fin \u00e0 la guerre\u00a0\u00bb.<\/p>\n<p class=\"asset asset-text\">Plus t\u00f4t, le chef de l\u2019administration pr\u00e9sidentielle ukrainienne, Andri\u00ef Iermak, avait martel\u00e9 qu\u2019obtenir de la Russie un \u00ab\u00a0cessez-le-feu inconditionnel\u00a0\u00bb \u00e9tait la \u00ab\u00a0priorit\u00e9\u00a0\u00bb, ainsi que l\u2019organisation d\u2019une rencontre entre Volodymyr Zelensky et Vladimir Poutine.<\/p>\n<p>    Zelensky, Macron, Merz, Starmer et Tusk r\u00e9unis \u00e0 Tirana    <\/p>\n<p class=\"asset asset-text\">Autres requ\u00eates ukrainiennes\u00a0: le retour des enfants ukrainiens \u00ab\u00a0d\u00e9port\u00e9s\u00a0\u00bb en Russie selon Kiev &#8211; ce que Moscou d\u00e9ment &#8211; et un important \u00e9change de prisonniers de guerre.<\/p>\n<p class=\"asset asset-text\">Le n\u00e9gociateur russe, Vladimir Medinski, avait lui indiqu\u00e9 que Moscou voulait discuter des \u00ab\u00a0causes profondes\u00a0\u00bb du conflit et consid\u00e9rait ces pourparlers comme \u00ab\u00a0la suite\u00a0\u00bb de ceux, avort\u00e9s, de 2022.<\/p>\n<p class=\"asset asset-text\">De leur c\u00f4t\u00e9, les dirigeants fran\u00e7ais Emmanuel Macron, allemand Friedrich Merz, britannique Keir Starmer, polonais Donald Tusk et le pr\u00e9sident ukrainien Volodymyr Zelensky se sont r\u00e9unis ce vendredi \u00e0 Tirana, en marge d\u2019un sommet, peu apr\u00e8s la fin du round de discussions russo-ukrainiennes en Turquie, a indiqu\u00e9 l\u2019\u00c9lys\u00e9e. Ils se sont notamment entretenus au t\u00e9l\u00e9phone avec le pr\u00e9sident am\u00e9ricain Donald Trump.<\/p>\n<p class=\"asset asset-text\">Le pr\u00e9sident ukrainien a peu auparavant appel\u00e9 \u00e0 une \u00ab\u00a0r\u00e9action forte\u00a0\u00bb en cas d\u2019\u00e9chec des pourparlers devant les dirigeants du continent europ\u00e9en en Albanie. Emmanuel Macron a estim\u00e9 pour sa part que la Russie n\u2019avait \u00ab\u00a0pas envie\u00a0\u00bb de conclure un cessez-le-feu en Ukraine et qu\u2019il allait falloir mettre une \u00ab\u00a0pression accrue\u00a0\u00bb pour l\u2019y contraindre.<\/p>\n<p class=\"asset asset-text\"><strong>\u00c0 voir \u00e9galement sur Le HuffPost\u00a0:<\/strong><\/p>\n<p> La lecture de ce contenu est susceptible d\u2019entra\u00eener un d\u00e9p\u00f4t de cookies de la part de l\u2019op\u00e9rateur tiers qui l\u2019h\u00e9berge. Compte-tenu des choix que vous avez exprim\u00e9s en mati\u00e8re de d\u00e9p\u00f4t de cookies, nous avons bloqu\u00e9 l\u2019affichage de ce contenu. Si vous souhaitez y acc\u00e9der, vous devez accepter la cat\u00e9gorie de cookies \u201cContenus tiers\u201d en cliquant sur le bouton ci-dessous. <\/p>\n<p> Lire la Vid\u00e9o                <\/p>\n","protected":false},"excerpt":{"rendered":"HANDOUT \/ AFP Lors des pourparlers de paix entre l\u2019Ukraine et la Russie, \u00e0 Istanbul en Turquie, le&hellip;\n","protected":false},"author":2,"featured_media":104602,"comment_status":"","ping_status":"","sticky":false,"template":"","format":"standard","meta":{"footnotes":""},"categories":[1590],"tags":[11,221,1777,674,131,14,12,132,3496,220],"class_list":{"0":"post-104601","1":"post","2":"type-post","3":"status-publish","4":"format-standard","5":"has-post-thumbnail","7":"category-ukraine","8":"tag-actualites","9":"tag-cessez-le-feu","10":"tag-eu","11":"tag-europe","12":"tag-guerre-en-ukraine","13":"tag-international","14":"tag-news","15":"tag-russie","16":"tag-turquie","17":"tag-ukraine"},"share_on_mastodon":{"url":"https:\/\/pubeurope.com\/@fr\/114517955473539998","error":""},"_links":{"self":[{"href":"https:\/\/www.europesays.com\/fr\/wp-json\/wp\/v2\/posts\/104601","targetHints":{"allow":["GET"]}}],"collection":[{"href":"https:\/\/www.europesays.com\/fr\/wp-json\/wp\/v2\/posts"}],"about":[{"href":"https:\/\/www.europesays.com\/fr\/wp-json\/wp\/v2\/types\/post"}],"author":[{"embeddable":true,"href":"https:\/\/www.europesays.com\/fr\/wp-json\/wp\/v2\/users\/2"}],"replies":[{"embeddable":true,"href":"https:\/\/www.europesays.com\/fr\/wp-json\/wp\/v2\/comments?post=104601"}],"version-history":[{"count":0,"href":"https:\/\/www.europesays.com\/fr\/wp-json\/wp\/v2\/posts\/104601\/revisions"}],"wp:featuredmedia":[{"embeddable":true,"href":"https:\/\/www.europesays.com\/fr\/wp-json\/wp\/v2\/media\/104602"}],"wp:attachment":[{"href":"https:\/\/www.europesays.com\/fr\/wp-json\/wp\/v2\/media?parent=104601"}],"wp:term":[{"taxonomy":"category","embeddable":true,"href":"https:\/\/www.europesays.com\/fr\/wp-json\/wp\/v2\/categories?post=104601"},{"taxonomy":"post_tag","embeddable":true,"href":"https:\/\/www.europesays.com\/fr\/wp-json\/wp\/v2\/tags?post=104601"}],"curies":[{"name":"wp","href":"https:\/\/api.w.org\/{rel}","templated":true}]}}