{"id":104611,"date":"2025-05-16T14:25:08","date_gmt":"2025-05-16T14:25:08","guid":{"rendered":"https:\/\/www.europesays.com\/fr\/104611\/"},"modified":"2025-05-16T14:25:08","modified_gmt":"2025-05-16T14:25:08","slug":"hugo-manos-deja-oublie-il-a-eu-un-premier-ren","status":"publish","type":"post","link":"https:\/\/www.europesays.com\/fr\/104611\/","title":{"rendered":"Hugo Manos d\u00e9j\u00e0 oubli\u00e9, il a eu \u201cun premier ren &#8230;"},"content":{"rendered":"<p class=\"tls__ed-content__exc\">Il semblerait que Laurent Ruquier<br \/>\nse soit d\u00e9j\u00e0 remis de sa rupture avec Hugo Manos. L\u2019animateur a<br \/>\nconfi\u00e9 avoir eu un premier rendez-vous. D\u00e9tails\u2026<\/p>\n<p>EN BREF<\/p>\n<ul class=\"bloc_resume_post_list\">\n<li>Fin mars dernier, Hugo Manos et Laurent Ruquier ont<br \/>\nannonc\u00e9 leur s\u00e9paration apr\u00e8s sept ans de relation, d\u00e9clarant que<br \/>\nla rupture \u00e9tait d\u00a0\u00bbun commun accord.<\/li>\n<li>Le 13 mai, Laurent Ruquier a r\u00e9v\u00e9l\u00e9 lors de son \u00e9mission<br \/>\nsur RTL qu&rsquo;il avait eu un premier rendez-vous galant, sans d\u00e9voiler<br \/>\nl&rsquo;identit\u00e9 de la personne rencontr\u00e9e.<\/li>\n<li>D\u00e9couvrez comment Laurent Ruquier navigue dans sa vie<br \/>\namoureuse post-rupture et les raisons derri\u00e8re la fin de sa<br \/>\nrelation avec Hugo Manos.<\/li>\n<\/ul>\n<p>Savoir se remettre en selle\u2026 Fin mars dernier, <strong>Hugo<br \/>\nManos<\/strong> avait annonc\u00e9 une triste nouvelle concernant son<br \/>\ncouple avec <a href=\"https:\/\/www.closermag.fr\/people\/quils-sont-cns-laurent-ruquier-cash-sur-la-paternite-il-met-les-pieds-dans-le-plat-3544863\" rel=\"nofollow noopener\" target=\"_blank\"><br \/>\nLaurent Ruquier<\/a>. En effet, le couple a d\u00e9cid\u00e9 de se s\u00e9parer<br \/>\napr\u00e8s 7 ann\u00e9es d\u2019idylle. A cette \u00e9poque, le chroniqueur de 37 ans<br \/>\nn\u2019a pas donn\u00e9 de d\u00e9tails sur <a href=\"https:\/\/www.telestar.fr\/people\/pour-vivre-avec-un-homme-cette-obsession-de-laurent-ruquier-avec-ses-compagnons-devoilee-en-plein-direct-1722776\" rel=\"nofollow noopener\" target=\"_blank\"><br \/>\nles raisons<\/a> de la rupture. Il avait seulement fait savoir que<br \/>\nla s\u00e9paration \u00e9tait d\u2019un \u00ab\u00a0commun-accord\u00a0\u00bb et qu\u2019ils restaient<br \/>\n<strong>en bons termes<\/strong>.<\/p>\n<p>Depuis, l\u2019entrepreneur, influenceur et gagnant de la saison 3<br \/>\ndes Tra\u00eetres a affirm\u00e9 qu\u2019il ne s\u2019\u00e9tait <strong>pas encore<br \/>\nremis en couple<\/strong>. D\u2019ailleurs, il avait soulign\u00e9 le fait<br \/>\nqu\u2019il adorait \u00eatre c\u00e9libataire. Un point de vue que son ex, Laurent<br \/>\nRuquier, ne partage visiblement pas. Apr\u00e8s tout, l\u2019animateur de 62<br \/>\nans a avou\u00e9 s\u2019\u00eatre <strong>remis en selle<\/strong>.<\/p>\n<p>Laurent Ruquier : son premier rendez-vous charmant<\/p>\n<p>Le mardi 13 mai dernier, <strong>Laurent Ruquier<\/strong> a fait<br \/>\nsavoir qu\u2019il avait repris les rendez-vous galants. Dans son<br \/>\n\u00e9mission, <strong>Les Grosses T\u00eates<\/strong>, sur<br \/>\nRTL, il s\u2019est volontiers confi\u00e9 sur le sujet. \u00ab\u00a0Il se<br \/>\ntrouve en tout cas qu&rsquo;hier soir, j&rsquo;ai effectivement eu<br \/>\n<strong>un premier rendez-vous charmant<\/strong> et<br \/>\nquelqu&rsquo;un m&rsquo;a fait d\u00e9couvrir, je ne connaissais pas, le<br \/>\n<strong>Dirty Martini<\/strong> !\u00a0\u00bb, avait-il<br \/>\ngliss\u00e9 dans une conversation gravitant autour des cocktails.<\/p>\n<p>Malheureusement, c\u2019est la seule information qu\u2019il a laiss\u00e9<br \/>\nfuiter puisqu\u2019il n\u2019a pas d\u00e9voil\u00e9 l\u2019identit\u00e9 de ce rendez-vous<br \/>\n\u00ab\u00a0sp\u00e9cial\u00a0\u00bb. Au lieu de cela, il a redirig\u00e9 la conversation vers le<br \/>\nsujet de base qui \u00e9tait la boisson. Peut-\u00eatre est-ce le d\u00e9but d\u2019une<br \/>\ngrande <strong>histoire d\u2019amour<\/strong>.<\/p>\n<blockquote class=\"twitter-tweet\"><p><a class=\"twitter-link\" rel=\"noindex, nofollow noopener\" href=\"https:\/\/twitter.com\/melty_fr\/status\/1905592065322315777\" target=\"_blank\"><\/p><\/blockquote>\n<p>Laurent Ruquier : les raisons de sa<br \/>\nrupture avec Hugo Manos<\/p>\n<p>Si <strong>Hugo Manos<\/strong> ne s\u2019est jamais exprim\u00e9 sur les<br \/>\nraisons de sa rupture avec <strong>Laurent Ruquier<\/strong>,<br \/>\nl\u2019animateur, lui, s\u2019est d\u00e9j\u00e0 confi\u00e9 <a href=\"https:\/\/www.telestar.fr\/people\/tu-las-vu-mon-cl-laurent-ruquier-pousse-une-societaire-dans-ses-retranchements-1721428\" rel=\"nofollow noopener\" target=\"_blank\"><br \/>\nsur le sujet<\/a>. A nos confr\u00e8res du Paris Match, il avait<br \/>\nconfi\u00e9 : \u00ab\u00a0\u00c7a ne marchait plus&#8230; Et je ne suis pas r\u00e9sign\u00e9 au<br \/>\npoint de continuer \u00e0 vivre avec quelqu&rsquo;un quand l&rsquo;amour est<br \/>\nparti\u00a0\u00bb.<\/p>\n<p>L\u2019amour serait donc mort pour ce grand \u00ab\u00a0romantique\u00a0\u00bb qui<br \/>\naffirme toujours croire \u00ab\u00a0au grand amour\u00a0\u00bb. \u00ab\u00a0Je suis la<br \/>\ngrenouille qui attend que <strong>son prince<br \/>\ncharmant<\/strong> vienne l&#8217;embrasser. Malheureusement, je<br \/>\nne peux pas vous offrir de scoop car je ne connais pas encore le<br \/>\nnom du prochain&#8230; Je ne sais m\u00eame pas s&rsquo;il y en aura un\u00a0\u00bb,<br \/>\navait-il ajout\u00e9 \u00e0 nos confr\u00e8res. Il semblerait que les choses aient<br \/>\n\u00e9volu\u00e9 depuis\u2026<\/p>\n<p><script async src=\"https:\/\/platform.twitter.com\/widgets.js\" charset=\"utf-8\"><\/script><\/p>\n","protected":false},"excerpt":{"rendered":"Il semblerait que Laurent Ruquier se soit d\u00e9j\u00e0 remis de sa rupture avec Hugo Manos. L\u2019animateur a confi\u00e9&hellip;\n","protected":false},"author":2,"featured_media":104612,"comment_status":"","ping_status":"","sticky":false,"template":"","format":"standard","meta":{"footnotes":""},"categories":[1586],"tags":[11,548,1777,674,1779,1011,27,1759,12,25,1778,364],"class_list":{"0":"post-104611","1":"post","2":"type-post","3":"status-publish","4":"format-standard","5":"has-post-thumbnail","7":"category-europe","8":"tag-actualites","9":"tag-article-simple","10":"tag-eu","11":"tag-europe","12":"tag-european-union","13":"tag-fr","14":"tag-france","15":"tag-laurent-ruquier","16":"tag-news","17":"tag-republique-francaise","18":"tag-ue","19":"tag-union-europeenne"},"share_on_mastodon":{"url":"https:\/\/pubeurope.com\/@fr\/114517975003922187","error":""},"_links":{"self":[{"href":"https:\/\/www.europesays.com\/fr\/wp-json\/wp\/v2\/posts\/104611","targetHints":{"allow":["GET"]}}],"collection":[{"href":"https:\/\/www.europesays.com\/fr\/wp-json\/wp\/v2\/posts"}],"about":[{"href":"https:\/\/www.europesays.com\/fr\/wp-json\/wp\/v2\/types\/post"}],"author":[{"embeddable":true,"href":"https:\/\/www.europesays.com\/fr\/wp-json\/wp\/v2\/users\/2"}],"replies":[{"embeddable":true,"href":"https:\/\/www.europesays.com\/fr\/wp-json\/wp\/v2\/comments?post=104611"}],"version-history":[{"count":0,"href":"https:\/\/www.europesays.com\/fr\/wp-json\/wp\/v2\/posts\/104611\/revisions"}],"wp:featuredmedia":[{"embeddable":true,"href":"https:\/\/www.europesays.com\/fr\/wp-json\/wp\/v2\/media\/104612"}],"wp:attachment":[{"href":"https:\/\/www.europesays.com\/fr\/wp-json\/wp\/v2\/media?parent=104611"}],"wp:term":[{"taxonomy":"category","embeddable":true,"href":"https:\/\/www.europesays.com\/fr\/wp-json\/wp\/v2\/categories?post=104611"},{"taxonomy":"post_tag","embeddable":true,"href":"https:\/\/www.europesays.com\/fr\/wp-json\/wp\/v2\/tags?post=104611"}],"curies":[{"name":"wp","href":"https:\/\/api.w.org\/{rel}","templated":true}]}}