{"id":104619,"date":"2025-05-16T14:30:08","date_gmt":"2025-05-16T14:30:08","guid":{"rendered":"https:\/\/www.europesays.com\/fr\/104619\/"},"modified":"2025-05-16T14:30:08","modified_gmt":"2025-05-16T14:30:08","slug":"au-palatinu-contre-frejus-le-gfc-ajaccio-pret-pour-reprendre-lascenseur-pour-lelite","status":"publish","type":"post","link":"https:\/\/www.europesays.com\/fr\/104619\/","title":{"rendered":"au Palatinu contre Fr\u00e9jus, le GFC Ajaccio pr\u00eat pour reprendre l&rsquo;ascenseur pour l&rsquo;\u00e9lite"},"content":{"rendered":"<p>Tout semble r\u00e9uni pour que la f\u00eate soit au rendez-vous ce vendredi soir dans un <strong>Palatinu<\/strong> bouillant face \u00e0 <strong>Fr\u00e9jus<\/strong>. Comme toujours, elle promet d&rsquo;\u00eatre belle avec un engouement et une pression montant crescendo, au sein d&rsquo;une \u00e9quipe du GFCA sur qui repose maintenant la responsabilit\u00e9 de ne pas la g\u00e2cher.<\/p>\n<p>Ce serait cruel et injuste de la voir \u00e9chouer \u00e0 nouveau si pr\u00e8s du but, lorsqu&rsquo;on sait et mesure les efforts consentis pour apr\u00e8s la terrible d\u00e9faite subie l&rsquo;an pass\u00e9 en finale retour face \u00e0 Cannes, se remettre dans un premier temps en ordre de bataille et sans se cacher, repartir \u00e0 la conqu\u00eate du titre.<\/p>\n<p>Impatients d&rsquo;en d\u00e9coudre apr\u00e8s avoir remport\u00e9 la finale aller<\/p>\n<p>On n&rsquo;ose m\u00eame pas imaginer un tel sc\u00e9nario catastrophe, m\u00eame si en volley-ball l&rsquo;histoire fourmille de sc\u00e9narios renversants et de revers douloureux, \u00e0 l&rsquo;image des deux finales perdues coup sur coup en Ligue B par Nice en 2014 et 2015, mais aussi Saint-Nazaire en 2019 et 2021.<\/p>\n","protected":false},"excerpt":{"rendered":"Tout semble r\u00e9uni pour que la f\u00eate soit au rendez-vous ce vendredi soir dans un Palatinu bouillant face&hellip;\n","protected":false},"author":2,"featured_media":104620,"comment_status":"","ping_status":"","sticky":false,"template":"","format":"standard","meta":{"footnotes":""},"categories":[1417],"tags":[17,5622,1444,1011,27,18745,3025,3022,22136,60,1470,1469],"class_list":{"0":"post-104619","1":"post","2":"type-post","3":"status-publish","4":"format-standard","5":"has-post-thumbnail","7":"category-volley","8":"tag-17","9":"tag-ajaccio","10":"tag-contre","11":"tag-fr","12":"tag-france","13":"tag-frejus","14":"tag-gfc","15":"tag-ligue","16":"tag-palatinu","17":"tag-sports","18":"tag-volley","19":"tag-volleyball"},"share_on_mastodon":{"url":"https:\/\/pubeurope.com\/@fr\/114517994580851361","error":""},"_links":{"self":[{"href":"https:\/\/www.europesays.com\/fr\/wp-json\/wp\/v2\/posts\/104619","targetHints":{"allow":["GET"]}}],"collection":[{"href":"https:\/\/www.europesays.com\/fr\/wp-json\/wp\/v2\/posts"}],"about":[{"href":"https:\/\/www.europesays.com\/fr\/wp-json\/wp\/v2\/types\/post"}],"author":[{"embeddable":true,"href":"https:\/\/www.europesays.com\/fr\/wp-json\/wp\/v2\/users\/2"}],"replies":[{"embeddable":true,"href":"https:\/\/www.europesays.com\/fr\/wp-json\/wp\/v2\/comments?post=104619"}],"version-history":[{"count":0,"href":"https:\/\/www.europesays.com\/fr\/wp-json\/wp\/v2\/posts\/104619\/revisions"}],"wp:featuredmedia":[{"embeddable":true,"href":"https:\/\/www.europesays.com\/fr\/wp-json\/wp\/v2\/media\/104620"}],"wp:attachment":[{"href":"https:\/\/www.europesays.com\/fr\/wp-json\/wp\/v2\/media?parent=104619"}],"wp:term":[{"taxonomy":"category","embeddable":true,"href":"https:\/\/www.europesays.com\/fr\/wp-json\/wp\/v2\/categories?post=104619"},{"taxonomy":"post_tag","embeddable":true,"href":"https:\/\/www.europesays.com\/fr\/wp-json\/wp\/v2\/tags?post=104619"}],"curies":[{"name":"wp","href":"https:\/\/api.w.org\/{rel}","templated":true}]}}