{"id":1046285,"date":"2026-07-06T04:57:39","date_gmt":"2026-07-06T04:57:39","guid":{"rendered":"https:\/\/www.europesays.com\/fr\/1046285\/"},"modified":"2026-07-06T04:57:39","modified_gmt":"2026-07-06T04:57:39","slug":"jim-morrison-le-recit-de-ses-derniers-jours-a-paris","status":"publish","type":"post","link":"https:\/\/www.europesays.com\/fr\/1046285\/","title":{"rendered":"Jim Morrison, le r\u00e9cit de ses derniers jours \u00e0 Paris"},"content":{"rendered":"<p itemprop=\"description\"><strong>La relation avec Pamela, l&rsquo;amour de la lecture, le c\u00f4t\u00e9 sombre de Paris et les derni\u00e8res rencontres \u00e9tranges<\/strong><\/p>\n<p class=\"PDq2pG_selectionAnchorContainer\">Lorsque <a href=\"https:\/\/virginradio.fr\/news\/rock\/8412\/quand-jim-morrison-a-montre-son-s-xe-en-plein-concert\" target=\"_blank\" rel=\"noopener nofollow\"><strong>Jim Morrison<\/strong><\/a> quitte les \u00c9tats-Unis pour <strong>Paris<\/strong>, il n\u2019a plus vraiment l\u2019\u00e2me d\u2019un simple chanteur de rock. Il veut \u00eatre reconnu avant tout comme <strong>po\u00e8te<\/strong>, loin de l\u2019image sulfureuse que lui a coll\u00e9e son r\u00f4le de leader des <a href=\"https:\/\/virginradio.fr\/news\/rock\/9111\/the-doors-l-histoire-du-single-mythique-light-my-fire-qui-a-mis-jim-morrison-en-veritable-icone-du-rock\" target=\"_blank\" rel=\"noopener nofollow\"><strong>The Doors<\/strong>.<\/a><\/p>\n<p>Un po\u00e8te avant d\u2019\u00eatre une ic\u00f4ne du rock<\/p>\n<p>Bien avant la gloire, <a href=\"https:\/\/virginradio.fr\/news\/rock\/7867\/jim-morrison-aurait-eu-82-ans-aujourd-hui-retour-sur-le-poete-maudit-du-rock\" target=\"_blank\" rel=\"noopener nofollow\">Jim Morrison<\/a> r\u00eave d\u2019\u00e9criture et de cin\u00e9ma. Lorsqu\u2019il quitte sa famille en Floride et arrive \u00e0 Venice Beach en 1964, il transporte avec lui des carnets remplis de <strong>po\u00e8mes<\/strong>, nourris par la litt\u00e9rature romantique anglaise et la culture beatnik de San Francisco. Son objectif est clair : devenir \u00e9crivain et \u00e9tudier le cin\u00e9ma \u00e0 l\u2019UCLA.<\/p>\n<p>En 1969, il publie m\u00eame des recueils sous le nom de <strong>James Douglas Morrison<\/strong>, une tentative assum\u00e9e de se d\u00e9tacher de son statut de <strong>rock star<\/strong>.<\/p>\n<p>La chute et le point de non-retour<\/p>\n<p>Mais la trajectoire de Morrison bascule progressivement. L\u2019\u00ab <strong>incident de Miami<\/strong> \u00bb en 1970, lors duquel il est jug\u00e9 pour exposition ind\u00e9cente sur sc\u00e8ne, marque un tournant d\u00e9cisif. D\u00e9j\u00e0 fragilis\u00e9 par l\u2019alcoolisme, il commence \u00e0 s\u2019\u00e9loigner du rock.<\/p>\n<p>Pour lui, le langage du <strong>rock &lsquo;n&rsquo; roll<\/strong> ne suffit plus. Morrison se voit comme un <strong>chaman<\/strong>, un provocateur du r\u00e9el, fascin\u00e9 par la transgression et le chaos : une qu\u00eate de libert\u00e9 totale, presque mystique.<\/p>\n<p>M\u00eame sur sc\u00e8ne, le malaise est palpable. Lors du concert de l\u2019\u00eele de Wight en ao\u00fbt 1970, il demande \u00e0 jouer dans l\u2019obscurit\u00e9, refusant la lumi\u00e8re et le spectacle.<\/p>\n<p>Paris, l\u2019ultime refuge<\/p>\n<p>En mars 1971, Morrison s\u2019installe \u00e0 <strong>Paris<\/strong>, dans le Marais, au 17-19 rue de Beautreillis, avec sa compagne et muse <strong>Pamela Courson<\/strong>. C\u2019est l\u00e0 que d\u00e9bute la derni\u00e8re \u00e9tape de sa vie.<\/p>\n<p>\u00c0 Paris, il semble apais\u00e9. Il prend du poids, porte une barbe, tente de se d\u00e9tacher de ses addictions et retrouve une certaine routine. Il passe du temps \u00e0 lire et \u00e9crire place des Vosges, fr\u00e9quente la librairie <strong>Shakespeare and Company<\/strong> et les caf\u00e9s de Saint-Germain-des-Pr\u00e9s comme le <strong>Caf\u00e9 de Flore<\/strong> et les <strong>Deux Magots<\/strong>.<\/p>\n<p>Selon Ray Manzarek, sa compagne Pamela Courson repr\u00e9sentait son \u00e9quilibre : une pr\u00e9sence capable de compl\u00e9ter son monde int\u00e9rieur, aussi fragile que cr\u00e9atif.<\/p>\n<p>Mais Paris est aussi une ville de contrastes. \u00c0 c\u00f4t\u00e9 des caf\u00e9s litt\u00e9raires, Morrison plonge parfois dans les clubs de la rive gauche comme le Rock\u2019n\u2019Roll Circus ou l\u2019Alcazar, o\u00f9 il croise des figures troubles du milieu rock et underground.<\/p>\n<p>La nuit du 3 juillet 1971<\/p>\n<p>La derni\u00e8re nuit de Jim Morrison reste entour\u00e9e de myst\u00e8re. Selon le t\u00e9moignage de <strong>Pamela Courson<\/strong>, ils passent la soir\u00e9e ensemble, d\u00eenent dans un restaurant chinois puis vont au cin\u00e9ma. De retour \u00e0 l\u2019appartement, Morrison prend un bain.<\/p>\n<p>Au petit matin du <strong>3 juillet 1971<\/strong>, elle le d\u00e9couvre inanim\u00e9 dans la baignoire. La cause officielle \u00e9voque un <strong>arr\u00eat cardiaque<\/strong>, sans autopsie, conform\u00e9ment \u00e0 la loi fran\u00e7aise de l\u2019\u00e9poque.<\/p>\n<p>Il avait 27 ans, rejoignant le tristement c\u00e9l\u00e8bre <strong>Club des 27<\/strong>, aux c\u00f4t\u00e9s de <strong>Jimi Hendrix<\/strong> et <strong>Janis Joplin<\/strong>, disparus quelques mois plus t\u00f4t.<\/p>\n<p>Un myst\u00e8re qui nourrit la l\u00e9gende<\/p>\n<p>Tr\u00e8s vite, les versions divergent. Certains \u00e9voquent des contradictions dans les t\u00e9moignages de Pamela Courson et du manager des Doors. D\u2019autres parlent d\u2019une possible overdose dans un club parisien, ou encore d\u2019un encha\u00eenement d\u2019\u00e9v\u00e9nements dans les bas-fonds de la capitale.<\/p>\n<p>Des noms circulent, des hypoth\u00e8ses s\u2019accumulent, mais aucune certitude ne s\u2019impose. La disparition de Morrison reste l\u2019un des myst\u00e8res les plus persistants du rock.<\/p>\n<p>L\u2019h\u00e9ritage d\u2019un po\u00e8te maudit<\/p>\n<p>Au-del\u00e0 des rumeurs, une chose demeure : <a href=\"https:\/\/virginradio.fr\/news\/rock\/7136\/jim-morrison-5-anecdotes-sur-le-legendaire-chanteur-des-doors\" target=\"_blank\" rel=\"noopener nofollow\">Jim Morrison<\/a> est aujourd\u2019hui reconnu comme un v\u00e9ritable <strong>po\u00e8te du rock<\/strong>, dont l\u2019\u0153uvre d\u00e9passe largement la musique.<\/p>\n<p>Il repose au <strong>Cimeti\u00e8re du P\u00e8re-Lachaise<\/strong>, \u00e0 Paris, parmi les artistes qu\u2019il admirait, comme Oscar Wilde. Sa tombe est devenue un lieu de m\u00e9moire, presque un sanctuaire pour ceux qui voient en lui bien plus qu\u2019une star disparue trop t\u00f4t.<\/p>\n<p data-is-last-node=\"\" data-is-only-node=\"\"><strong>Jim Morrison<\/strong>, <strong>po\u00e8te maudit<\/strong>, <strong>ic\u00f4ne du rock<\/strong>, continue d\u2019habiter Paris et l\u2019imaginaire collectif. Un artiste dont la fin tragique n\u2019a fait que renforcer la l\u00e9gende.<\/p>\n","protected":false},"excerpt":{"rendered":"La relation avec Pamela, l&rsquo;amour de la lecture, le c\u00f4t\u00e9 sombre de Paris et les derni\u00e8res rencontres \u00e9tranges&hellip;\n","protected":false},"author":2,"featured_media":1046286,"comment_status":"","ping_status":"","sticky":false,"template":"","format":"standard","meta":{"footnotes":"","_share_on_mastodon":"0"},"categories":[1888],"tags":[1111,1928,11,1927,650,19312,7734,11500,2889,2263,1777,674,19311,1011,27,1922,6417,1114,19315,4662,19313,12,1926,19314,626,1925,19316,3725,1825,19310,66653,25,7040,3758,19307,19309,19308],"class_list":["post-1046285","post","type-post","status-publish","format-standard","has-post-thumbnail","category-paris","tag-actu","tag-actu-paris","tag-actualites","tag-actualites-paris","tag-cinema","tag-dab","tag-ecoute","tag-electro","tag-emission","tag-equipe","tag-eu","tag-europe","tag-fm","tag-fr","tag-france","tag-info","tag-information","tag-infos","tag-interviews-rock","tag-journal","tag-musique-rock","tag-news","tag-news-paris","tag-nouveautes-rock","tag-paris","tag-paris-news","tag-playlists-rock","tag-podcast","tag-radio","tag-radio-en-ligne","tag-radio-rock","tag-republique-francaise","tag-rock","tag-station","tag-virgin","tag-virgin-radio","tag-virginradio"],"share_on_mastodon":{"url":"https:\/\/pubeurope.com\/@fr\/116871262830464365","error":""},"_links":{"self":[{"href":"https:\/\/www.europesays.com\/fr\/wp-json\/wp\/v2\/posts\/1046285","targetHints":{"allow":["GET"]}}],"collection":[{"href":"https:\/\/www.europesays.com\/fr\/wp-json\/wp\/v2\/posts"}],"about":[{"href":"https:\/\/www.europesays.com\/fr\/wp-json\/wp\/v2\/types\/post"}],"author":[{"embeddable":true,"href":"https:\/\/www.europesays.com\/fr\/wp-json\/wp\/v2\/users\/2"}],"replies":[{"embeddable":true,"href":"https:\/\/www.europesays.com\/fr\/wp-json\/wp\/v2\/comments?post=1046285"}],"version-history":[{"count":0,"href":"https:\/\/www.europesays.com\/fr\/wp-json\/wp\/v2\/posts\/1046285\/revisions"}],"wp:featuredmedia":[{"embeddable":true,"href":"https:\/\/www.europesays.com\/fr\/wp-json\/wp\/v2\/media\/1046286"}],"wp:attachment":[{"href":"https:\/\/www.europesays.com\/fr\/wp-json\/wp\/v2\/media?parent=1046285"}],"wp:term":[{"taxonomy":"category","embeddable":true,"href":"https:\/\/www.europesays.com\/fr\/wp-json\/wp\/v2\/categories?post=1046285"},{"taxonomy":"post_tag","embeddable":true,"href":"https:\/\/www.europesays.com\/fr\/wp-json\/wp\/v2\/tags?post=1046285"}],"curies":[{"name":"wp","href":"https:\/\/api.w.org\/{rel}","templated":true}]}}