{"id":104632,"date":"2025-05-16T14:39:13","date_gmt":"2025-05-16T14:39:13","guid":{"rendered":"https:\/\/www.europesays.com\/fr\/104632\/"},"modified":"2025-05-16T14:39:13","modified_gmt":"2025-05-16T14:39:13","slug":"a-paris-le-bresil-sinvite-dans-un-joyau-secret-de-le-corbusier","status":"publish","type":"post","link":"https:\/\/www.europesays.com\/fr\/104632\/","title":{"rendered":"\u00c0 Paris, le Br\u00e9sil s\u2019invite dans un joyau secret de Le Corbusier"},"content":{"rendered":"<p class=\"editor-content__paragraph\">C\u2019est une adresse presque secr\u00e8te, peu connue des Parisiens. Nich\u00e9e <strong>au c\u0153ur de Passy<\/strong>, au bout d\u2019une discr\u00e8te impasse bord\u00e9e de constructions n\u00e9o-haussmanniennes, <strong><a href=\"https:\/\/www.beauxarts.com\/lifestyle\/la-maison-la-roche-un-chef-doeuvre-de-le-corbusier-ouvert-au-public-pour-la-paris-design-week\/\" target=\"_blank\" rel=\"noopener nofollow\">la maison La Roche<\/a><\/strong> est un petit bijou de l\u2019architecture moderne. Construite en 1925 <strong>par <a href=\"https:\/\/www.beauxarts.com\/grand-format\/le-corbusier-en-2-minutes\/\" target=\"_blank\" rel=\"noopener nofollow\">Le Corbusier<\/a> et Pierre Jeanneret<\/strong> pour Raoul Albert La Roche, un riche banquier et collectionneur originaire de B\u00e2le, elle jouxte une autre maison \u00e9rig\u00e9e par le c\u00e9l\u00e8bre architecte pour son fr\u00e8re musicien, et qui abrite aujourd\u2019hui la fondation Le Corbusier.<\/p>\n<p class=\"editor-content__paragraph\">Si la maison La Roche ouvre toute l\u2019ann\u00e9e ses portes aux visiteurs sur r\u00e9servation, il lui arrive aussi ponctuellement d\u2019accueillir entre ses murs des expositions d\u2019art contemporain. \u00c0 l\u2019occasion de la <a href=\"https:\/\/www.beauxarts.com\/lifestyle\/le-bresil-a-lhonneur-de-300-evenements-et-expositions-partout-en-france\/\" target=\"_blank\" rel=\"noopener nofollow\"><strong>saison France-Br\u00e9sil 2025<\/strong><\/a>, qui c\u00e9l\u00e8bre le bicentenaire des relations diplomatiques entre les deux pays avec une myriade d\u2019\u00e9v\u00e9nements dans tout l\u2019Hexagone, <strong>une vingtaine d\u2019artistes br\u00e9siliens modernes et contemporains<\/strong> investissent <strong>jusqu\u2019au 8\u00a0juin<\/strong> les diff\u00e9rentes pi\u00e8ces de la maison, de la cuisine au salon en passant par la chambre \u00e0 coucher.<\/p>\n<p>        \u00c0 lire aussi :<br \/>\n        <a class=\"renvoi-explicite__link\" href=\"https:\/\/www.beauxarts.com\/lifestyle\/paris-secret-10-magnifiques-lieux-meconnus-de-la-capitale\/\" rel=\"nofollow noopener\" target=\"_blank\">Paris secret : 10 magnifiques lieux m\u00e9connus de la capitale<\/a><\/p>\n<p>Le Corbusier au Br\u00e9sil<\/p>\n<p class=\"editor-content__paragraph\">Intitul\u00e9<strong> \u00ab\u00a0Aberto4\u00a0\u00bb<\/strong>, l\u2019\u00e9v\u00e9nement s\u2019inscrit dans un programme d\u2019expositions initi\u00e9 par le conseiller en art Filipe Assis, qui a pr\u00e9c\u00e9demment investi d\u2019autres demeures remarquables au Br\u00e9sil, con\u00e7ues par <a href=\"https:\/\/www.beauxarts.com\/grand-format\/sur-les-traces-doscar-niemeyer-exile-en-france\/\" target=\"_blank\" rel=\"noopener nofollow\">Oscar Niemeyer<\/a>, Vilanova Artigas, Ruy Ohtake ou encore Chu Ming Silveira. En s\u2019invitant entre les murs de la maison La Roche, cette premi\u00e8re \u00e9dition internationale entend mettre en lumi\u00e8re <strong>les liens entre Le Corbusier et ce pays<\/strong>.<\/p>\n<p>    <img loading=\"lazy\" decoding=\"async\" class=\"image__img\" src=\"https:\/\/www.europesays.com\/fr\/wp-content\/uploads\/2025\/05\/webfrom-left-to-right_-liuba-wolf-sculpture-sergio-camargo-sculpture-mira-schendel-painting-lygia-cl.jpeg\" alt=\"Vue de l\u2019exposition \u00ab\u00a0Aberto4 \u2014 Le Br\u00e9sil apr\u00e8s Le Corbusier\u00a0\u00bb. De gauche \u00e0 droite : Liuba Wolf (sculpture), Se\u0301rgio de Camargo (sculpture), Mira Schendel (peinture), Lygia Clark (sculpture), Le Corbusier (peinture)\" width=\"964\" height=\"723\"\/><\/p>\n<p>Vue de l\u2019exposition \u00ab\u00a0Aberto4\u00a0\u2014 Le Br\u00e9sil apr\u00e8s Le Corbusier\u00a0\u00bb. De gauche \u00e0 droite\u00a0: Liuba Wolf (sculpture), Se\u0301rgio de Camargo (sculpture), Mira Schendel (peinture), Lygia Clark (sculpture), Le Corbusier (peinture), 2025<\/p>\n<p>    i<\/p>\n<blockquote class=\"editor-content__blockquote editor-content__blockquote--align-left\">\n<p>\u00ab\u00a0Aberto4\u00a0\u00bb met en lumi\u00e8re la fa\u00e7on dont les artistes br\u00e9siliens se sont \u00ab\u00a0nourris\u00a0\u00bb des cr\u00e9ations de Le Corbusier pour affirmer leur art et leur identit\u00e9.<\/p>\n<\/blockquote>\n<p class=\"editor-content__paragraph\">Il faut dire qu\u2019au Br\u00e9sil, l\u2019influence de l\u2019architecte est consid\u00e9rable. Le Corbusier s\u2019y est en effet rendu pas moins de trois fois et y a bien s\u00fbr laiss\u00e9 son empreinte tout en contribuant\u00a0\u00e0 d\u00e9velopper le modernisme br\u00e9silien. On lui doit ainsi \u00e0 Rio le <strong>minist\u00e8re de l\u2019\u00c9ducation<\/strong>, r\u00e9alis\u00e9 en collaboration <strong>avec L\u00facio Costa et Oscar Niemeyer.<\/strong>\u00a0\u00c0 Paris, l\u2019architecte a aussi con\u00e7u la <strong>Maison du Br\u00e9sil<\/strong>, \u00e9difice embl\u00e9matique de la <a href=\"https:\/\/www.beauxarts.com\/grand-format\/centenaire-de-la-cite-internationale-universitaire-de-paris-lideal-humaniste-demeure-une-source-dinspiration-plus-que-jamais-essentielle\/\" target=\"_blank\" rel=\"noopener nofollow\">Cit\u00e9 internationale universitaire<\/a>.<\/p>\n<p>        \u00c0 lire aussi :<br \/>\n        <a class=\"renvoi-explicite__link\" href=\"https:\/\/www.beauxarts.com\/lifestyle\/la-maison-la-roche-un-chef-doeuvre-de-le-corbusier-ouvert-au-public-pour-la-paris-design-week\/\" rel=\"nofollow noopener\" target=\"_blank\">La maison La Roche : un chef-d\u2019\u0153uvre de Le Corbusier \u00e0 d\u00e9couvrir avec le designer Anthony Guerr\u00e9e<\/a><\/p>\n<p>Un dialogue r\u00e9ussi entre architecture et art<\/p>\n<p>    <img loading=\"lazy\" decoding=\"async\" class=\"image__img\" src=\"https:\/\/www.europesays.com\/fr\/wp-content\/uploads\/2025\/05\/webmira-schendel_photo-thomas-lannes-964x1285.jpg\" alt=\"Vue de l\u2019exposition \u00ab\u00a0Aberto4 \u2014 Le Br\u00e9sil apr\u00e8s Le Corbusier\u00a0\u00bb, sculpture de Mira Schendel\" width=\"964\" height=\"1285\"\/><\/p>\n<p>Vue de l\u2019exposition \u00ab\u00a0Aberto4\u00a0\u2014 Le Br\u00e9sil apr\u00e8s Le Corbusier\u00a0\u00bb, sculpture de Mira Schendel, 2025<\/p>\n<p>    i<\/p>\n<p class=\"editor-content__paragraph\">Dans la lign\u00e9e du <strong>mouvement anthropophage<\/strong> initi\u00e9 par le po\u00e8te Oswald de Andrade et la peintre <a href=\"https:\/\/www.beauxarts.com\/expos\/tarsila-do-amaral-reine-de-la-modernite-bresilienne\/\" target=\"_blank\" rel=\"noopener nofollow\">Tarsila do Amaral<\/a>, \u00ab\u00a0Aberto4\u00a0\u00bb met en lumi\u00e8re la fa\u00e7on dont les artistes br\u00e9siliens se sont \u00ab\u00a0nourris\u00a0\u00bb des cr\u00e9ations de Le Corbusier pour <strong>affirmer leur art et leur identit\u00e9<\/strong>, ce dont t\u00e9moignent particuli\u00e8rement les \u0153uvres de Beatriz Milhazes (n\u00e9e en 1960), directement <strong>inspir\u00e9es des collages r\u00e9alis\u00e9s par l\u2019architecte<\/strong> (qui, au passage, s\u2019est aussi essay\u00e9 \u00e0 la peinture et m\u00eame \u00e0 la tapisserie), ou encore celles de Sonia Gomes (n\u00e9e en 1948) et de Marina Perez Sim\u00e3o (n\u00e9e en 1980). L\u2019architecture modernisme infuse, quant \u00e0 elle, <strong>un grand tableau<\/strong> de Luiz Zerbini (n\u00e9 en 1959), repr\u00e9sentant la fa\u00e7ade incurv\u00e9e et modulaire de l\u2019Edif\u00edcio Holiday \u00e0 Recife, mais aussi une petite toile de Juan Araujo (n\u00e9 en 1971) figurant l\u2019embl\u00e9matique salle ovale du <strong>si\u00e8ge parisien du Parti communiste<\/strong>, construit par Niemeyer.<\/p>\n<p class=\"editor-content__paragraph\">Si la plupart des \u0153uvres expos\u00e9es ont \u00e9t\u00e9 r\u00e9alis\u00e9es pour l\u2019occasion, des <strong>noms historiques de l\u2019art moderne br\u00e9silien<\/strong> r\u00e9pondent aussi \u00e0 l\u2019appel. Lygia Clark (1920\u20131988), H\u00e9lio Oiticica (1937\u20131980) et Mira Schendel (1919\u20131988) sont ainsi rassembl\u00e9s dans la galerie de la maison La Roche, <strong>un somptueux salon cath\u00e9drale baign\u00e9 de lumi\u00e8re<\/strong>, o\u00f9 les lignes pures de Le Corbusier font admirablement <strong>\u00e9cho \u00e0 l\u2019abstraction g\u00e9om\u00e9trique<\/strong> de ces grands repr\u00e9sentants du mouvement n\u00e9o-concret. Un hommage subtil, tout en \u00e9l\u00e9gance.<\/p>\n<p>        \u00c0 lire aussi :<br \/>\n        <a class=\"renvoi-explicite__link\" href=\"https:\/\/www.beauxarts.com\/lifestyle\/le-bresil-a-lhonneur-de-300-evenements-et-expositions-partout-en-france\/\" rel=\"nofollow noopener\" target=\"_blank\">Le Br\u00e9sil \u00e0 l\u2019honneur de 300 \u00e9v\u00e9nements et expositions partout en France<\/a><\/p>\n<p>  Arrow<\/p>\n<p>Aberto4 \u2013 Le Br\u00e9sil apr\u00e8s Le Corbusier<\/p>\n<p>Du 13 mai 2025 au 8 juin 2025<\/p>\n<p class=\"url-expo\"><a href=\"https:\/\/www.fondationlecorbusier.fr\/actualite\/aberto4\/\" rel=\"nofollow noopener\" target=\"_blank\">www.fondationlecorbusier.fr<\/a><\/p>\n<p class=\"annexe-content__infos\">Maison La Roche \u2022 8 Square du Docteur Blanche \u2022 75016 Paris<br \/><a href=\"https:\/\/www.fondationlecorbusier.fr\/visite\/maison-la-roche-paris\/\" rel=\"nofollow noopener\" target=\"_blank\">www.fondationlecorbusier.fr<\/a><\/p>\n","protected":false},"excerpt":{"rendered":"C\u2019est une adresse presque secr\u00e8te, peu connue des Parisiens. Nich\u00e9e au c\u0153ur de Passy, au bout d\u2019une discr\u00e8te&hellip;\n","protected":false},"author":2,"featured_media":104633,"comment_status":"","ping_status":"","sticky":false,"template":"","format":"standard","meta":{"footnotes":""},"categories":[1358],"tags":[1396,1348,1384,1385,1386,58,59,1011,27,22139],"class_list":{"0":"post-104632","1":"post","2":"type-post","3":"status-publish","4":"format-standard","5":"has-post-thumbnail","7":"category-arts-et-design","8":"tag-art-contemporain","9":"tag-arts","10":"tag-arts-and-design","11":"tag-arts-et-design","12":"tag-design","13":"tag-divertissement","14":"tag-entertainment","15":"tag-fr","16":"tag-france","17":"tag-maison-la-roche"},"share_on_mastodon":{"url":"https:\/\/pubeurope.com\/@fr\/114518030151300350","error":""},"_links":{"self":[{"href":"https:\/\/www.europesays.com\/fr\/wp-json\/wp\/v2\/posts\/104632","targetHints":{"allow":["GET"]}}],"collection":[{"href":"https:\/\/www.europesays.com\/fr\/wp-json\/wp\/v2\/posts"}],"about":[{"href":"https:\/\/www.europesays.com\/fr\/wp-json\/wp\/v2\/types\/post"}],"author":[{"embeddable":true,"href":"https:\/\/www.europesays.com\/fr\/wp-json\/wp\/v2\/users\/2"}],"replies":[{"embeddable":true,"href":"https:\/\/www.europesays.com\/fr\/wp-json\/wp\/v2\/comments?post=104632"}],"version-history":[{"count":0,"href":"https:\/\/www.europesays.com\/fr\/wp-json\/wp\/v2\/posts\/104632\/revisions"}],"wp:featuredmedia":[{"embeddable":true,"href":"https:\/\/www.europesays.com\/fr\/wp-json\/wp\/v2\/media\/104633"}],"wp:attachment":[{"href":"https:\/\/www.europesays.com\/fr\/wp-json\/wp\/v2\/media?parent=104632"}],"wp:term":[{"taxonomy":"category","embeddable":true,"href":"https:\/\/www.europesays.com\/fr\/wp-json\/wp\/v2\/categories?post=104632"},{"taxonomy":"post_tag","embeddable":true,"href":"https:\/\/www.europesays.com\/fr\/wp-json\/wp\/v2\/tags?post=104632"}],"curies":[{"name":"wp","href":"https:\/\/api.w.org\/{rel}","templated":true}]}}