{"id":104636,"date":"2025-05-16T14:41:08","date_gmt":"2025-05-16T14:41:08","guid":{"rendered":"https:\/\/www.europesays.com\/fr\/104636\/"},"modified":"2025-05-16T14:41:08","modified_gmt":"2025-05-16T14:41:08","slug":"en-direct-cannes-2025-la-realisatrice-hafsia-herzi-et-sa-comedienne-nadia-melliti-sur-les-marches-pour-la-petite-derniere","status":"publish","type":"post","link":"https:\/\/www.europesays.com\/fr\/104636\/","title":{"rendered":"EN DIRECT &#8211; Cannes 2025 : la r\u00e9alisatrice Hafsia Herzi et sa com\u00e9dienne Nadia Melliti sur les marches pour \u00ab\u00a0La Petite derni\u00e8re\u00a0\u00bb"},"content":{"rendered":"<p>Pr\u00e9sent\u00e9 en S\u00e9ance de minuit, Dalloway du Fran\u00e7ais Yann Gozlan (en salles le 17 septembre) raconte l&rsquo;histoire d&rsquo;une romanci\u00e8re incapable d&rsquo;\u00e9crire depuis six ans (C\u00e9cile de France), qui int\u00e8gre une prestigieuse r\u00e9sidence d&rsquo;artistes pour retrouver l&rsquo;inspiration. Pour \u00e9crire son livre, elle est assist\u00e9e d&rsquo;une IA g\u00e9n\u00e9rative (\u00e0 laquelle la chanteuse fran\u00e7aise Myl\u00e8ne Farmer pr\u00eate sa voix) de plus en plus envahissante, conduisant l&rsquo;h\u00e9ro\u00efne \u00e0 questionner ses intentions.\u00a0<\/p>\n<p>Dans ce thriller psychologique, Yann Gozlan (Bo\u00eete noire) interroge l&rsquo;impact de la technologie sur la cr\u00e9ation. \u00ab\u00a0Est-ce que \u00e7a va \u00eatre un outil qui va finalement un peu nous asservir et nous supplanter ? C&rsquo;est une vraie angoisse\u00a0\u00bb, s&rsquo;inqui\u00e8te-t-il. Dans le film, \u00ab\u00a0le personnage devient extr\u00eamement accro \u00e0 son IA et elle se retrouve dans une situation o\u00f9, pratiquement, elle n&rsquo;arrive plus \u00e0 \u00e9crire sans Dalloway (le nom l&rsquo;IA)\u00a0\u00bb. \u00ab\u00a0Je sais qu&rsquo;il y a des sc\u00e9naristes qui utilisent ChatGPT comme des assistants\u00a0\u00bb, affirme Yann Gozlan, qui refuse de s&rsquo;y r\u00e9soudre. \u00ab\u00a0Quelque part, quand vous d\u00e9l\u00e9guez une t\u00e2che, \u00e0 force de la d\u00e9l\u00e9guer, je pense que vous perdez la capacit\u00e9 de la faire\u00a0\u00bb, craint le r\u00e9alisateur, qui anticipe une perte de la facult\u00e9 d&rsquo;\u00e9crire.<\/p>\n","protected":false},"excerpt":{"rendered":"Pr\u00e9sent\u00e9 en S\u00e9ance de minuit, Dalloway du Fran\u00e7ais Yann Gozlan (en salles le 17 septembre) raconte l&rsquo;histoire d&rsquo;une&hellip;\n","protected":false},"author":2,"featured_media":104637,"comment_status":"","ping_status":"","sticky":false,"template":"","format":"standard","meta":{"footnotes":""},"categories":[1356],"tags":[1111,11,22140,1921,16445,22145,58,22141,59,5634,22144,1011,27,1922,22143,5683,22142,2041,252,1364,133,2040],"class_list":{"0":"post-104636","1":"post","2":"type-post","3":"status-publish","4":"format-standard","5":"has-post-thumbnail","7":"category-television","8":"tag-actu","9":"tag-actualites","10":"tag-adele-haenel","11":"tag-article-video","12":"tag-camille-cottin","13":"tag-des-stars-et-de-lengagement","14":"tag-divertissement","15":"tag-emma-stone","16":"tag-entertainment","17":"tag-festival-de-cannes","18":"tag-festival-de-cannes-2025-des-films","19":"tag-fr","20":"tag-france","21":"tag-info","22":"tag-joaquin-phoenix","23":"tag-juliette-binoche","24":"tag-kristen-stewart","25":"tag-medias-et-divertissement","26":"tag-television","27":"tag-tv","28":"tag-video","29":"tag-video-culture"},"share_on_mastodon":{"url":"https:\/\/pubeurope.com\/@fr\/114518037867707077","error":""},"_links":{"self":[{"href":"https:\/\/www.europesays.com\/fr\/wp-json\/wp\/v2\/posts\/104636","targetHints":{"allow":["GET"]}}],"collection":[{"href":"https:\/\/www.europesays.com\/fr\/wp-json\/wp\/v2\/posts"}],"about":[{"href":"https:\/\/www.europesays.com\/fr\/wp-json\/wp\/v2\/types\/post"}],"author":[{"embeddable":true,"href":"https:\/\/www.europesays.com\/fr\/wp-json\/wp\/v2\/users\/2"}],"replies":[{"embeddable":true,"href":"https:\/\/www.europesays.com\/fr\/wp-json\/wp\/v2\/comments?post=104636"}],"version-history":[{"count":0,"href":"https:\/\/www.europesays.com\/fr\/wp-json\/wp\/v2\/posts\/104636\/revisions"}],"wp:featuredmedia":[{"embeddable":true,"href":"https:\/\/www.europesays.com\/fr\/wp-json\/wp\/v2\/media\/104637"}],"wp:attachment":[{"href":"https:\/\/www.europesays.com\/fr\/wp-json\/wp\/v2\/media?parent=104636"}],"wp:term":[{"taxonomy":"category","embeddable":true,"href":"https:\/\/www.europesays.com\/fr\/wp-json\/wp\/v2\/categories?post=104636"},{"taxonomy":"post_tag","embeddable":true,"href":"https:\/\/www.europesays.com\/fr\/wp-json\/wp\/v2\/tags?post=104636"}],"curies":[{"name":"wp","href":"https:\/\/api.w.org\/{rel}","templated":true}]}}