{"id":1046360,"date":"2026-07-06T05:51:15","date_gmt":"2026-07-06T05:51:15","guid":{"rendered":"https:\/\/www.europesays.com\/fr\/1046360\/"},"modified":"2026-07-06T05:51:15","modified_gmt":"2026-07-06T05:51:15","slug":"belfort-hydrogene-premiere-application-industrielle-a-grande-echelle-pour-inocel","status":"publish","type":"post","link":"https:\/\/www.europesays.com\/fr\/1046360\/","title":{"rendered":"Belfort. Hydrog\u00e8ne\u00a0: premi\u00e8re application industrielle \u00e0 grande \u00e9chelle pour Inocel"},"content":{"rendered":"<p>Depuis les ann\u00e9es 1980, avec l\u2019optimisation des membranes PEM (\u00e9changeuses de protons) destin\u00e9es \u00e0 des piles \u00e0 combustible, la technologie li\u00e9e \u00e0 l\u2019hydrog\u00e8ne \u00e9tait surtout une affaire de recherche et d\u2019essais en laboratoire. Bien s\u00fbr, il y a eu quelques d\u00e9monstrateurs et initiatives ces derni\u00e8res ann\u00e9es, mais c\u2019est vraiment maintenant que nous abordons le vif du sujet avec des applications industrielles r\u00e9elles. En 2026, l\u2019hydrog\u00e8ne entre \u2013 enfin &#8211; dans la vraie vie.<\/p>\n<p>Une illustration de ce passage \u00e0 l\u2019\u00e9chelle industrielle nous est donn\u00e9e par la soci\u00e9t\u00e9 belfortaine <a href=\"https:\/\/www.estrepublicain.fr\/economie\/2024\/11\/29\/inocel-va-livrer-en-decembre-sa-premiere-pile-hydrogene-de-forte-puissance\" target=\"_blank\" rel=\"nofollow noopener\">Inocel<\/a> , qui a install\u00e9 un <a href=\"https:\/\/www.estrepublicain.fr\/economie\/2025\/06\/02\/comment-ca-marche\" target=\"_blank\" rel=\"nofollow noopener\">groupe \u00e9lectrog\u00e8ne \u00e0 hydrog\u00e8ne<\/a> , de forte puissance, sur le chantier d\u2019agrandissement du port de Valence, en Espagne, pour alimenter une grosse grue \u00e0 tour.<\/p>\n<p>Inocel propose de remplacer les g\u00e9n\u00e9rateurs diesel sur les gros chantiers qu\u2019on ne peut pas raccorder au r\u00e9seau \u00e9lectrique. Ce projet implique de convaincre sur trois points\u00a0: l\u2019impact environnemental, l\u2019efficience technique et le co\u00fbt.<\/p>\n<p>Une&#8230;                        <\/p>\n","protected":false},"excerpt":{"rendered":"Depuis les ann\u00e9es 1980, avec l\u2019optimisation des membranes PEM (\u00e9changeuses de protons) destin\u00e9es \u00e0 des piles \u00e0 combustible,&hellip;\n","protected":false},"author":2,"featured_media":1046361,"comment_status":"","ping_status":"","sticky":false,"template":"","format":"standard","meta":{"footnotes":"","_share_on_mastodon":"0"},"categories":[9566],"tags":[1111,11,2430,22758,22759,33,10332,1777,674,107,1011,27,2731,693,12,11058,25,55891],"class_list":["post-1046360","post","type-post","status-publish","format-standard","has-post-thumbnail","category-grenoble","tag-actu","tag-actualites","tag-auvergne-rhone-alpes","tag-belfort","tag-belfort-ville-90a","tag-economie","tag-edition-belfort-hericourt-montbeliard","tag-eu","tag-europe","tag-fil-info","tag-fr","tag-france","tag-grenoble","tag-industrie","tag-news","tag-region-franche-comte","tag-republique-francaise","tag-territoire-de-belfort"],"share_on_mastodon":{"url":"https:\/\/pubeurope.com\/@fr\/116871475176188743","error":""},"_links":{"self":[{"href":"https:\/\/www.europesays.com\/fr\/wp-json\/wp\/v2\/posts\/1046360","targetHints":{"allow":["GET"]}}],"collection":[{"href":"https:\/\/www.europesays.com\/fr\/wp-json\/wp\/v2\/posts"}],"about":[{"href":"https:\/\/www.europesays.com\/fr\/wp-json\/wp\/v2\/types\/post"}],"author":[{"embeddable":true,"href":"https:\/\/www.europesays.com\/fr\/wp-json\/wp\/v2\/users\/2"}],"replies":[{"embeddable":true,"href":"https:\/\/www.europesays.com\/fr\/wp-json\/wp\/v2\/comments?post=1046360"}],"version-history":[{"count":0,"href":"https:\/\/www.europesays.com\/fr\/wp-json\/wp\/v2\/posts\/1046360\/revisions"}],"wp:featuredmedia":[{"embeddable":true,"href":"https:\/\/www.europesays.com\/fr\/wp-json\/wp\/v2\/media\/1046361"}],"wp:attachment":[{"href":"https:\/\/www.europesays.com\/fr\/wp-json\/wp\/v2\/media?parent=1046360"}],"wp:term":[{"taxonomy":"category","embeddable":true,"href":"https:\/\/www.europesays.com\/fr\/wp-json\/wp\/v2\/categories?post=1046360"},{"taxonomy":"post_tag","embeddable":true,"href":"https:\/\/www.europesays.com\/fr\/wp-json\/wp\/v2\/tags?post=1046360"}],"curies":[{"name":"wp","href":"https:\/\/api.w.org\/{rel}","templated":true}]}}