{"id":104638,"date":"2025-05-16T14:42:08","date_gmt":"2025-05-16T14:42:08","guid":{"rendered":"https:\/\/www.europesays.com\/fr\/104638\/"},"modified":"2025-05-16T14:42:08","modified_gmt":"2025-05-16T14:42:08","slug":"werenoi-absent-de-son-showcase-le-rappeur-serait-dans-le-coma","status":"publish","type":"post","link":"https:\/\/www.europesays.com\/fr\/104638\/","title":{"rendered":"WeRenoi absent de son showcase : le rappeur serait dans le coma"},"content":{"rendered":"<p>      R\u00e9sum\u00e9<\/p>\n<p>Mauvaise nouvelle pour le rappeur WeRenoi. On sait pourquoi il a annul\u00e9 son showcase, et c&rsquo;est tr\u00e8s grave.<\/p>\n<p>        Sommaire<\/p>\n<p>Au lendemain de la c\u00e9r\u00e9monie des Flammes, o\u00f9 il \u00e9tait nomm\u00e9 dans <a href=\"https:\/\/www.public.fr\/les-flammes-2025-artistes-nommes-diffusion-performances-le-point-sur-la-3e-edition-de-la-ceremonie\" target=\"_blank\" rel=\"noopener\">plusieurs cat\u00e9gories pour son album \u00ab\u00a0Pyramide 2\u00a0\u00bb<\/a>, le rappeur WeRenoi serait dans un \u00e9tat alarmant. <\/p>\n<p>D&rsquo;apr\u00e8s le blogueur Aqababe, \u00ab\u00a0<strong>suite \u00e0 un probl\u00e8me respiratoire\u00a0\u00bb<\/strong>, la star de 31 ans seulement serait actuellement dans le coma. <\/p>\n<p>Et \u00ab\u00a0<strong>c&rsquo;est pour cela qu&rsquo;il n&rsquo;a pas pu assister \u00e0 son showcase hier\u00a0\u00bb<\/strong>, d\u00e9clare la m\u00eame source. Ce 15 mai 2025, l&rsquo;interpr\u00e8te de \u00ab\u00a0Laboratoire\u00a0\u00bb, \u00e9tait attendu par ses fans. Et il leur aurait donc fauss\u00e9 compagnie.<\/p>\n<p>WeRenoi dans le coma<\/p>\n<p>Ce 16 mai 2025, WeRenoi est \u00e9galement attendu \u00e0 Saintes v\u00e9gas : la plus grande discoth\u00e8que du Poitou-Charentes. <strong>Il ne pourra pas \u00eatre l\u00e0, assure aussi Aqababe<\/strong>. M\u00eame chose, ce week-end, il ne devrait pas pouvoir honorer sa date du 17 mai 2025, \u00e0 l&rsquo;Azar Club \u00e0 Lyon non plus.<\/p>\n<p>De son vrai nom J\u00e9r\u00e9my Bana Owona a grandi \u00e0 Montreuil, en Seine-Saint-Denis, de parents originaires du Cameroun. Il s&rsquo;est d&rsquo;abord fait conna\u00eetre en f\u00e9vrier 2021, avec Guadalajara, son tout premier morceau. Le carton qu&rsquo;il a fait sur les r\u00e9seaux sociaux lui a permis de signer pour la premi\u00e8re fois avec le label AWA. avec une maison de disque. C&rsquo;est finalement avec PLR Music, PGP Records, et AllPoints qu&rsquo;il sortira ses disques.<\/p>\n<p>De la m\u00eame famille que le rappeur Zequin, WeRenoi a par ailleurs collabor\u00e9 avec des artistes aussi confirm\u00e9s que Damso, Aya Nakamura, ainsi que SCH ou encore Ninho.<strong> Son troisi\u00e8me et dernier album, \u00ab\u00a0Diamant noir\u00a0\u00bb, est sorti le 11 avril 2025.<\/strong> Et WeRenoi en assure actuellement la promotion en parcourant la France, et les soir\u00e9es anim\u00e9es.<\/p>\n<p>Toujours en r\u00e9animation<\/p>\n<p>Apr\u00e8s avoir d\u00e9clar\u00e9 qu&rsquo;il esp\u00e9rait \u00ab\u00a0sinc\u00e8rement qu&rsquo;il s&rsquo;en sorte\u00a0\u00bb, Aqababe a par ailleurs ajout\u00e9 quelques derni\u00e8res informations sur l&rsquo;\u00e9tat de sant\u00e9 de la star. <\/p>\n<p>Il a expliqu\u00e9 : <strong>\u00ab\u00a0WeRenoi est toujours en r\u00e9animation \u00e0 l&rsquo;heure o\u00f9 j&rsquo;\u00e9cris ce message\u00a0\u00bb<\/strong>. C&rsquo;\u00e9tait il y a quelques minutes seulement. <\/p>\n<p>      Mentionn\u00e9s dans cet article<\/p>\n","protected":false},"excerpt":{"rendered":"R\u00e9sum\u00e9 Mauvaise nouvelle pour le rappeur WeRenoi. On sait pourquoi il a annul\u00e9 son showcase, et c&rsquo;est tr\u00e8s&hellip;\n","protected":false},"author":2,"featured_media":104639,"comment_status":"","ping_status":"","sticky":false,"template":"","format":"standard","meta":{"footnotes":""},"categories":[1355],"tags":[8982,58,59,1011,27,1361,873,6198,71,22146],"class_list":{"0":"post-104638","1":"post","2":"type-post","3":"status-publish","4":"format-standard","5":"has-post-thumbnail","7":"category-musique","8":"tag-coma","9":"tag-divertissement","10":"tag-entertainment","11":"tag-fr","12":"tag-france","13":"tag-music","14":"tag-musique","15":"tag-rappeur","16":"tag-sante","17":"tag-werenoi"},"share_on_mastodon":{"url":"https:\/\/pubeurope.com\/@fr\/114518041810141849","error":""},"_links":{"self":[{"href":"https:\/\/www.europesays.com\/fr\/wp-json\/wp\/v2\/posts\/104638","targetHints":{"allow":["GET"]}}],"collection":[{"href":"https:\/\/www.europesays.com\/fr\/wp-json\/wp\/v2\/posts"}],"about":[{"href":"https:\/\/www.europesays.com\/fr\/wp-json\/wp\/v2\/types\/post"}],"author":[{"embeddable":true,"href":"https:\/\/www.europesays.com\/fr\/wp-json\/wp\/v2\/users\/2"}],"replies":[{"embeddable":true,"href":"https:\/\/www.europesays.com\/fr\/wp-json\/wp\/v2\/comments?post=104638"}],"version-history":[{"count":0,"href":"https:\/\/www.europesays.com\/fr\/wp-json\/wp\/v2\/posts\/104638\/revisions"}],"wp:featuredmedia":[{"embeddable":true,"href":"https:\/\/www.europesays.com\/fr\/wp-json\/wp\/v2\/media\/104639"}],"wp:attachment":[{"href":"https:\/\/www.europesays.com\/fr\/wp-json\/wp\/v2\/media?parent=104638"}],"wp:term":[{"taxonomy":"category","embeddable":true,"href":"https:\/\/www.europesays.com\/fr\/wp-json\/wp\/v2\/categories?post=104638"},{"taxonomy":"post_tag","embeddable":true,"href":"https:\/\/www.europesays.com\/fr\/wp-json\/wp\/v2\/tags?post=104638"}],"curies":[{"name":"wp","href":"https:\/\/api.w.org\/{rel}","templated":true}]}}