{"id":104659,"date":"2025-05-16T14:53:13","date_gmt":"2025-05-16T14:53:13","guid":{"rendered":"https:\/\/www.europesays.com\/fr\/104659\/"},"modified":"2025-05-16T14:53:13","modified_gmt":"2025-05-16T14:53:13","slug":"optique-le-laboratoire-cometa-inaugure-a-saint-etienne","status":"publish","type":"post","link":"https:\/\/www.europesays.com\/fr\/104659\/","title":{"rendered":"Optique : le laboratoire Cometa inaugur\u00e9 \u00e0 Saint-Etienne"},"content":{"rendered":"<p><img loading=\"lazy\" decoding=\"async\" alt=\"\u00a9 Denis Meynard - Les intervenants \u00e0 la c\u00e9r\u00e9monie d\u2019inauguration du laboratoire Cometa \u00e0 Saint-Etienne.\" data-zoom-src=\"https:\/\/www.europesays.com\/fr\/wp-content\/uploads\/2025\/05\/initial-cometa.jpg\" data-zoomable=\"\" height=\"702\" src=\"https:\/\/www.europesays.com\/fr\/wp-content\/uploads\/2025\/05\/initial-cometa.jpg\" width=\"1248\"\/>  <\/p>\n<p class=\"article-desc\">\u00a9 Denis Meynard &#8211; Les intervenants \u00e0 la c\u00e9r\u00e9monie d\u2019inauguration du laboratoire Cometa \u00e0 Saint-Etienne. <\/p>\n<p>L\u2019Universit\u00e9 Jean Monnet et le CNRS se sont associ\u00e9s \u00e0 l\u2019industriel lig\u00e9rien HEF pour cr\u00e9er un laboratoire de recherche commun dans le domaine de la <strong>photonique<\/strong>. Baptis\u00e9 <strong>Cometa<\/strong>, pour \u00ab\u00a0Composants optiques \u00e0 base de m\u00e9tasurfaces\u00a0\u00bb, il a \u00e9t\u00e9 inaugur\u00e9 mercredi au sein des locaux st\u00e9phanois d\u2019Ireis, l\u2019Institut de recherche en ing\u00e9nierie des surfaces du groupe HEF. <\/p>\n<p>Cometa : un laboratoire pour am\u00e9liorer les performances optiques <\/p>\n<p>Cette association pour cinq ans du d\u00e9partement R&amp;D de l\u2019entreprise avec le laboratoire Hubert Curien, de l\u2019Universit\u00e9 Jean-Monnet, est d\u00e9di\u00e9e \u00e0 l\u2019exploration de la th\u00e9matique scientifique des m\u00e9tasurfaces au service d\u2019<strong>innovations industrielles<\/strong>. <\/p>\n<p>L\u2019objectif vis\u00e9 est de permettre \u00e0 des surfaces nanostructur\u00e9es \u00e0 l\u2019aide de lasers \u00e0 impulsions ultra courtes, avec de tr\u00e8s petits motifs d\u2019une taille mille fois inf\u00e9rieure au diam\u00e8tre d&rsquo;un cheveu agenc\u00e9s de fa\u00e7on tr\u00e8s pr\u00e9cise, d\u2019\u00eatre sources d\u2019am\u00e9lioration des <strong>performances optiques<\/strong>. <\/p>\n<p>\u00ab\u00a0\u00c0 moyen terme Cometa pourrait devenir une v\u00e9ritable fonderie photonique de r\u00e9f\u00e9rence au niveau international, qui pourrait offrir ses services de pointe aux industriels europ\u00e9ens et des solutions sur-mesure dans le domaine des composants optiques\u00a0\u00bb, a d\u00e9clar\u00e9 Florent Pigeon, rappelant l\u2019existence d\u2019une \u00ab\u00a0tradition de coop\u00e9ration\u00a0\u00bb entre l\u2019universit\u00e9 qu\u2019il pr\u00e9side et le d\u00e9partement recherche et d\u00e9veloppement du groupe industriel bas\u00e9 \u00e0 Andr\u00e9zieux-Bouth\u00e9on. <\/p>\n<p>HEF Photonique compte neuf sites en France et aux Etats-Unis <\/p>\n<p>Lors de l\u2019inauguration de ce qu\u2019il a qualifi\u00e9 de \u00ab\u00a0beau projet public-priv\u00e9\u00a0\u00bb, <a href=\"https:\/\/mesinfos.fr\/42160-andrezieux-boutheon\/fabrice-prost-lhydrogene-et-la-photonique-sont-les-enjeux-de-demain-197257.html\" rel=\"noopener nofollow\" target=\"_blank\">Fabrice Prost<\/a>, Pdg de HEF, a d\u00e9clar\u00e9 que \u00ab\u00a0la photonique, qui est au c\u0153ur des savoirs de l\u2019UJM, est maintenant devenue un axe strat\u00e9gique d\u2019HEF\u00a0\u00bb. Christophe Pupier, qui pr\u00e9side IREIS, ajoute que la <strong>photonique<\/strong> est un axe de mutation technologique privil\u00e9gi\u00e9 par l\u2019entreprise, en direction des march\u00e9s de la sant\u00e9, de l\u2019environnement, du num\u00e9rique, de l\u2019espace et de la d\u00e9fense.<\/p>\n<p>Un d\u00e9veloppement incarn\u00e9 par la division, HEF Photonique, cr\u00e9\u00e9e en 2021, qui a pour activit\u00e9 principale le <strong>traitement de surface<\/strong>, le polissage de haute pr\u00e9cision, le d\u00e9p\u00f4t de couches minces et l\u2019usinage du verre. Constitu\u00e9e de neuf sites (cinq sites en France, quatre sites aux \u00c9tats-Unis) elle affiche un chiffre d\u2019affaires de 40 millions d\u2019euros. <\/p>\n<p>Saint-\u00c9tienne M\u00e9tropole participe au financement du premier \u00e9quipement <\/p>\n<p>Sur la plateforme st\u00e9phanoise d\u2019HEF, pr\u00e8s de six millions d\u2019euros ont d\u00e9j\u00e0 \u00e9t\u00e9 investis depuis l\u2019an dernier dans une vaste salle blanche d\u00e9di\u00e9e au polissage double face de tr\u00e8s haute pr\u00e9cision et au traitement de surface. Dans le cadre de <strong>Cometa<\/strong>, huit autres millions devraient \u00eatre consacr\u00e9s d\u2019ici quatre \u00e0 cinq ans \u00e0 une ligne pilote sur la th\u00e9matique des m\u00e9tasurfaces. Dont un million pour un premier \u00e9quipement install\u00e9 dans les prochaines semaines, avec une contribution de 500 000 euros de Saint-\u00c9tienne m\u00e9tropole.<\/p>\n","protected":false},"excerpt":{"rendered":"\u00a9 Denis Meynard &#8211; Les intervenants \u00e0 la c\u00e9r\u00e9monie d\u2019inauguration du laboratoire Cometa \u00e0 Saint-Etienne. L\u2019Universit\u00e9 Jean Monnet&hellip;\n","protected":false},"author":2,"featured_media":104660,"comment_status":"","ping_status":"","sticky":false,"template":"","format":"standard","meta":{"footnotes":""},"categories":[9653],"tags":[1111,11,2430,1777,674,1011,27,5701,12,21638,25,4001],"class_list":{"0":"post-104659","1":"post","2":"type-post","3":"status-publish","4":"format-standard","5":"has-post-thumbnail","7":"category-saint-etienne","8":"tag-actu","9":"tag-actualites","10":"tag-auvergne-rhone-alpes","11":"tag-eu","12":"tag-europe","13":"tag-fr","14":"tag-france","15":"tag-innovation","16":"tag-news","17":"tag-optique","18":"tag-republique-francaise","19":"tag-saint-etienne"},"share_on_mastodon":{"url":"https:\/\/pubeurope.com\/@fr\/114518085084867348","error":""},"_links":{"self":[{"href":"https:\/\/www.europesays.com\/fr\/wp-json\/wp\/v2\/posts\/104659","targetHints":{"allow":["GET"]}}],"collection":[{"href":"https:\/\/www.europesays.com\/fr\/wp-json\/wp\/v2\/posts"}],"about":[{"href":"https:\/\/www.europesays.com\/fr\/wp-json\/wp\/v2\/types\/post"}],"author":[{"embeddable":true,"href":"https:\/\/www.europesays.com\/fr\/wp-json\/wp\/v2\/users\/2"}],"replies":[{"embeddable":true,"href":"https:\/\/www.europesays.com\/fr\/wp-json\/wp\/v2\/comments?post=104659"}],"version-history":[{"count":0,"href":"https:\/\/www.europesays.com\/fr\/wp-json\/wp\/v2\/posts\/104659\/revisions"}],"wp:featuredmedia":[{"embeddable":true,"href":"https:\/\/www.europesays.com\/fr\/wp-json\/wp\/v2\/media\/104660"}],"wp:attachment":[{"href":"https:\/\/www.europesays.com\/fr\/wp-json\/wp\/v2\/media?parent=104659"}],"wp:term":[{"taxonomy":"category","embeddable":true,"href":"https:\/\/www.europesays.com\/fr\/wp-json\/wp\/v2\/categories?post=104659"},{"taxonomy":"post_tag","embeddable":true,"href":"https:\/\/www.europesays.com\/fr\/wp-json\/wp\/v2\/tags?post=104659"}],"curies":[{"name":"wp","href":"https:\/\/api.w.org\/{rel}","templated":true}]}}