{"id":104681,"date":"2025-05-16T15:04:14","date_gmt":"2025-05-16T15:04:14","guid":{"rendered":"https:\/\/www.europesays.com\/fr\/104681\/"},"modified":"2025-05-16T15:04:14","modified_gmt":"2025-05-16T15:04:14","slug":"des-dizaines-de-salaries-en-chomage-partiel-chez-envie-35-les-elus-de-rennes-metropole-poussent-un-coup-de-gueule","status":"publish","type":"post","link":"https:\/\/www.europesays.com\/fr\/104681\/","title":{"rendered":"Des dizaines de salari\u00e9s en ch\u00f4mage partiel chez Envie 35\u00a0: les \u00e9lus de Rennes m\u00e9tropole poussent \u00ab\u00a0un coup de gueule\u00a0\u00bb"},"content":{"rendered":"<p>Cela n\u2019arrive pas tous les jours, mais ce jeudi 15 mai 2025, les \u00e9lus du conseil de Rennes m\u00e9tropole ont \u00e9t\u00e9 unanimes. \u00c0 l\u2019occasion de sa derni\u00e8re s\u00e9ance, sa pr\u00e9sidente, Nathalie App\u00e9r\u00e9, a fait voter, \u00e0 l\u2019unanimit\u00e9 des \u00e9lus pr\u00e9sents, un v\u0153u de soutien au r\u00e9seau d\u2019insertion Envie. Sp\u00e9cialiste du r\u00e9emploi d\u2019\u00e9quipements \u00e9lectriques, <a href=\"https:\/\/www.letelegramme.fr\/ille-et-vilaine\/rennes-35000\/de-nombreux-postes-menaces-chez-envie-35-a-rennes-la-mairie-monte-au-creneau-6797163.php\" target=\"_blank\" rel=\"nofollow noopener\">Envie 35 a perdu des march\u00e9s en Ille-et-Vilaine dans le cadre d\u2019un appel d\u2019offres de l\u2019\u00e9co-organisme Ecosystem<\/a>, charg\u00e9 de mettre en \u0153uvre la collecte des appareils m\u00e9nagers chez les distributeurs. L\u2019op\u00e9rateur priv\u00e9 Brangeon lui a \u00e9t\u00e9 pr\u00e9f\u00e9r\u00e9 en avril pour la collecte sur le terrain.<\/p>\n<p>Une \u00ab d\u00e9cision brutale \u00bb<\/p>\n<p>Une \u00ab d\u00e9cision brutale justifi\u00e9e par une mise en concurrence purement tarifaire, a d\u00e9plor\u00e9 Nathalie App\u00e9r\u00e9, lors du conseil de ce jeudi 15 mai. Il s\u2019agit l\u00e0 d\u2019une remise en cause sans pr\u00e9c\u00e9dent de la fili\u00e8re du r\u00e9emploi solidaire en France. Le conseil de Rennes m\u00e9tropole forme le v\u0153u que les gouvernances des \u00e9co-organismes, entreprises d\u2019int\u00e9r\u00eat g\u00e9n\u00e9ral \u00e0 but non lucratif agr\u00e9\u00e9es par l\u2019\u00c9tat, assument pleinement leur mission en faveur de l\u2019insertion et du r\u00e9emploi, comme la loi le pr\u00e9voit. \u00bb<\/p>\n<p>Un soutien partag\u00e9 par les \u00e9lus d\u2019opposition. \u00ab C\u2019est le mod\u00e8le lui-m\u00eame qui est menac\u00e9 et c\u2019est un outil de formation, de r\u00e9insertion qui risque de dispara\u00eetre. Mettre un coup d\u2019arr\u00eat brutal \u00e0 Envie 35, c\u2019est aussi perdre tout l\u2019investissement humain et financier de ces derni\u00e8res ann\u00e9es \u00bb, d\u00e9nonce \u00e9galement Patrick Roull\u00e9, \u00e9lu d\u2019opposition \u00e0 Bruz.<\/p>\n<p>13 sites de collecte perturb\u00e9s sur 18<\/p>\n<p>Au total, 230 emplois sont menac\u00e9s chez Envie en Bretagne, dont 150 en insertion. \u00ab Le ch\u00f4mage partiel a d\u00e9j\u00e0 \u00e9t\u00e9 mis en place \u00bb, affirme \u00e9galement la maire de Rennes. Ce que confirme Envie 35 : \u00ab 60 salari\u00e9s de la branche Envie Transports Bretagne, bas\u00e9s principalement \u00e0 Rennes, sont en ch\u00f4mage partiel avec la perte de ce march\u00e9, ce qui repr\u00e9sente 70 % des effectifs de cette soci\u00e9t\u00e9 \u00bb.<\/p>\n<p>Laurent Hamon, vice-pr\u00e9sident m\u00e9tropolitain aux D\u00e9chets et \u00e0 l\u2019\u00c9conomie circulaire, a, lui, mis en cause le bon fonctionnement de la nouvelle entreprise charg\u00e9e de la collecte : \u00ab Permettez-moi de pousser un vrai coup de gueule ! Cette situation est d\u2019autant plus scandaleuse et inacceptable que la collecte avec le nouveau prestataire ne semble pas fonctionner \u00bb\ufeff. Avant de d\u00e9tailler les manquements de Brangeon depuis son arriv\u00e9e : \u00ab \ufeffHier soir (mercredi, NDLR), nous avons d\u00fb fermer deux locaux dans nos d\u00e9chetteries de Cesson et de Mordelles car ils sont satur\u00e9s et que la collecte n\u2019a pas eu lieu. Ce soir, nous avons aussi d\u00fb fermer trois locaux : Betton, Pac\u00e9 et Saint-Armel. Deux sites sont partiellement satur\u00e9s, Chantepie et Acign\u00e9 et six sites sont bient\u00f4t pleins, ce qui fait au total, 13 sites perturb\u00e9s sur 18. \u00bb<\/p>\n","protected":false},"excerpt":{"rendered":"Cela n\u2019arrive pas tous les jours, mais ce jeudi 15 mai 2025, les \u00e9lus du conseil de Rennes&hellip;\n","protected":false},"author":2,"featured_media":104682,"comment_status":"","ping_status":"","sticky":false,"template":"","format":"standard","meta":{"footnotes":""},"categories":[2821],"tags":[1111,11,829,33,257,1777,674,1011,27,848,12,584,25],"class_list":{"0":"post-104681","1":"post","2":"type-post","3":"status-publish","4":"format-standard","5":"has-post-thumbnail","7":"category-rennes","8":"tag-actu","9":"tag-actualites","10":"tag-bretagne","11":"tag-economie","12":"tag-entreprise","13":"tag-eu","14":"tag-europe","15":"tag-fr","16":"tag-france","17":"tag-ille-et-vilaine","18":"tag-news","19":"tag-rennes","20":"tag-republique-francaise"},"share_on_mastodon":{"url":"https:\/\/pubeurope.com\/@fr\/114518128287563863","error":""},"_links":{"self":[{"href":"https:\/\/www.europesays.com\/fr\/wp-json\/wp\/v2\/posts\/104681","targetHints":{"allow":["GET"]}}],"collection":[{"href":"https:\/\/www.europesays.com\/fr\/wp-json\/wp\/v2\/posts"}],"about":[{"href":"https:\/\/www.europesays.com\/fr\/wp-json\/wp\/v2\/types\/post"}],"author":[{"embeddable":true,"href":"https:\/\/www.europesays.com\/fr\/wp-json\/wp\/v2\/users\/2"}],"replies":[{"embeddable":true,"href":"https:\/\/www.europesays.com\/fr\/wp-json\/wp\/v2\/comments?post=104681"}],"version-history":[{"count":0,"href":"https:\/\/www.europesays.com\/fr\/wp-json\/wp\/v2\/posts\/104681\/revisions"}],"wp:featuredmedia":[{"embeddable":true,"href":"https:\/\/www.europesays.com\/fr\/wp-json\/wp\/v2\/media\/104682"}],"wp:attachment":[{"href":"https:\/\/www.europesays.com\/fr\/wp-json\/wp\/v2\/media?parent=104681"}],"wp:term":[{"taxonomy":"category","embeddable":true,"href":"https:\/\/www.europesays.com\/fr\/wp-json\/wp\/v2\/categories?post=104681"},{"taxonomy":"post_tag","embeddable":true,"href":"https:\/\/www.europesays.com\/fr\/wp-json\/wp\/v2\/tags?post=104681"}],"curies":[{"name":"wp","href":"https:\/\/api.w.org\/{rel}","templated":true}]}}