{"id":104689,"date":"2025-05-16T15:08:10","date_gmt":"2025-05-16T15:08:10","guid":{"rendered":"https:\/\/www.europesays.com\/fr\/104689\/"},"modified":"2025-05-16T15:08:10","modified_gmt":"2025-05-16T15:08:10","slug":"eloquence-et-engagement-les-lyceens-impressionnent-lors-de-la-finale-du","status":"publish","type":"post","link":"https:\/\/www.europesays.com\/fr\/104689\/","title":{"rendered":"\u00c9loquence et engagement : les lyc\u00e9ens impressionnent lors de la finale du (\u2026)"},"content":{"rendered":"<p>                    <img loading=\"lazy\" decoding=\"async\" src=\"https:\/\/www.europesays.com\/fr\/wp-content\/uploads\/2025\/05\/40d80b28b2f14c480f9b91fa380e76.jpg\" class=\"img-responsive post-image\" width=\"680\" height=\"510\" alt=\"\u00c9loquence et engagement :\" title=\"\u00c9loquence et engagement : les lyc\u00e9ens impressionnent lors de la finale du concours d'\u00e9loquence du CDAD 06 \"\/><\/p>\n<p class=\"chapo\">Ce vendredi 16 mai au Palais Rusca de Nice s\u2019est tenue la finale de la 3e \u00e9dition du concours d\u2019\u00e9loquence du CDAD 06 (Conseil d\u00e9partemental de l\u2019acc\u00e8s au droit des Alpes-Maritimes).<\/p>\n<p>Dix \u00e9l\u00e8ves de seconde des lyc\u00e9es Calmette et du Parc Imp\u00e9rial ont \u00ab\u00a0bluff\u00e9\u00a0\u00bb le jury, compos\u00e9 de <strong>Pascale Dorion,<\/strong> pr\u00e9sidente du CDAD 06 et du tribunal judiciaire de Nice, de <strong>St\u00e9phanie Le Gall<\/strong>, juge au TJ de Nice, de <strong>Sabine N\u00e9ale,<\/strong> procureure de la R\u00e9publique adjointe de Nice, de <strong>Val\u00e9rie Serra<\/strong>, avocate et vice-b\u00e2tonni\u00e8re du barreau de Nice et de <strong>Romain Vallier<\/strong>, avocat et pr\u00e9sident de l\u2019UJA de Nice. \u00ab\u00a0Vous avez tous \u00e9t\u00e9 formidables et vous avez beaucoup progress\u00e9 depuis que nous sommes all\u00e9s vous voir dans vos classes. Vous avez tr\u00e8s bien \u00e9cout\u00e9 les conseils que l\u2019on vous a donn\u00e9 et on a \u00e9t\u00e9 vraiment bluff\u00e9s par votre talent\u00a0\u00bb, a d\u00e9clar\u00e9 Mme\u00a0Dorion. \u00ab\u00a0Nous avons \u00e9t\u00e9 impressionn\u00e9s par vos qualit\u00e9s oratoires et par les choix des sujets, assez compliqu\u00e9s \u00e0 traiter\u00a0\u00bb, a compl\u00e9t\u00e9 Me Serra. Son confr\u00e8re Me Vallier a f\u00e9licit\u00e9 les candidats pour le travail \u00e9vident fourni et a mis en avant leur \u00ab\u00a0bel investissement\u00a0\u00bb.<\/p>\n<p>\t\t<img loading=\"lazy\" decoding=\"async\" src=\"https:\/\/www.europesays.com\/fr\/wp-content\/uploads\/2025\/05\/design_sans_titre_1_-2.png\" width=\"700\" height=\"400\" alt=\"\"\/><\/p>\n<p>Aplomb et talent<\/p>\n<p>Les 10 finalistes, tous volontaires dans leurs \u00e9tablissements respectifs et accompagn\u00e9s par des enseignants enthousiastes, ont livr\u00e9 avec beaucoup d\u2019aplomb et de talent leurs r\u00e9flexions sur l\u2019euthanasie, la libert\u00e9, la prescription, l\u2019intelligence artificielle, la parole des femmes, les imp\u00f4ts, l\u2019esclavage moderne, l\u2019\u00e9cole, les violences conjugales et la justice des mineurs.<\/p>\n<p><br class=\"autobr\"\/><br \/>\nS\u2019ils ont tous brillamment r\u00e9ussi l\u2019exercice, sur la forme comme sur le fond, certains l\u2019ont fait avec plus d\u2019aisance que d\u2019autres. Le jury a ainsi d\u00e9cern\u00e9 la premi\u00e8re place \u00e0 <strong>Romain Dini, <\/strong> la deuxi\u00e8me \u00e0 <strong>Lisa Fontana<\/strong> et la troisi\u00e8me \u00e0 <strong>Bianca Oufrani.\u00c9coutez la prestation de Romain Dini sur le th\u00e8me \u00ab\u00a0Est-ce qu\u2019une IA peut mieux juger qu\u2019un humain\u00a0?<\/strong><\/p>\n<p>\t<img loading=\"lazy\" decoding=\"async\" src=\"https:\/\/www.europesays.com\/fr\/wp-content\/uploads\/2025\/05\/concours_d_eloquence_cdad_06_2025-456d6.png\" width=\"400\" height=\"229\" alt=\"\"\/><\/p>\n","protected":false},"excerpt":{"rendered":"Ce vendredi 16 mai au Palais Rusca de Nice s\u2019est tenue la finale de la 3e \u00e9dition du&hellip;\n","protected":false},"author":2,"featured_media":104690,"comment_status":"","ping_status":"","sticky":false,"template":"","format":"standard","meta":{"footnotes":""},"categories":[2819],"tags":[1111,11,2408,1777,674,1011,27,12,2401,882,25],"class_list":{"0":"post-104689","1":"post","2":"type-post","3":"status-publish","4":"format-standard","5":"has-post-thumbnail","7":"category-nice","8":"tag-actu","9":"tag-actualites","10":"tag-appels-d","11":"tag-eu","12":"tag-europe","13":"tag-fr","14":"tag-france","15":"tag-news","16":"tag-nice","17":"tag-provence-alpes-cote-dazur","18":"tag-republique-francaise"},"share_on_mastodon":{"url":"https:\/\/pubeurope.com\/@fr\/114518144117960312","error":""},"_links":{"self":[{"href":"https:\/\/www.europesays.com\/fr\/wp-json\/wp\/v2\/posts\/104689","targetHints":{"allow":["GET"]}}],"collection":[{"href":"https:\/\/www.europesays.com\/fr\/wp-json\/wp\/v2\/posts"}],"about":[{"href":"https:\/\/www.europesays.com\/fr\/wp-json\/wp\/v2\/types\/post"}],"author":[{"embeddable":true,"href":"https:\/\/www.europesays.com\/fr\/wp-json\/wp\/v2\/users\/2"}],"replies":[{"embeddable":true,"href":"https:\/\/www.europesays.com\/fr\/wp-json\/wp\/v2\/comments?post=104689"}],"version-history":[{"count":0,"href":"https:\/\/www.europesays.com\/fr\/wp-json\/wp\/v2\/posts\/104689\/revisions"}],"wp:featuredmedia":[{"embeddable":true,"href":"https:\/\/www.europesays.com\/fr\/wp-json\/wp\/v2\/media\/104690"}],"wp:attachment":[{"href":"https:\/\/www.europesays.com\/fr\/wp-json\/wp\/v2\/media?parent=104689"}],"wp:term":[{"taxonomy":"category","embeddable":true,"href":"https:\/\/www.europesays.com\/fr\/wp-json\/wp\/v2\/categories?post=104689"},{"taxonomy":"post_tag","embeddable":true,"href":"https:\/\/www.europesays.com\/fr\/wp-json\/wp\/v2\/tags?post=104689"}],"curies":[{"name":"wp","href":"https:\/\/api.w.org\/{rel}","templated":true}]}}