{"id":104695,"date":"2025-05-16T15:11:14","date_gmt":"2025-05-16T15:11:14","guid":{"rendered":"https:\/\/www.europesays.com\/fr\/104695\/"},"modified":"2025-05-16T15:11:14","modified_gmt":"2025-05-16T15:11:14","slug":"le-joueur-de-nantes-mostafa-mohamed-refuse-de-participer-a-la-journee-de-lutte-contre-lhomophobie","status":"publish","type":"post","link":"https:\/\/www.europesays.com\/fr\/104695\/","title":{"rendered":"Le joueur de Nantes Mostafa Mohamed refuse de participer \u00e0 la journ\u00e9e de lutte contre l&rsquo;homophobie"},"content":{"rendered":"<p>L&rsquo;attaquant \u00e9gyptien du FC Nantes Mostafa Mohamed a annonc\u00e9 vendredi qu&rsquo;il refusait de participer \u00e0 la rencontre de son club contre Montpellier, samedi, \u00e0 l&rsquo;occasion de la 34e et derni\u00e8re journ\u00e9e de Ligue 1 consacr\u00e9e \u00e0 la lutte contre l&rsquo;homophobie. Il a justifi\u00e9 cette absence par ses \u00ab\u00a0origines\u00a0\u00bb et sa \u00ab\u00a0foi\u00a0\u00bb.<\/p>\n<p>L&rsquo;attaquant \u00e9gyptien du FC <a href=\"https:\/\/www.france24.com\/fr\/tag\/nantes\/\" class=\"link \" rel=\"nofollow noopener\" target=\"_blank\" data-ylk=\"slk:Nantes;elm:context_link;itc:0;sec:content-canvas\">Nantes<\/a> Mostafa Mohamed a justifi\u00e9, vendredi 16 mai, son absence au match de Ligue 1 samedi contre Montpellier, rencontre \u00e9galement consacr\u00e9e <a href=\"https:\/\/www.france24.com\/fr\/info-en-continu\/20230514-ligue-1-toujours-pas-de-consensus-autour-du-maillot-arc-en-ciel\" rel=\"nofollow noopener\" target=\"_blank\" data-ylk=\"slk:\u00e0 la lutte contre l&#039;homophobie;elm:context_link;itc:0;sec:content-canvas\" class=\"link \">\u00e0 la lutte contre l&rsquo;homophobie<\/a>, par ses \u00ab\u00a0origines\u00a0\u00bb et sa \u00ab\u00a0foi\u00a0\u00bb.<\/p>\n<p>\u00ab\u00a0Certaines valeurs profond\u00e9ment ancr\u00e9es, li\u00e9es \u00e0 mes origines et \u00e0 ma foi, rendent ma participation \u00e0 cette initiative difficile\u00a0\u00bb, a \u00e9crit le joueur, \u00e2g\u00e9 de 27 ans, dans une \u00ab\u00a0story\u00a0\u00bb r\u00e9dig\u00e9e en arabe puis en fran\u00e7ais sur le r\u00e9seau social Instagram.<\/p>\n<p>En raison de cette absence lors du dernier match de <a href=\"https:\/\/www.france24.com\/fr\/tag\/ligue-1\/\" class=\"link \" rel=\"nofollow noopener\" target=\"_blank\" data-ylk=\"slk:Ligue 1;elm:context_link;itc:0;sec:content-canvas\">Ligue 1<\/a> samedi, son club a d\u00e9cid\u00e9 de le sanctionner financi\u00e8rement.<\/p>\n<p>D\u00e9j\u00e0 sanctionn\u00e9 en 2023<\/p>\n<p>Coutumier du fait, puisqu&rsquo;il avait d\u00e9j\u00e0 refus\u00e9 de prendre part \u00e0 la journ\u00e9e o\u00f9 l&rsquo;\u00e9lite du football fran\u00e7ais d\u00e9nonce les violences et la discrimination contre les homosexuels lors des deux derni\u00e8res saisons, le joueur estime que son refus d&rsquo;y prendre part \u00ab\u00a0n&rsquo;exprime ni rejet ni jugement, seulement une fid\u00e9lit\u00e9 \u00e0 ce qui me construit\u00a0\u00bb.<\/p>\n<p>En 2023, le joueur avait d\u00e9j\u00e0 \u00e9t\u00e9 sanctionn\u00e9 financi\u00e8rement par son club et l&rsquo;argent r\u00e9colt\u00e9 avait \u00e9t\u00e9 revers\u00e9 \u00e0 l&rsquo;association SOS Homophobie.<\/p>\n<p>Avec AFP<\/p>\n<p><a href=\"https:\/\/www.france24.com\/fr\/sports\/20250516-joueur-fc-nantes-mostafa-mohamed-refuse-participer-journ%C3%A9e-lutte-contre-homophobie-lgbtq\" rel=\"nofollow noopener\" target=\"_blank\" data-ylk=\"slk:Lire la suite sur FRANCE 24;elm:context_link;itc:0;sec:content-canvas\" class=\"link \">Lire la suite sur FRANCE 24<\/a><\/p>\n<p>Lire aussi:<br \/><a href=\"https:\/\/www.france24.com\/fr\/sports\/20230925-psg-om-sanctions-demand%C3%A9es-apr%C3%A8s-des-chants-homophobes-au-parc-des-princes\" rel=\"nofollow noopener\" target=\"_blank\" data-ylk=\"slk:PSG-OM : &quot;sanctions&quot; demand\u00e9es apr\u00e8s des chants homophobes au Parc des Princes;elm:context_link;itc:0;sec:content-canvas\" class=\"link \">PSG-OM : \u00ab\u00a0sanctions\u00a0\u00bb demand\u00e9es apr\u00e8s des chants homophobes au Parc des Princes<\/a><br \/><a href=\"https:\/\/www.france24.com\/fr\/info-en-continu\/20230514-ligue-1-toujours-pas-de-consensus-autour-du-maillot-arc-en-ciel\" rel=\"nofollow noopener\" target=\"_blank\" data-ylk=\"slk:Homophobie dans le football : le maillot floqu\u00e9 arc-en-ciel toujours loin d&#039;\u00eatre consensuel;elm:context_link;itc:0;sec:content-canvas\" class=\"link \">Homophobie dans le football : le maillot floqu\u00e9 arc-en-ciel toujours loin d&rsquo;\u00eatre consensuel<\/a><\/p>\n","protected":false},"excerpt":{"rendered":"L&rsquo;attaquant \u00e9gyptien du FC Nantes Mostafa Mohamed a annonc\u00e9 vendredi qu&rsquo;il refusait de participer \u00e0 la rencontre de&hellip;\n","protected":false},"author":2,"featured_media":104696,"comment_status":"","ping_status":"","sticky":false,"template":"","format":"standard","meta":{"footnotes":""},"categories":[2818],"tags":[1111,11,1777,674,462,18671,1011,27,22149,2208,22150,766,12,2636,25],"class_list":{"0":"post-104695","1":"post","2":"type-post","3":"status-publish","4":"format-standard","5":"has-post-thumbnail","7":"category-nantes","8":"tag-actu","9":"tag-actualites","10":"tag-eu","11":"tag-europe","12":"tag-fc-nantes","13":"tag-football-francais","14":"tag-fr","15":"tag-france","16":"tag-lutte-contre-lhomophobie","17":"tag-montpellier","18":"tag-mostafa-mohamed","19":"tag-nantes","20":"tag-news","21":"tag-pays-de-la-loire","22":"tag-republique-francaise"},"share_on_mastodon":{"url":"https:\/\/pubeurope.com\/@fr\/114518156582606935","error":""},"_links":{"self":[{"href":"https:\/\/www.europesays.com\/fr\/wp-json\/wp\/v2\/posts\/104695","targetHints":{"allow":["GET"]}}],"collection":[{"href":"https:\/\/www.europesays.com\/fr\/wp-json\/wp\/v2\/posts"}],"about":[{"href":"https:\/\/www.europesays.com\/fr\/wp-json\/wp\/v2\/types\/post"}],"author":[{"embeddable":true,"href":"https:\/\/www.europesays.com\/fr\/wp-json\/wp\/v2\/users\/2"}],"replies":[{"embeddable":true,"href":"https:\/\/www.europesays.com\/fr\/wp-json\/wp\/v2\/comments?post=104695"}],"version-history":[{"count":0,"href":"https:\/\/www.europesays.com\/fr\/wp-json\/wp\/v2\/posts\/104695\/revisions"}],"wp:featuredmedia":[{"embeddable":true,"href":"https:\/\/www.europesays.com\/fr\/wp-json\/wp\/v2\/media\/104696"}],"wp:attachment":[{"href":"https:\/\/www.europesays.com\/fr\/wp-json\/wp\/v2\/media?parent=104695"}],"wp:term":[{"taxonomy":"category","embeddable":true,"href":"https:\/\/www.europesays.com\/fr\/wp-json\/wp\/v2\/categories?post=104695"},{"taxonomy":"post_tag","embeddable":true,"href":"https:\/\/www.europesays.com\/fr\/wp-json\/wp\/v2\/tags?post=104695"}],"curies":[{"name":"wp","href":"https:\/\/api.w.org\/{rel}","templated":true}]}}