{"id":1046987,"date":"2026-07-06T12:33:24","date_gmt":"2026-07-06T12:33:24","guid":{"rendered":"https:\/\/www.europesays.com\/fr\/1046987\/"},"modified":"2026-07-06T12:33:24","modified_gmt":"2026-07-06T12:33:24","slug":"lyon-un-homme-en-garde-a-vue-suspecte-davoir-declenche-huit-incendies","status":"publish","type":"post","link":"https:\/\/www.europesays.com\/fr\/1046987\/","title":{"rendered":"Lyon : Un homme en garde \u00e0 vue, suspect\u00e9 d\u2019avoir d\u00e9clench\u00e9 huit incendies"},"content":{"rendered":"<p class=\"mb-4 text-lg md:leading-8 break-words\"><strong>Pyromane &#8211; Un homme de 29 ans, \u00ab\u00a0tr\u00e8s connu\u00a0\u00bb des services de police, a \u00e9t\u00e9 plac\u00e9 en garde \u00e0 vue apr\u00e8s avoir \u00e9t\u00e9 identifi\u00e9 par des t\u00e9moins en train d\u2019allumer huit foyers d\u2019incendie distincts dimanche \u00e0 Solaize dans le Rh\u00f4ne<\/strong><\/p>\n<p class=\"mb-4 text-lg md:leading-8 break-words\">Il a \u00e9t\u00e9 identifi\u00e9 par des t\u00e9moins qui l\u2019ont vu en train d\u2019allumer des feux de v\u00e9g\u00e9tation dimanche \u00e0 Solaize (<a href=\"https:\/\/www.20minutes.fr\/dossier\/rhone?at_medium=RSS%20feed&amp;at_campaign=ynews&amp;utm_source=yahoo&amp;utm_medium=rss&amp;utm_campaign=news_feed&amp;utm_content=in_article_link\" rel=\"nofollow noopener\" target=\"_blank\" data-ylk=\"elm:link;elmt:article_link;slk:Rh\u00f4ne;itc:0;sec:content-canvas\" data-yga=\"{&quot;yLinkElement&quot;:&quot;context_link&quot;,&quot;yModuleName&quot;:&quot;content-canvas&quot;,&quot;yLinkText&quot;:&quot;Rh\u00f4ne&quot;}\" class=\"link \">Rh\u00f4ne<\/a>)\u00a0: huit foyers distincts ont \u00e9t\u00e9 relev\u00e9s. Un homme de 29 ans est en garde \u00e0 vue ce lundi au lendemain de son interpellation.<\/p>\n<p class=\"mb-4 text-lg md:leading-8 break-words\">La proc\u00e9dure est ouverte pour \u00ab\u00a0destruction par <a href=\"https:\/\/www.20minutes.fr\/dossier\/incendie?at_medium=RSS%20feed&amp;at_campaign=ynews&amp;utm_source=yahoo&amp;utm_medium=rss&amp;utm_campaign=news_feed&amp;utm_content=in_article_link\" rel=\"nofollow noopener\" target=\"_blank\" data-ylk=\"elm:link;elmt:article_link;slk:incendie;itc:0;sec:content-canvas\" data-yga=\"{&quot;yLinkElement&quot;:&quot;context_link&quot;,&quot;yModuleName&quot;:&quot;content-canvas&quot;,&quot;yLinkText&quot;:&quot;incendie&quot;}\" class=\"link \">incendie<\/a> de bois, for\u00eat, lande, maquis ou plantation d\u2019autrui pouvant causer un dommage aux personnes\u00a0\u00bb, pr\u00e9cise le parquet de <a href=\"https:\/\/www.20minutes.fr\/lyon\/?at_medium=RSS%20feed&amp;at_campaign=ynews&amp;utm_source=yahoo&amp;utm_medium=rss&amp;utm_campaign=news_feed&amp;utm_content=in_article_link\" rel=\"nofollow noopener\" target=\"_blank\" data-ylk=\"elm:link;elmt:article_link;slk:Lyon;itc:0;sec:content-canvas\" data-yga=\"{&quot;yLinkElement&quot;:&quot;context_link&quot;,&quot;yModuleName&quot;:&quot;content-canvas&quot;,&quot;yLinkText&quot;:&quot;Lyon&quot;}\" class=\"link \">Lyon<\/a>. Selon une source gendarmerie, l\u2019incendiaire pr\u00e9sum\u00e9 est \u00ab\u00a0tr\u00e8s connu\u00a0\u00bb des services de police pour diverses infractions.<\/p>\n<p>150 personnes avaient d\u00fb \u00eatre \u00e9vacu\u00e9es<\/p>\n<p class=\"mb-4 text-lg md:leading-8 break-words\">Le feu a parcouru environ 10.000\u00a0m2 (1 hectare), et mobilis\u00e9 71 pompiers et 26 engins, selon un bilan de la pr\u00e9fecture du Rh\u00f4ne. Le temps de l\u2019intervention, 150 personnes ont \u00e9t\u00e9 \u00e9vacu\u00e9es. \u00ab\u00a0Aucun bless\u00e9 n\u2019est \u00e0 d\u00e9plorer\u00a0\u00bb, pr\u00e9cisent les services de l\u2019Etat. Les investigations, men\u00e9es par la brigade de gendarmerie de Saint-Symphorien-d\u2019Ozon, sont toujours en cours, selon le parquet.<\/p>\n<p class=\"mb-4 text-lg md:leading-8 break-words\">Les autorit\u00e9s appellent \u00e0 la vigilance alors que les temp\u00e9ratures \u00e9lev\u00e9es s\u2019accompagnent en France d\u2019un risque d\u2019incendie \u00ab\u00a0tr\u00e8s \u00e9lev\u00e9\u00a0\u00bb dans sept d\u00e9partements du sud, \u00ab\u00a0\u00e9lev\u00e9\u00a0\u00bb dans 41 d\u00e9partements, mobilisant les services d\u2019intervention.<\/p>\n<p class=\"mb-4 text-lg md:leading-8 break-words\"><a href=\"https:\/\/www.20minutes.fr\/faits_divers\/4233125-20260706-lyon-homme-garde-vue-suspecte-avoir-declenche-huit-incendies?at_medium=RSS%20feed&amp;at_campaign=ynews&amp;utm_source=yahoo&amp;utm_medium=rss&amp;utm_campaign=news_feed&amp;utm_content=read_more_link&quot;\" rel=\"nofollow noopener\" target=\"_blank\" data-ylk=\"elm:link;elmt:article_link;slk:Lire la suite sur 20minutes;itc:0;sec:content-canvas\" data-yga=\"{&quot;yLinkElement&quot;:&quot;context_link&quot;,&quot;yModuleName&quot;:&quot;content-canvas&quot;,&quot;yLinkText&quot;:&quot;Lire la suite sur 20minutes&quot;}\" class=\"link \">Lire la suite sur 20minutes<\/a><\/p>\n<p>\u00c0 lire aussi :<br \/><a href=\"https:\/\/www.20minutes.fr\/faits_divers\/4232481-20260702-pyrenees-orientales-750-estivants-evacues-campings-menaces-important-incendie?at_medium=RSS%20feed&amp;at_campaign=ynews&amp;utm_source=yahoo&amp;utm_medium=rss&amp;utm_campaign=news_feed&amp;utm_content=related_content_link\" rel=\"nofollow noopener\" target=\"_blank\" data-ylk=\"elm:link;elmt:article_link;slk:Pyr\u00e9n\u00e9es-Orientales\u00a0: 250 bungalows br\u00fbl\u00e9s, 3.000 personnes \u00e9vacu\u00e9es, l\u2019incendie menace d\u00e9sormais la marina de Canet;itc:0;sec:content-canvas\" data-yga=\"{&quot;yLinkElement&quot;:&quot;context_link&quot;,&quot;yModuleName&quot;:&quot;content-canvas&quot;,&quot;yLinkText&quot;:&quot;Pyr\u00e9n\u00e9es-Orientales&amp;nbsp&quot;}\" class=\"link \">Pyr\u00e9n\u00e9es-Orientales\u00a0: 250 bungalows br\u00fbl\u00e9s, 3.000 personnes \u00e9vacu\u00e9es, l\u2019incendie menace d\u00e9sormais la marina de Canet<\/a><br \/><a href=\"https:\/\/www.20minutes.fr\/justice\/4227183-20260604-mega-incendie-aude-trois-agents-onf-garde-vue-va-etre-presente-juge-instruction?at_medium=RSS%20feed&amp;at_campaign=ynews&amp;utm_source=yahoo&amp;utm_medium=rss&amp;utm_campaign=news_feed&amp;utm_content=related_content_link\" rel=\"nofollow noopener\" target=\"_blank\" data-ylk=\"elm:link;elmt:article_link;slk:M\u00e9ga incendie dans l\u2019Aude\u00a0: L\u2019un des trois agents de l\u2019ONF en garde \u00e0 vue va \u00eatre pr\u00e9sent\u00e9 \u00e0 un juge d\u2019instruction;itc:0;sec:content-canvas\" data-yga=\"{&quot;yLinkElement&quot;:&quot;context_link&quot;,&quot;yModuleName&quot;:&quot;content-canvas&quot;,&quot;yLinkText&quot;:&quot;M\u00e9ga incendie dans l\u2019Aude&amp;nbsp&quot;}\" class=\"link \">M\u00e9ga incendie dans l\u2019Aude\u00a0: L\u2019un des trois agents de l\u2019ONF en garde \u00e0 vue va \u00eatre pr\u00e9sent\u00e9 \u00e0 un juge d\u2019instruction<\/a><\/p>\n","protected":false},"excerpt":{"rendered":"Pyromane &#8211; Un homme de 29 ans, \u00ab\u00a0tr\u00e8s connu\u00a0\u00bb des services de police, a \u00e9t\u00e9 plac\u00e9 en garde&hellip;\n","protected":false},"author":2,"featured_media":1046988,"comment_status":"","ping_status":"","sticky":false,"template":"","format":"standard","meta":{"footnotes":"","_share_on_mastodon":"0"},"categories":[1889],"tags":[1111,11,2430,1777,674,1011,27,7774,4933,2428,12,9450,25,13170],"class_list":["post-1046987","post","type-post","status-publish","format-standard","has-post-thumbnail","category-lyon","tag-actu","tag-actualites","tag-auvergne-rhone-alpes","tag-eu","tag-europe","tag-fr","tag-france","tag-garde-a-vue","tag-homme","tag-lyon","tag-news","tag-prefecture-du-rhone","tag-republique-francaise","tag-solaize"],"share_on_mastodon":{"url":"https:\/\/pubeurope.com\/@fr\/116873055879120070","error":""},"_links":{"self":[{"href":"https:\/\/www.europesays.com\/fr\/wp-json\/wp\/v2\/posts\/1046987","targetHints":{"allow":["GET"]}}],"collection":[{"href":"https:\/\/www.europesays.com\/fr\/wp-json\/wp\/v2\/posts"}],"about":[{"href":"https:\/\/www.europesays.com\/fr\/wp-json\/wp\/v2\/types\/post"}],"author":[{"embeddable":true,"href":"https:\/\/www.europesays.com\/fr\/wp-json\/wp\/v2\/users\/2"}],"replies":[{"embeddable":true,"href":"https:\/\/www.europesays.com\/fr\/wp-json\/wp\/v2\/comments?post=1046987"}],"version-history":[{"count":0,"href":"https:\/\/www.europesays.com\/fr\/wp-json\/wp\/v2\/posts\/1046987\/revisions"}],"wp:featuredmedia":[{"embeddable":true,"href":"https:\/\/www.europesays.com\/fr\/wp-json\/wp\/v2\/media\/1046988"}],"wp:attachment":[{"href":"https:\/\/www.europesays.com\/fr\/wp-json\/wp\/v2\/media?parent=1046987"}],"wp:term":[{"taxonomy":"category","embeddable":true,"href":"https:\/\/www.europesays.com\/fr\/wp-json\/wp\/v2\/categories?post=1046987"},{"taxonomy":"post_tag","embeddable":true,"href":"https:\/\/www.europesays.com\/fr\/wp-json\/wp\/v2\/tags?post=1046987"}],"curies":[{"name":"wp","href":"https:\/\/api.w.org\/{rel}","templated":true}]}}