{"id":1047127,"date":"2026-07-06T14:01:37","date_gmt":"2026-07-06T14:01:37","guid":{"rendered":"https:\/\/www.europesays.com\/fr\/1047127\/"},"modified":"2026-07-06T14:01:37","modified_gmt":"2026-07-06T14:01:37","slug":"cette-decision-du-hamas-marque-un-tournant-politique-dans-la-bande-de-gaza","status":"publish","type":"post","link":"https:\/\/www.europesays.com\/fr\/1047127\/","title":{"rendered":"Cette d\u00e9cision du Hamas marque un tournant politique dans la bande de Gaza"},"content":{"rendered":"<p>                 \u00c0 voir aussi sur Le HuffPost            <\/p>\n<p> La lecture de ce contenu est susceptible d\u2019entra\u00eener un d\u00e9p\u00f4t de cookies de la part de l\u2019op\u00e9rateur tiers qui l\u2019h\u00e9berge. Compte-tenu des choix que vous avez exprim\u00e9s en mati\u00e8re de d\u00e9p\u00f4t de cookies, nous avons bloqu\u00e9 l\u2019affichage de ce contenu. Si vous souhaitez y acc\u00e9der, vous devez accepter la cat\u00e9gorie de cookies \u201cContenus tiers\u201d en cliquant sur le bouton ci-dessous. <\/p>\n<p> Lire la Vid\u00e9o              <\/p>\n<p class=\"asset asset-text\">Une nouvelle \u00e8re dans la bande de Gaza\u00a0? Le mouvement islamiste palestinien <a href=\"https:\/\/www.huffingtonpost.fr\/international\/article\/deux-ans-apres-le-7-octobre-le-hamas-est-affaibli-mais-loin-d-etre-detruit_255652.html\" rel=\"nofollow noopener\" target=\"_blank\">Hamas<\/a> a annonc\u00e9 ce lundi 6\u00a0juillet avoir dissous ses instances dirigeantes apr\u00e8s presque 20\u00a0ans de pouvoir, ouvrant ainsi la voie \u00e0 un comit\u00e9 technocratique charg\u00e9 d\u2019administrer le territoire.<\/p>\n<p class=\"asset asset-text\">\u00ab\u00a0Le pr\u00e9sident du comit\u00e9 d\u2019urgence du gouvernement, Mohammed al-Farra, a officiellement pr\u00e9sent\u00e9 sa d\u00e9mission\u00a0\u00bb, a d\u00e9clar\u00e9 \u00e0 l\u2019AFP Isma\u00efl al-Thawabta, directeur du bureau des m\u00e9dias du gouvernement du Hamas. Il a \u00ab\u00a0d\u00e9cid\u00e9 de dissoudre le comit\u00e9 afin de faciliter la transition administrative et gouvernementale vers le Comit\u00e9 national pour l\u2019administration de Gaza (NCAG)\u00a0\u00bb.<\/p>\n<p class=\"asset asset-text\">Ce NCAG, dirig\u00e9 par Ali Shaath, devrait prendre en charge la gestion quotidienne du territoire. Il avait \u00e9t\u00e9 cr\u00e9\u00e9 par le \u00ab<a href=\"https:\/\/www.huffingtonpost.fr\/international\/article\/1-milliard-de-dollars-poutine-milei-ce-que-l-on-sait-du-conseil-de-paix-de-trump-pour-gaza-que-la-france-va-bouder_259380.html\" rel=\"nofollow noopener\" target=\"_blank\">\u00a0Conseil de Paix<\/a>\u00a0\u00bb, mis en place par le pr\u00e9sident am\u00e9ricain Donald Trump, lors des n\u00e9gociations qui ont abouti au cessez-le-feu entre Isra\u00ebl et le Hamas en octobre\u00a02025.<\/p>\n<p class=\"asset asset-text\">\u00ab\u00a0Nous affirmons que le Comit\u00e9 national pour l\u2019administration de Gaza est pleinement pr\u00eat \u00e0 assumer ses responsabilit\u00e9s nationales d\u00e8s que les ressources et les capacit\u00e9s n\u00e9cessaires seront disponibles\u00a0\u00bb, a \u00e9crit sur X le pr\u00e9sident du NCAG, Ali Shaath.<\/p>\n<p>                     Un tournant politique    <\/p>\n<p class=\"asset asset-text\">\u00ab\u00a0Le Hamas franchit une nouvelle \u00e9tape en renon\u00e7ant \u00e0 administrer la bande de Gaza afin de priver l\u2019occupation de tout pr\u00e9texte pour poursuivre son agression et sa guerre d\u2019extermination\u00a0\u00bb, a d\u00e9clar\u00e9 \u00e0 l\u2019AFP le porte-parole du Hamas, Hazem Qassem. \u00ab\u00a0Nous esp\u00e9rons que le Comit\u00e9 national pour l\u2019administration de Gaza pourra entrer rapidement dans la bande de Gaza, et le Hamas r\u00e9affirme sa volont\u00e9 de lui transf\u00e9rer les responsabilit\u00e9s gouvernementales afin d\u2019assurer le succ\u00e8s de sa mission\u00a0\u00bb, a-t-il ajout\u00e9.<\/p>\n<p class=\"asset asset-text\">L\u2019initiative du Hamas marque un tournant politique important pour le mouvement islamiste, qui a pris le pouvoir dans la bande de Gaza en 2007\u00a0\u00e0 l\u2019issue d\u2019affrontements avec le Fatah, la formation du pr\u00e9sident de l\u2019Autorit\u00e9 palestinienne, Mahmoud Abbas, bas\u00e9 \u00e0 Ramallah, en Cisjordanie occup\u00e9e.<\/p>\n<p class=\"asset asset-text\">Quelques mois apr\u00e8s le d\u00e9but de la guerre entre Isra\u00ebl et le Hamas, d\u00e9clench\u00e9e par l\u2019attaque sanglante sur le sol isra\u00e9lien du 7\u00a0octobre\u00a02023, le mouvement islamiste avait fait savoir qu\u2019il \u00e9tait pr\u00eat \u00e0 se retirer du pouvoir dans la bande de Gaza au profit d\u2019une autre direction palestinienne.<\/p>\n<p class=\"asset asset-text\">Depuis, de nombreux sc\u00e9narios ont \u00e9t\u00e9 \u00e9voqu\u00e9s mais, sur le terrain, la situation patine. L\u2019un des principaux points d\u2019achoppement reste le d\u00e9sarmement du Hamas, ce dernier affirmant qu\u2019il ne le conc\u00e9dera que dans le cadre d\u2019une initiative politique palestinienne, ce qu\u2019Isra\u00ebl rejette.<\/p>\n","protected":false},"excerpt":{"rendered":"\u00c0 voir aussi sur Le HuffPost La lecture de ce contenu est susceptible d\u2019entra\u00eener un d\u00e9p\u00f4t de cookies&hellip;\n","protected":false},"author":2,"featured_media":1047128,"comment_status":"","ping_status":"","sticky":false,"template":"","format":"standard","meta":{"footnotes":"","_share_on_mastodon":"0"},"categories":[2],"tags":[11,1011,27,665,3519,14,12,25],"class_list":["post-1047127","post","type-post","status-publish","format-standard","has-post-thumbnail","category-actualites","tag-actualites","tag-fr","tag-france","tag-gaza","tag-hamas","tag-international","tag-news","tag-republique-francaise"],"share_on_mastodon":{"url":"https:\/\/pubeurope.com\/@fr\/116873402778136873","error":""},"_links":{"self":[{"href":"https:\/\/www.europesays.com\/fr\/wp-json\/wp\/v2\/posts\/1047127","targetHints":{"allow":["GET"]}}],"collection":[{"href":"https:\/\/www.europesays.com\/fr\/wp-json\/wp\/v2\/posts"}],"about":[{"href":"https:\/\/www.europesays.com\/fr\/wp-json\/wp\/v2\/types\/post"}],"author":[{"embeddable":true,"href":"https:\/\/www.europesays.com\/fr\/wp-json\/wp\/v2\/users\/2"}],"replies":[{"embeddable":true,"href":"https:\/\/www.europesays.com\/fr\/wp-json\/wp\/v2\/comments?post=1047127"}],"version-history":[{"count":0,"href":"https:\/\/www.europesays.com\/fr\/wp-json\/wp\/v2\/posts\/1047127\/revisions"}],"wp:featuredmedia":[{"embeddable":true,"href":"https:\/\/www.europesays.com\/fr\/wp-json\/wp\/v2\/media\/1047128"}],"wp:attachment":[{"href":"https:\/\/www.europesays.com\/fr\/wp-json\/wp\/v2\/media?parent=1047127"}],"wp:term":[{"taxonomy":"category","embeddable":true,"href":"https:\/\/www.europesays.com\/fr\/wp-json\/wp\/v2\/categories?post=1047127"},{"taxonomy":"post_tag","embeddable":true,"href":"https:\/\/www.europesays.com\/fr\/wp-json\/wp\/v2\/tags?post=1047127"}],"curies":[{"name":"wp","href":"https:\/\/api.w.org\/{rel}","templated":true}]}}