{"id":104714,"date":"2025-05-16T15:21:13","date_gmt":"2025-05-16T15:21:13","guid":{"rendered":"https:\/\/www.europesays.com\/fr\/104714\/"},"modified":"2025-05-16T15:21:13","modified_gmt":"2025-05-16T15:21:13","slug":"lyon-les-defenseurs-de-lyon-sactivent-pour-une-indemnisation-des-commercants-impactes-par-les-travaux","status":"publish","type":"post","link":"https:\/\/www.europesays.com\/fr\/104714\/","title":{"rendered":"Lyon. Les D\u00e9fenseurs de Lyon s\u2019activent pour une indemnisation des commer\u00e7ants \u00ab impact\u00e9s par les travaux \u00bb"},"content":{"rendered":"<p>\u00ab\u00a0Il est temps de se d\u00e9fendre. Trop de commerces ont ferm\u00e9.\u00a0\u00bb Le collectif des <a href=\"https:\/\/www.facebook.com\/p\/Collectif-des-d%C3%A9fenseurs-de-Lyon-61560641461212\/\" target=\"_blank\" rel=\"nofollow noopener\">D\u00e9fenseurs de Lyon<\/a> et du Grand Lyon a partag\u00e9 ce jeudi, sur ses r\u00e9seaux sociaux, un <a href=\"https:\/\/docs.google.com\/forms\/d\/e\/1FAIpQLScxlXlBJBOBLPMr56AYsf1_9St3N-pbZNCc1rMs6D8GzOUqLw\/viewform\" target=\"_blank\" rel=\"nofollow noopener\">formulaire<\/a> visant \u00e0 recenser &#8211; de mani\u00e8re \u00ab\u00a0anonyme mais s\u00e9rieuse\u00a0\u00bb &#8211; les commer\u00e7ants lyonnais \u00ab\u00a0lourdement impact\u00e9s par les travaux urbains\u00a0\u00bb. Et pr\u00e9parer des recours juridiques en indemnisation avec l\u2019appui d\u2019avocats.<\/p>\n<p>  Une action collective<\/p>\n<p>\u00ab\u00a0Aucun fonds d\u2019indemnisation n\u2019a \u00e9t\u00e9 pr\u00e9vu par la Ville ou la M\u00e9tropole, regrette le collectif, contrairement \u00e0 ce qui se fait dans d\u2019autres villes. Et d\u2019ajouter\u00a0: Pourtant, si aucune loi n\u2019impose \u00e0 une collectivit\u00e9 de pr\u00e9voir un tel fonds, le droit vous permet de r\u00e9clamer une indemnisation lorsque vous pouvez d\u00e9montrer un pr\u00e9judice direct, anormal et sp\u00e9cial.\u00a0\u00bb<\/p>\n<p>\u00c0 travers cet appel, le collectif esp\u00e8re amplifier la mobilisation \u00ab\u00a0contre la fermeture de Lyon\u00a0\u00bb, son combat depuis plusieurs ann\u00e9es. \u00ab\u00a0Ensemble, nous aurons plus de poids.\u00a0\u00bb Les D\u00e9fenseurs de Lyon pr\u00e9cisent que ce recensement est \u00ab\u00a0strictement confidentiel et sans engagement\u00a0\u00bb.\u00a0Une r\u00e9union d\u2019information sera organis\u00e9e par la suite en pr\u00e9sence d\u2019avocats.<\/p>\n","protected":false},"excerpt":{"rendered":"\u00ab\u00a0Il est temps de se d\u00e9fendre. Trop de commerces ont ferm\u00e9.\u00a0\u00bb Le collectif des D\u00e9fenseurs de Lyon et&hellip;\n","protected":false},"author":2,"featured_media":104715,"comment_status":"","ping_status":"","sticky":false,"template":"","format":"standard","meta":{"footnotes":""},"categories":[1889],"tags":[1111,11,2430,4406,33,2757,1777,674,1011,27,2428,2756,12,25,2429],"class_list":{"0":"post-104714","1":"post","2":"type-post","3":"status-publish","4":"format-standard","5":"has-post-thumbnail","7":"category-lyon","8":"tag-actu","9":"tag-actualites","10":"tag-auvergne-rhone-alpes","11":"tag-commerce-et-services","12":"tag-economie","13":"tag-edition-lyon-villeurbanne","14":"tag-eu","15":"tag-europe","16":"tag-fr","17":"tag-france","18":"tag-lyon","19":"tag-lyon-bassin","20":"tag-news","21":"tag-republique-francaise","22":"tag-rhone"},"share_on_mastodon":{"url":"https:\/\/pubeurope.com\/@fr\/114518195173914959","error":""},"_links":{"self":[{"href":"https:\/\/www.europesays.com\/fr\/wp-json\/wp\/v2\/posts\/104714","targetHints":{"allow":["GET"]}}],"collection":[{"href":"https:\/\/www.europesays.com\/fr\/wp-json\/wp\/v2\/posts"}],"about":[{"href":"https:\/\/www.europesays.com\/fr\/wp-json\/wp\/v2\/types\/post"}],"author":[{"embeddable":true,"href":"https:\/\/www.europesays.com\/fr\/wp-json\/wp\/v2\/users\/2"}],"replies":[{"embeddable":true,"href":"https:\/\/www.europesays.com\/fr\/wp-json\/wp\/v2\/comments?post=104714"}],"version-history":[{"count":0,"href":"https:\/\/www.europesays.com\/fr\/wp-json\/wp\/v2\/posts\/104714\/revisions"}],"wp:featuredmedia":[{"embeddable":true,"href":"https:\/\/www.europesays.com\/fr\/wp-json\/wp\/v2\/media\/104715"}],"wp:attachment":[{"href":"https:\/\/www.europesays.com\/fr\/wp-json\/wp\/v2\/media?parent=104714"}],"wp:term":[{"taxonomy":"category","embeddable":true,"href":"https:\/\/www.europesays.com\/fr\/wp-json\/wp\/v2\/categories?post=104714"},{"taxonomy":"post_tag","embeddable":true,"href":"https:\/\/www.europesays.com\/fr\/wp-json\/wp\/v2\/tags?post=104714"}],"curies":[{"name":"wp","href":"https:\/\/api.w.org\/{rel}","templated":true}]}}