{"id":104720,"date":"2025-05-16T15:24:09","date_gmt":"2025-05-16T15:24:09","guid":{"rendered":"https:\/\/www.europesays.com\/fr\/104720\/"},"modified":"2025-05-16T15:24:09","modified_gmt":"2025-05-16T15:24:09","slug":"le-compte-tiktok-de-linfluenceur-ad-laurent-supprime","status":"publish","type":"post","link":"https:\/\/www.europesays.com\/fr\/104720\/","title":{"rendered":"le compte TikTok de l&rsquo;influenceur AD Laurent supprim\u00e9"},"content":{"rendered":"<p>            Par<br \/>\n        <strong><br \/>\n            <a href=\"https:\/\/actu.fr\/auteur\/redaction-paris\" title=\"Consulter tous les articles de R\u00e9daction Paris\" target=\"_blank\" rel=\"noopener\">R\u00e9daction Paris<\/a><br \/>\n        <\/strong><\/p>\n<p>        Publi\u00e9 le<\/p>\n<p>            16 mai 2025 \u00e0 16h24        <\/p>\n<p>Il aura fallu moins de 24\u00a0heures pour que des mesures soient prises. Le compte <a href=\"https:\/\/actu.fr\/tag\/tiktok\" target=\"_blank\" rel=\"noopener\">TikTok<\/a> de l\u2019influenceur et acteur pornographique <strong>AD Laurent<\/strong> a \u00e9t\u00e9 supprim\u00e9 jeudi 15\u00a0mai 2025, selon un constat de l\u2019<a href=\"https:\/\/www.afp.com\/fr\" target=\"_blank\" rel=\"noopener\">AFP<\/a>, au lendemain d\u2019un signalement d\u2019<a href=\"https:\/\/actu.fr\/tag\/aurore-berge\" target=\"_blank\" rel=\"noopener\">Aurore Berg\u00e9<\/a>, ministre d\u00e9l\u00e9gu\u00e9e \u00e0 l\u2019\u00c9galit\u00e9 femmes-hommes. Il y v\u00e9hiculait des contenus misogynes et virilistes.<\/p>\n<p>\u00ab\u2009Une culture de l\u2019hypersexualisation et de la soumission des femmes\u2009\u00bb<\/p>\n<p class=\" wall-content\">\u00ab\u2009Suite \u00e0 mon signalement hier, le compte\u2009\u00bb AD Laurent \u00ab\u2009a \u00e9t\u00e9 banni de la plateforme TikTok. Et depuis ce signalement, vous \u00eates tr\u00e8s nombreux \u00e0 m\u2019\u00e9crire pour <strong>m\u2019indiquer d\u2019autres comptes<\/strong>. D\u2019autres signalements suivront. Les <a href=\"https:\/\/actu.fr\/tag\/reseaux-sociaux\" target=\"_blank\" rel=\"noopener\">r\u00e9seaux sociaux<\/a> ne sont pas une zone de non-droit\u2009\u00bb, a \u00e9crit la ministre sur le r\u00e9seau social X.<\/p>\n<p class=\" wall-content\">\n<p class=\" wall-content\">Sur son compte qui cumule plus de 1,8\u00a0million d\u2019abonn\u00e9s, celui qui est n\u00e9 \u00e0 Paris puis a grandi dans les <a href=\"https:\/\/actu.fr\/ile-de-france\/hauts-de-seine_92\" target=\"_blank\" rel=\"noopener\">Hauts-de-Seine<\/a>, propageait \u00ab\u2009une <strong>vision d\u00e9form\u00e9e et toxique<\/strong> de la sexualit\u00e9 o\u00f9 la domination et la violence prennent le pas sur le respect et le consentement\u2009\u00bb, a estim\u00e9 la ministre dans une lettre adress\u00e9e au patron de TikTok France r\u00e9v\u00e9l\u00e9e par <a href=\"https:\/\/www.rtl.fr\/actu\/politique\/info-rtl-ad-laurent-le-gouvernement-saisit-tiktok-pour-faire-retirer-les-contenus-de-l-influenceur-controverse-7900505008\" target=\"_blank\" rel=\"noopener\">RTL<\/a> et consult\u00e9e par l\u2019AFP.<\/p>\n<p class=\" wall-content\">Du contenu \u00ab\u2009extr\u00eamement pr\u00e9occupant\u2009\u00bb\u2009: \u00ab\u2009lives r\u00e9p\u00e9t\u00e9s avec des jeunes filles, dont il est difficile de d\u00e9terminer l\u2019\u00e2ge tant elles <strong>paraissent jeunes<\/strong>\u2009\u00bb, avec des \u00ab\u2009allusions sexuelles constantes\u2009\u00bb, \u00ab\u2009vid\u00e9os d\u00e9crivant des pratiques sexuelles violentes et sans consentement\u2009\u00bb.<\/p>\n<p class=\" wall-content\"><a href=\"https:\/\/www.instagram.com\/adlaurent.ofc\/embed\" title=\"Ouvrir le lien sur Instagram\" target=\"_blank\" rel=\"noopener\">Visualiser le contenu sur Instagram<\/a><\/p>\n<p class=\" wall-content\">\u00ab\u2009Ces images contribuent \u00e0 <strong>ancrer une culture de l\u2019hypersexualisation<\/strong> et de la soumission des femmes, exposant un public toujours plus jeune \u00e0 des repr\u00e9sentations contraires aux principes fondamentaux d\u2019\u00e9galit\u00e9 et de respect\u2009\u00bb, a \u00e9crit la ministre.<\/p>\n<p>Vid\u00e9os : en ce moment sur Actu<\/p>\n<p class=\" wall-content\">D\u2019apr\u00e8s\u00a0<a href=\"https:\/\/www.bfmtv.com\/tech\/tiktok\/ad-ne-meurt-jamais-l-influenceur-ad-laurent-reagit-a-la-suppression-de-son-compte-tiktok_AV-202505160277.html\" target=\"_blank\" rel=\"noopener\">BFM TV<\/a>, AD Laurent aurait r\u00e9agi sur Snapchat\u2009: \u00ab\u2009Ne vous inqui\u00e9tez pas mes pupuces.\u00a0<strong>AD ne meurt jamais.<\/strong>\u2009\u00bb Son compte Instagram avait connu le m\u00eame sort.\u00a0<\/p>\n<p class=\" wall-content\">Le 20\u00a0mars 2024, actu.fr d\u00e9voilait qu\u2019une <a href=\"https:\/\/actu.fr\/faits-divers\/info-actu-fr-ad-laurent-influenceur-star-sur-tiktok-accuse-de-viols-une-plainte-deposee_60845293.html\" target=\"_blank\" rel=\"noopener\">plainte pour viol avait \u00e9t\u00e9 d\u00e9pos\u00e9e<\/a> contre lui par une jeune femme en <strong>Australie<\/strong>.Avec AFP.<\/p>\n<p class=\" wall-content\">Suivez toute l\u2019actualit\u00e9 de vos villes et m\u00e9dias favoris en vous inscrivant \u00e0 <a href=\"https:\/\/moncompte.actu.fr\" title=\"D\u00e9couvez Mon Actu\" rel=\"nofollow noopener\" data-trk=\"{&quot;cta&quot;:{&quot;action&quot;:&quot;https:\\\/\\\/moncompte.actu.fr&quot;,&quot;category&quot;:&quot;mon compte&quot;,&quot;from&quot;:&quot;article footer&quot;,&quot;name&quot;:&quot;Mon actu&quot;,&quot;type&quot;:&quot;cta&quot;}}\" target=\"_blank\">Mon Actu<\/a>.<\/p>\n<p>                    <script async src=\"\/\/www.instagram.com\/embed.js\"><\/script><\/p>\n","protected":false},"excerpt":{"rendered":"Par R\u00e9daction Paris Publi\u00e9 le 16 mai 2025 \u00e0 16h24 Il aura fallu moins de 24\u00a0heures pour que&hellip;\n","protected":false},"author":2,"featured_media":104721,"comment_status":"","ping_status":"","sticky":false,"template":"","format":"standard","meta":{"footnotes":""},"categories":[1888],"tags":[1111,1928,11,1927,9573,1777,674,1011,27,12,1926,626,1925,25,104,2439,799],"class_list":{"0":"post-104720","1":"post","2":"type-post","3":"status-publish","4":"format-standard","5":"has-post-thumbnail","7":"category-paris","8":"tag-actu","9":"tag-actu-paris","10":"tag-actualites","11":"tag-actualites-paris","12":"tag-aurore-berge","13":"tag-eu","14":"tag-europe","15":"tag-fr","16":"tag-france","17":"tag-news","18":"tag-news-paris","19":"tag-paris","20":"tag-paris-news","21":"tag-republique-francaise","22":"tag-societe","23":"tag-tiktok","24":"tag-violences-sexuelles"},"share_on_mastodon":{"url":"https:\/\/pubeurope.com\/@fr\/114518207148685005","error":""},"_links":{"self":[{"href":"https:\/\/www.europesays.com\/fr\/wp-json\/wp\/v2\/posts\/104720","targetHints":{"allow":["GET"]}}],"collection":[{"href":"https:\/\/www.europesays.com\/fr\/wp-json\/wp\/v2\/posts"}],"about":[{"href":"https:\/\/www.europesays.com\/fr\/wp-json\/wp\/v2\/types\/post"}],"author":[{"embeddable":true,"href":"https:\/\/www.europesays.com\/fr\/wp-json\/wp\/v2\/users\/2"}],"replies":[{"embeddable":true,"href":"https:\/\/www.europesays.com\/fr\/wp-json\/wp\/v2\/comments?post=104720"}],"version-history":[{"count":0,"href":"https:\/\/www.europesays.com\/fr\/wp-json\/wp\/v2\/posts\/104720\/revisions"}],"wp:featuredmedia":[{"embeddable":true,"href":"https:\/\/www.europesays.com\/fr\/wp-json\/wp\/v2\/media\/104721"}],"wp:attachment":[{"href":"https:\/\/www.europesays.com\/fr\/wp-json\/wp\/v2\/media?parent=104720"}],"wp:term":[{"taxonomy":"category","embeddable":true,"href":"https:\/\/www.europesays.com\/fr\/wp-json\/wp\/v2\/categories?post=104720"},{"taxonomy":"post_tag","embeddable":true,"href":"https:\/\/www.europesays.com\/fr\/wp-json\/wp\/v2\/tags?post=104720"}],"curies":[{"name":"wp","href":"https:\/\/api.w.org\/{rel}","templated":true}]}}