{"id":104730,"date":"2025-05-16T15:29:09","date_gmt":"2025-05-16T15:29:09","guid":{"rendered":"https:\/\/www.europesays.com\/fr\/104730\/"},"modified":"2025-05-16T15:29:09","modified_gmt":"2025-05-16T15:29:09","slug":"macron-met-en-garde-contre-une-incoherence-occidentale-entre-ukraine-et-gaza","status":"publish","type":"post","link":"https:\/\/www.europesays.com\/fr\/104730\/","title":{"rendered":"Macron met en garde contre une incoh\u00e9rence occidentale entre Ukraine et Gaza"},"content":{"rendered":"<p style=\"text-align:justify;\">AA \/ Paris \/ \u00dcmit D\u00f6nmez<\/p>\n<p style=\"text-align:justify;\">Emmanuel Macron a exprim\u00e9, lors du sommet de la Communaut\u00e9 politique europ\u00e9enne (CPE) \u00e0 Tirana, une vive inqui\u00e9tude quant \u00e0 la perception internationale du positionnement occidental face aux conflits en Ukraine et \u00e0 Gaza. Il a mis en garde contre une incoh\u00e9rence qui, selon lui, affaiblit la parole europ\u00e9enne.<\/p>\n<p style=\"text-align:justify;\">Par voie de discours, le Pr\u00e9sident fran\u00e7ais a appel\u00e9 \u00e0 une r\u00e9action imm\u00e9diate face \u00e0 la situation dans l\u2019enclave palestinienne. \u00ab\u00a0Il faut obtenir un cessez-le-feu imm\u00e9diat, une r\u00e9ponse humanitaire, puis une r\u00e9ponse politique\u00a0\u00bb, a-t-il d\u00e9clar\u00e9, qualifiant la situation humanitaire \u00e0 Gaza d\u2019\u00a0\u00bbinacceptable\u00a0\u00bb. Il a insist\u00e9 sur la n\u00e9cessit\u00e9 pour les Europ\u00e9ens de coordonner leurs efforts afin de r\u00e9pondre collectivement \u00e0 cette crise.<\/p>\n<p style=\"text-align:justify;\">Macron a \u00e9galement soulign\u00e9 le regard critique port\u00e9 par de nombreuses puissances du Sud sur l\u2019attitude des pays occidentaux. \u00ab\u00a0L\u2019essentiel de l\u2019humanit\u00e9 [\u2026] ne nous comprend plus du tout sur l\u2019Ukraine quand nous restons silencieux sur Gaza\u00a0\u00bb, a-t-il affirm\u00e9. Il a cit\u00e9 explicitement la Chine, l\u2019Inde, l\u2019Afrique, le Proche-Orient, le Pacifique, l\u2019Asie et l\u2019Am\u00e9rique latine comme r\u00e9gions o\u00f9 cette incompr\u00e9hension se manifeste.<\/p>\n<p style=\"text-align:justify;\">En reprenant les reproches adress\u00e9s aux Europ\u00e9ens, il a rapport\u00e9 : \u00ab\u00a0Vous \u00eates \u00e9tranges, vous nous dites \u2018Notre vie est en jeu quand il y a la souverainet\u00e9 territoriale qui est attaqu\u00e9e\u2019, puis vous fermez les yeux quand il y a un massacre\u00a0\u00bb. Sans utiliser l\u2019expression \u00ab\u00a0deux poids, deux mesures\u00a0\u00bb, le pr\u00e9sident fran\u00e7ais a d\u00e9crit une perception de traitement diff\u00e9renci\u00e9 entre les guerres en Ukraine et \u00e0 Gaza qui, selon lui, nuit \u00e0 la cr\u00e9dibilit\u00e9 europ\u00e9enne.<\/p>\n<p style=\"text-align:justify;\">Il a tenu \u00e0 pr\u00e9ciser qu\u2019il ne comparait pas directement les deux conflits. \u00ab\u00a0Je ne compare rien, je sais les histoires\u00a0\u00bb, a-t-il d\u00e9clar\u00e9, tout en insistant sur l\u2019importance d\u2019une coh\u00e9rence dans les principes d\u00e9fendus par l\u2019Europe. Cette coh\u00e9rence est, selon lui, la seule voie pour maintenir l\u2019unit\u00e9 europ\u00e9enne et se faire comprendre du reste du monde.<\/p>\n<p style=\"text-align:justify;\">Le message de Macron intervient dans un contexte de critiques croissantes envers les puissances occidentales, accus\u00e9es de partialit\u00e9 ou d\u2019inaction face aux souffrances civiles \u00e0 Gaza.<\/p>\n<p style=\"text-align:justify;\">&#8211; Catastrophe humanitaire \u00e0 Gaza<\/p>\n<p style=\"text-align:justify;\">Pour rappel, Isra\u00ebl bloque, depuis le 2 mars, l\u2019entr\u00e9e de toute aide humanitaire dans la bande de Gaza, invoquant des raisons de s\u00e9curit\u00e9. Ce blocus a \u00e9t\u00e9 condamn\u00e9 par plusieurs ONG, dont M\u00e9decins du Monde, Oxfam et le Norwegian Refugee Council, qui alertent sur un \u00ab\u00a0effondrement total\u00a0\u00bb de l\u2019aide humanitaire et d\u00e9noncent \u00ab\u00a0l\u2019un des pires \u00e9checs humanitaires de notre g\u00e9n\u00e9ration\u00a0\u00bb. Dans ce contexte, le ministre isra\u00e9lien de la D\u00e9fense, Israel Katz, a r\u00e9affirm\u00e9 qu\u2019\u00a0\u00bbaucune aide humanitaire n\u2019entrera \u00e0 Gaza\u00a0\u00bb.<\/p>\n<p style=\"text-align:justify;\">Depuis la reprise des hostilit\u00e9s le 18 mars 2025, les attaques isra\u00e9liennes ont caus\u00e9 la mort de pr\u00e8s de 3000 Palestiniens, portant le bilan total \u00e0 Gaza \u00e0 plus de 53 000 morts, depuis le d\u00e9but du conflit en octobre 2023 suite \u00e0 une attaque du Hamas. La majorit\u00e9 des victimes palestiniennes sont des civils, notamment des enfants et des femmes. Malgr\u00e9 l&rsquo;annonce de cessez-le-feu, les violations persistent, aggravant la situation humanitaire d\u00e9j\u00e0 critique.<\/p>\n<p style=\"text-align:justify;\">Pour rappel, la Cour internationale de Justice (CIJ) a ordonn\u00e9 \u00e0 Isra\u00ebl, le 26 janvier 2024, de pr\u00e9venir tout acte de g\u00e9nocide \u00e0 l&rsquo;encontre des Palestiniens \u00e0 Gaza et de permettre l&rsquo;acc\u00e8s \u00e0 l&rsquo;aide humanitaire. De son c\u00f4t\u00e9, la Cour p\u00e9nale internationale (CPI) a \u00e9mis, le 21 novembre 2024, plusieurs mandats d&rsquo;arr\u00eat, notamment contre le premier ministre isra\u00e9lien Benyamin Netanyahu pour crimes contre l&rsquo;humanit\u00e9 et crimes de guerre commis dans la bande de Gaza.<\/p>\n<p style=\"text-align:justify;\">&#8211; Guerre en Ukraine<\/p>\n<p style=\"text-align:justify;\">Alors que discussions sont en cours \u00e0 Istanbul entre des d\u00e9l\u00e9gations ukrainiennes et russes, la guerre se poursuit depuis f\u00e9vrier 2022 dans l\u2019est et le sud de l&rsquo;Ukraine, o\u00f9 les combats sont intenses. Depuis d\u00e9but mai, l\u2019arm\u00e9e russe a lanc\u00e9 une nouvelle offensive terrestre dans la r\u00e9gion de Kharkiv, cherchant \u00e0 cr\u00e9er une zone tampon pr\u00e8s de la fronti\u00e8re.<\/p>\n<p style=\"text-align:justify;\">Pour rappel, la guerre en Ukraine a d\u00e9but\u00e9 le 24 f\u00e9vrier 2022, lorsque la Russie a lanc\u00e9 une \u00ab\u00a0op\u00e9ration\u00a0\u00bb militaire \u00e0 grande \u00e9chelle sur plusieurs fronts du territoire ukrainien. Cette offensive, ordonn\u00e9e par Moscou, visait initialement \u00e0 renverser le gouvernement de Kiev, mais s\u2019est transform\u00e9e en un conflit long et destructeur.<\/p>\n<p>                            &#13;<br \/>\n                                <a href=\"https:\/\/www.aa.com.tr\/fr\/p\/abonnement\/1001\" target=\"_blank\" style=\"font-size:12px; color:#444; text-decoration:none;\" rel=\"nofollow noopener\">&#13;<br \/>\n                                    Seulement une partie des d\u00e9p\u00eaches, que l&rsquo;Agence Anadolu diffuse \u00e0 ses abonn\u00e9s via le Syst\u00e8me de Diffusion interne (HAS), est diffus\u00e9e sur le site de l&rsquo;AA, de mani\u00e8re r\u00e9sum\u00e9e. <b style=\"color:#1897F7\">Contactez-nous s&rsquo;il vous pla\u00eet pour vous abonner.<\/b>&#13;<br \/>\n                                <\/a>&#13;<\/p>\n","protected":false},"excerpt":{"rendered":"AA \/ Paris \/ \u00dcmit D\u00f6nmez Emmanuel Macron a exprim\u00e9, lors du sommet de la Communaut\u00e9 politique europ\u00e9enne&hellip;\n","protected":false},"author":2,"featured_media":104731,"comment_status":"","ping_status":"","sticky":false,"template":"","format":"standard","meta":{"footnotes":""},"categories":[1590],"tags":[11,1785,16531,22152,1073,1777,674,27,665,131,12,3518,220],"class_list":{"0":"post-104730","1":"post","2":"type-post","3":"status-publish","4":"format-standard","5":"has-post-thumbnail","7":"category-ukraine","8":"tag-actualites","9":"tag-anadolu-ajansi","10":"tag-blocage-de-laide-humanitaire-vers-gaza","11":"tag-communaut-politique-europenne-cpe","12":"tag-emmanuel-macron","13":"tag-eu","14":"tag-europe","15":"tag-france","16":"tag-gaza","17":"tag-guerre-en-ukraine","18":"tag-news","19":"tag-palestine","20":"tag-ukraine"},"share_on_mastodon":{"url":"https:\/\/pubeurope.com\/@fr\/114518226657251376","error":""},"_links":{"self":[{"href":"https:\/\/www.europesays.com\/fr\/wp-json\/wp\/v2\/posts\/104730","targetHints":{"allow":["GET"]}}],"collection":[{"href":"https:\/\/www.europesays.com\/fr\/wp-json\/wp\/v2\/posts"}],"about":[{"href":"https:\/\/www.europesays.com\/fr\/wp-json\/wp\/v2\/types\/post"}],"author":[{"embeddable":true,"href":"https:\/\/www.europesays.com\/fr\/wp-json\/wp\/v2\/users\/2"}],"replies":[{"embeddable":true,"href":"https:\/\/www.europesays.com\/fr\/wp-json\/wp\/v2\/comments?post=104730"}],"version-history":[{"count":0,"href":"https:\/\/www.europesays.com\/fr\/wp-json\/wp\/v2\/posts\/104730\/revisions"}],"wp:featuredmedia":[{"embeddable":true,"href":"https:\/\/www.europesays.com\/fr\/wp-json\/wp\/v2\/media\/104731"}],"wp:attachment":[{"href":"https:\/\/www.europesays.com\/fr\/wp-json\/wp\/v2\/media?parent=104730"}],"wp:term":[{"taxonomy":"category","embeddable":true,"href":"https:\/\/www.europesays.com\/fr\/wp-json\/wp\/v2\/categories?post=104730"},{"taxonomy":"post_tag","embeddable":true,"href":"https:\/\/www.europesays.com\/fr\/wp-json\/wp\/v2\/tags?post=104730"}],"curies":[{"name":"wp","href":"https:\/\/api.w.org\/{rel}","templated":true}]}}