{"id":104736,"date":"2025-05-16T15:32:10","date_gmt":"2025-05-16T15:32:10","guid":{"rendered":"https:\/\/www.europesays.com\/fr\/104736\/"},"modified":"2025-05-16T15:32:10","modified_gmt":"2025-05-16T15:32:10","slug":"lallemagne-face-a-la-deroute-de-son-modele-energetique-base-sur-le-renouvelable","status":"publish","type":"post","link":"https:\/\/www.europesays.com\/fr\/104736\/","title":{"rendered":"L\u2019Allemagne face \u00e0 la d\u00e9route de son mod\u00e8le \u00e9nerg\u00e9tique bas\u00e9 sur le renouvelable"},"content":{"rendered":"\n<p>Le feu br\u00fble, l\u2019eau mouille, et en l\u2019absence de vent, les ailes d&rsquo;un moulin ne tournent pas. Telle est la cruelle r\u00e9alit\u00e9 qui frappe une partie du continent europ\u00e9en, mais surtout l\u2019Allemagne. Les chiffres concernant ce pays sont impressionnants. Les parcs \u00e9oliens ont vu leur production s\u2019effondrer lors des quatre premiers mois de 2025 par rapport \u00e0 la m\u00eame p\u00e9riode en 2024. Une baisse de de 31 %, avec 39 TWh d\u2019\u00e9lectricit\u00e9 produite. Il faut remonter \u00e0 2017 pour trouver un volume similaire. Et entre-temps, la capacit\u00e9 install\u00e9e en \u00e9olien est pass\u00e9e de 55,5 \u00e0 74,9 Gigawatts. Vertigineux.<\/p>\n<p>D\u2019apr\u00e8sWelt&#8230;<\/p>\n","protected":false},"excerpt":{"rendered":"Le feu br\u00fble, l\u2019eau mouille, et en l\u2019absence de vent, les ailes d&rsquo;un moulin ne tournent pas. Telle&hellip;\n","protected":false},"author":2,"featured_media":104737,"comment_status":"","ping_status":"","sticky":false,"template":"","format":"standard","meta":{"footnotes":""},"categories":[1587],"tags":[11,672,1804,1805,1803,893,580,2830,18315,1777,674,1801,14,12,1802],"class_list":{"0":"post-104736","1":"post","2":"type-post","3":"status-publish","4":"format-standard","5":"has-post-thumbnail","7":"category-allemagne","8":"tag-actualites","9":"tag-allemagne","10":"tag-bundesrepublik-deutschland","11":"tag-de","12":"tag-deutschland","13":"tag-energie","14":"tag-energie-solaire","15":"tag-energies-renouvelables","16":"tag-eolien","17":"tag-eu","18":"tag-europe","19":"tag-germany","20":"tag-international","21":"tag-news","22":"tag-republique-federale-dallemagne"},"share_on_mastodon":{"url":"https:\/\/pubeurope.com\/@fr\/114518238369507720","error":""},"_links":{"self":[{"href":"https:\/\/www.europesays.com\/fr\/wp-json\/wp\/v2\/posts\/104736","targetHints":{"allow":["GET"]}}],"collection":[{"href":"https:\/\/www.europesays.com\/fr\/wp-json\/wp\/v2\/posts"}],"about":[{"href":"https:\/\/www.europesays.com\/fr\/wp-json\/wp\/v2\/types\/post"}],"author":[{"embeddable":true,"href":"https:\/\/www.europesays.com\/fr\/wp-json\/wp\/v2\/users\/2"}],"replies":[{"embeddable":true,"href":"https:\/\/www.europesays.com\/fr\/wp-json\/wp\/v2\/comments?post=104736"}],"version-history":[{"count":0,"href":"https:\/\/www.europesays.com\/fr\/wp-json\/wp\/v2\/posts\/104736\/revisions"}],"wp:featuredmedia":[{"embeddable":true,"href":"https:\/\/www.europesays.com\/fr\/wp-json\/wp\/v2\/media\/104737"}],"wp:attachment":[{"href":"https:\/\/www.europesays.com\/fr\/wp-json\/wp\/v2\/media?parent=104736"}],"wp:term":[{"taxonomy":"category","embeddable":true,"href":"https:\/\/www.europesays.com\/fr\/wp-json\/wp\/v2\/categories?post=104736"},{"taxonomy":"post_tag","embeddable":true,"href":"https:\/\/www.europesays.com\/fr\/wp-json\/wp\/v2\/tags?post=104736"}],"curies":[{"name":"wp","href":"https:\/\/api.w.org\/{rel}","templated":true}]}}