{"id":104745,"date":"2025-05-16T15:37:19","date_gmt":"2025-05-16T15:37:19","guid":{"rendered":"https:\/\/www.europesays.com\/fr\/104745\/"},"modified":"2025-05-16T15:37:19","modified_gmt":"2025-05-16T15:37:19","slug":"lelysee-veut-attraper-dans-ses-filets-plus-dinvestisseurs-que-les-annees-precedentes","status":"publish","type":"post","link":"https:\/\/www.europesays.com\/fr\/104745\/","title":{"rendered":"l\u2019Elys\u00e9e veut attraper dans ses filets plus d\u2019investisseurs que les ann\u00e9es pr\u00e9c\u00e9dentes"},"content":{"rendered":"<p class=\"articleHead-lead\">\n            Pour sa huiti\u00e8me \u00e9dition, le sommet Choose France r\u00e9unit 200 grands patrons dans l\u2019espoir de nouveaux projets d\u2019investissement dans l\u2019Hexagone. Si la France est le pays le plus attractif europ\u00e9en en termes d\u2019investissements \u00e9trangers, elle reste loin derri\u00e8re les Etats-Unis.\n        <\/p>\n<p>            <img decoding=\"async\"  src=\"https:\/\/www.europesays.com\/fr\/wp-content\/uploads\/2025\/05\/1747409839_180_picture.jpg\"  class=\"apply-ratio\" alt=\"L'Elys\u00e9e organise chaque ann\u00e9e le sommet Choose France.\"\/><\/p>\n<p>\n                                            \u00a9 CHRISTOPHE PETIT TESSON POOL\/AFP<\/p>\n<p>                                             &#8211; L&rsquo;Elys\u00e9e organise chaque ann\u00e9e le sommet Choose France.\n                                    <\/p>\n<ul class=\"articleMainFollow-list\">\n<li class=\"articleMainFollow-item\">\n<p>                        Sauvegarder<\/p>\n<p>                        Sauvegard\u00e9<\/p>\n<\/li>\n<li class=\"articleMainFollow-item\">\n<\/li>\n<\/ul>\n<p>\n                    Recevoir les alertes Emmanuel macron\n                <\/p>\n<p>200 grands patrons ont confirm\u00e9 leur pr\u00e9sence. Ils seront re\u00e7us \u00e0 partir de lundi 19\u00a0mai au ch\u00e2teau de Versailles pour la huiti\u00e8me \u00e9dition du sommet Choose France. Lanc\u00e9 par Emmanuel Macron en 2018, l&rsquo;\u00e9v\u00e9nement organis\u00e9 par l\u2019Elys\u00e9e a pour objectif d\u2019attirer d\u2019importants <a href=\"https:\/\/www.capital.fr\/votre-argent\/fonds-dinvestissement-de-proximite-caracteristiques-et-defiscalisation-1424308\" target=\"_blank\" rel=\"noopener\">investissements<\/a> \u00e9trangers en France. En 2024, l\u2019ex\u00e9cutif est parvenu \u00e0 enregistrer <a href=\"https:\/\/www.capital.fr\/entreprises-marches\/choose-france-un-millesime-record-avec-plus-de-15-milliards-d-euros-d-investissements-1496622\" target=\"_blank\" rel=\"noopener\"><strong>15\u00a0milliards d\u2019euros d&rsquo;investissements <\/strong><\/a><strong>pour 56 projets<\/strong>, un r\u00e9sultat sup\u00e9rieur aux ann\u00e9es pr\u00e9c\u00e9dentes\u00a0: 13\u00a0milliards en 2023 et 6,8\u00a0milliards en 2022.<\/p>\n<p>L\u2019Elys\u00e9e entend bien confirmer cette dynamique. Elle a indiqu\u00e9 avoir \u00abbon espoir de d\u00e9passer le chiffre de l\u2019ann\u00e9e derni\u00e8re\u00bb. L\u2019ex\u00e9cutif affirme \u00eatre en \u00abbonne voie\u00bb pour parvenir \u00e0 \u00abune \u00e9dition historique\u00bb du sommet de cette ann\u00e9e, plac\u00e9 sous le th\u00e8me \u00abFrance, terre de cr\u00e9ativit\u00e9\u00bb.<\/p>\n<p>        \u00c0 lire aussi :<br \/>\n        <a class=\"articleToRead-link\" href=\"https:\/\/www.capital.fr\/entreprises-marches\/arcelormittal-emmanuel-macron-degaine-finalement-un-plan-de-sauvetage-1513879\" data-wide=\"\" target=\"_blank\" rel=\"noopener\"><br \/>\n            ArcelorMittal : Emmanuel Macron d\u00e9gaine finalement un plan de sauvetage<br \/>\n        <\/a><\/p>\n<p>200 grands patrons venus du monde entier attendus \u00e0 Versailles<\/p>\n<p>\u00c0 partir de la semaine prochaine, les patrons du constructeur automobile chinois BYD, du fonds d\u2019investissement am\u00e9ricain Blackstone, de la banque d&rsquo;investissement Goldman Sachs, du g\u00e9ant su\u00e9dois Ikea, du groupe chimique allemand BASF ou encore de fonds souverains du Golfe d\u00e9ambuleront \u00e0 Versailles. La majorit\u00e9 de ces invit\u00e9s (40%) sont europ\u00e9ens, 19% d&rsquo;entre eux viennent des Etats-Unis. Ils pourront organiser des rencontres avec leurs pairs ainsi qu\u2019avec les membres du gouvernement fran\u00e7ais, voire pour certains, avec Emmanuel Macron. Le pr\u00e9sident de la R\u00e9publique s&rsquo;entretiendra avec le magnat mexicain des affaires Carlos Slim, la pr\u00e9sidente de BYB, Stella Li, ainsi qu\u2019avec le directeur g\u00e9n\u00e9ral de l\u2019entreprise saoudienne Qiddiya. Le chef de l\u2019Etat participera \u00e9galement \u00e0 deux tables rondes\u00a0: une sur l\u2019intelligence artificielle, dans la foul\u00e9e du sommet de l\u2019IA qui s\u2019est d\u00e9roul\u00e9 en f\u00e9vrier \u00e0 Paris, au cours duquel 109\u00a0milliards d\u2019euros d\u2019investissements priv\u00e9s dans l\u2019IA ont \u00e9t\u00e9 annonc\u00e9s, et une autre sur la transition \u00e9nerg\u00e9tique.<\/p>\n<p>L\u2019\u00e9dition 2025 de Choose France sera particuli\u00e8rement consacr\u00e9e aux investissements dans le secteur du tourisme et du patrimoine ainsi qu\u2019\u00e0 l&rsquo;attractivit\u00e9 de la France pour la production cin\u00e9matographique et audiovisuelle, en profitant de la concomitance entre le sommet et le festival de Cannes.<\/p>\n<p>La France, terre d\u2019investissements \u00e9trangers\u00a0?<\/p>\n<p>Le gouvernement va devoir se montrer convaincant. Car si la <a href=\"https:\/\/www.capital.fr\/entreprises-marches\/la-france-attire-toujours-autant-les-investissements-etrangers-1513832\" target=\"_blank\" rel=\"noopener\">France est le pays europ\u00e9en le plus attractif<\/a> en mati\u00e8re d\u2019investissements \u00e9trangers, ces derniers sont tout de m\u00eame au plus bas depuis 2017 (sans prendre en compte l\u2019ann\u00e9e 2020 frapp\u00e9e par le Covid). Seulement 1\u00a0025 projets d\u2019investissement ont \u00e9t\u00e9 enregistr\u00e9s par le barom\u00e8tre annuel du cabinet EY publi\u00e9 jeudi 15\u00a0mai, soit 14% de moins qu\u2019en 2023 et quasiment 20% par rapport \u00e0\u00a02022 et\u00a02021. En 2024, ces investissements ont g\u00e9n\u00e9r\u00e9 29\u00a0000 emplois soit 27% de moins sur an et 35% de moins par rapport \u00e0 2021.<\/p>\n<p>De mani\u00e8re g\u00e9n\u00e9rale, l\u2019Europe a perdu en attractivit\u00e9 au profit d\u2019autres pays comme les Etats-Unis o\u00f9 les investissements \u00e9trangers ont augment\u00e9 de 20% en 2024. Le programme Inflation Reduction Act (IRA) mis en place par Joe Biden, mais remis en question par Donald Trump, est la principale raison de cette soudaine augmentation. Il faut souligner \u00e9galement que la baisse des investissements \u00e9trangers en Europe s&rsquo;explique notamment par la chute de la participation des Am\u00e9ricains qui ont financ\u00e9 en 2024 46% de projets en moins qu\u2019en 2021.<\/p>\n<p>Depuis la premi\u00e8re \u00e9dition du sommet, 178 annonces d\u2019investissements ont \u00e9t\u00e9 faites pour un total de plus de 47\u00a0milliards d\u2019euros. \u00abCe qui compte comme un investissement Choose France, c&rsquo;est bien une annonce sur un lieu donn\u00e9, pour une nouvelle usine (&#8230;) ou une extension. Ce ne sont pas des masses globales d&rsquo;investissements qui sont annonc\u00e9es, mais bien, \u00e0 chaque fois des projets individuels, pr\u00e9cis et localis\u00e9s\u00bb, souligne l&rsquo;Elys\u00e9e, rapporte l\u2019AFP. Sur les 178 projets annonc\u00e9s, seuls \u00ab10 n&rsquo;ont pas vu le jour, pour des raisons diverses\u00bb.<\/p>\n<p>        Recevez nos derni\u00e8res news<\/p>\n<p>        Tous les jours, la s\u00e9lection des <b>principales infos<\/b> de la journ\u00e9e.<\/p>\n","protected":false},"excerpt":{"rendered":"Pour sa huiti\u00e8me \u00e9dition, le sommet Choose France r\u00e9unit 200 grands patrons dans l\u2019espoir de nouveaux projets d\u2019investissement&hellip;\n","protected":false},"author":2,"featured_media":104746,"comment_status":"","ping_status":"","sticky":false,"template":"","format":"standard","meta":{"footnotes":""},"categories":[4],"tags":[11,1073,313,1011,27,6025,399,12,25],"class_list":{"0":"post-104745","1":"post","2":"type-post","3":"status-publish","4":"format-standard","5":"has-post-thumbnail","7":"category-france","8":"tag-actualites","9":"tag-emmanuel-macron","10":"tag-entreprises","11":"tag-fr","12":"tag-france","13":"tag-industrie-automobile","14":"tag-investissement","15":"tag-news","16":"tag-republique-francaise"},"share_on_mastodon":{"url":"https:\/\/pubeurope.com\/@fr\/114518258032421732","error":""},"_links":{"self":[{"href":"https:\/\/www.europesays.com\/fr\/wp-json\/wp\/v2\/posts\/104745","targetHints":{"allow":["GET"]}}],"collection":[{"href":"https:\/\/www.europesays.com\/fr\/wp-json\/wp\/v2\/posts"}],"about":[{"href":"https:\/\/www.europesays.com\/fr\/wp-json\/wp\/v2\/types\/post"}],"author":[{"embeddable":true,"href":"https:\/\/www.europesays.com\/fr\/wp-json\/wp\/v2\/users\/2"}],"replies":[{"embeddable":true,"href":"https:\/\/www.europesays.com\/fr\/wp-json\/wp\/v2\/comments?post=104745"}],"version-history":[{"count":0,"href":"https:\/\/www.europesays.com\/fr\/wp-json\/wp\/v2\/posts\/104745\/revisions"}],"wp:featuredmedia":[{"embeddable":true,"href":"https:\/\/www.europesays.com\/fr\/wp-json\/wp\/v2\/media\/104746"}],"wp:attachment":[{"href":"https:\/\/www.europesays.com\/fr\/wp-json\/wp\/v2\/media?parent=104745"}],"wp:term":[{"taxonomy":"category","embeddable":true,"href":"https:\/\/www.europesays.com\/fr\/wp-json\/wp\/v2\/categories?post=104745"},{"taxonomy":"post_tag","embeddable":true,"href":"https:\/\/www.europesays.com\/fr\/wp-json\/wp\/v2\/tags?post=104745"}],"curies":[{"name":"wp","href":"https:\/\/api.w.org\/{rel}","templated":true}]}}