{"id":104749,"date":"2025-05-16T15:41:08","date_gmt":"2025-05-16T15:41:08","guid":{"rendered":"https:\/\/www.europesays.com\/fr\/104749\/"},"modified":"2025-05-16T15:41:08","modified_gmt":"2025-05-16T15:41:08","slug":"atp-rome-nicola-pietrangeli-jannik-sinner-possede-un-caractere-semi-allemand-et-ne-ressent-pas-la-pression-mais-je-crains-que-sil-perd-trois-matches-daffilee-lidolatrie-a-son-egard-ne-sar","status":"publish","type":"post","link":"https:\/\/www.europesays.com\/fr\/104749\/","title":{"rendered":"ATP &#8211; Rome > Nicola Pietrangeli : \u00ab\u00a0Jannik Sinner poss\u00e8de un caract\u00e8re semi-allemand et ne ressent pas la pression. Mais je crains que s&rsquo;il perd trois matches d&rsquo;affil\u00e9e, l&rsquo;idol\u00e2trie \u00e0 son \u00e9gard ne s&rsquo;arr\u00eate\u00a0\u00bb"},"content":{"rendered":"<p>Les sorties de Nicola Pietrangeli dans la presse sont souvent ambi\u00adgu\u00ebs, surtout celles concer\u00adnant Jannik Sinner.\u00a0<\/p>\n<p>La derni\u00e8re en date va clai\u00adre\u00adment dans ce sens alors que la l\u00e9gende du tennis italien, d\u00e9sor\u00admais \u00e2g\u00e9 de 91 ans, estime que la Sinner Mania pour\u00adrait rapi\u00adde\u00adment s\u2019es\u00adsouf\u00adfler en cas de petit coup de mou de ce dernier.\u00a0<\/p>\n<p><strong>\u00ab\u202fIl poss\u00e8de un carac\u00adt\u00e8re semi\u2010allemand et ne ressent pas la pres\u00adsion, m\u00eame s\u2019il n\u2019a que 23 ans. Nous parlons du joueur de tennis qui est, \u00e0 juste titre, num\u00e9ro un mondial, mais je crains que s\u2019il perd trois matches d\u2019af\u00adfil\u00e9e, l\u2019ido\u00adl\u00e2\u00adtrie \u00e0 son \u00e9gard ne s\u2019ar\u00adr\u00eate. L\u2019Italien, en g\u00e9n\u00e9ral, est malheu\u00adreu\u00adse\u00adment un fan et non un sportif\u202f\u00bb<\/strong>, a d\u00e9clar\u00e9 le double vain\u00adqueur de Roland\u2010Garros dans des propos rapport\u00e9s par <a href=\"https:\/\/www.fanpage.it\/sport\/tennis\/nicola-pietrangeli-sa-cosa-succedera-a-sinner-litaliano-purtroppo-e-un-tifoso-e-non-uno-sportivo\/\" data-wpel-link=\"external\" target=\"_blank\" rel=\"nofollow external noopener\">FanPage<\/a>.<\/p>\n<p class=\"post-published-date\" style=\"color: silver; font-size: 75%; text-align: left;\">Publi\u00e9 le vendredi 16 mai 2025 \u00e0 16:20<\/p>\n","protected":false},"excerpt":{"rendered":"Les sorties de Nicola Pietrangeli dans la presse sont souvent ambi\u00adgu\u00ebs, surtout celles concer\u00adnant Jannik Sinner.\u00a0 La derni\u00e8re&hellip;\n","protected":false},"author":2,"featured_media":104750,"comment_status":"","ping_status":"","sticky":false,"template":"","format":"standard","meta":{"footnotes":""},"categories":[1415],"tags":[1011,27,2127,60,1467],"class_list":{"0":"post-104749","1":"post","2":"type-post","3":"status-publish","4":"format-standard","5":"has-post-thumbnail","7":"category-tennis","8":"tag-fr","9":"tag-france","10":"tag-sinner","11":"tag-sports","12":"tag-tennis"},"share_on_mastodon":{"url":"https:\/\/pubeurope.com\/@fr\/114518273723777727","error":""},"_links":{"self":[{"href":"https:\/\/www.europesays.com\/fr\/wp-json\/wp\/v2\/posts\/104749","targetHints":{"allow":["GET"]}}],"collection":[{"href":"https:\/\/www.europesays.com\/fr\/wp-json\/wp\/v2\/posts"}],"about":[{"href":"https:\/\/www.europesays.com\/fr\/wp-json\/wp\/v2\/types\/post"}],"author":[{"embeddable":true,"href":"https:\/\/www.europesays.com\/fr\/wp-json\/wp\/v2\/users\/2"}],"replies":[{"embeddable":true,"href":"https:\/\/www.europesays.com\/fr\/wp-json\/wp\/v2\/comments?post=104749"}],"version-history":[{"count":0,"href":"https:\/\/www.europesays.com\/fr\/wp-json\/wp\/v2\/posts\/104749\/revisions"}],"wp:featuredmedia":[{"embeddable":true,"href":"https:\/\/www.europesays.com\/fr\/wp-json\/wp\/v2\/media\/104750"}],"wp:attachment":[{"href":"https:\/\/www.europesays.com\/fr\/wp-json\/wp\/v2\/media?parent=104749"}],"wp:term":[{"taxonomy":"category","embeddable":true,"href":"https:\/\/www.europesays.com\/fr\/wp-json\/wp\/v2\/categories?post=104749"},{"taxonomy":"post_tag","embeddable":true,"href":"https:\/\/www.europesays.com\/fr\/wp-json\/wp\/v2\/tags?post=104749"}],"curies":[{"name":"wp","href":"https:\/\/api.w.org\/{rel}","templated":true}]}}