{"id":104761,"date":"2025-05-16T15:48:19","date_gmt":"2025-05-16T15:48:19","guid":{"rendered":"https:\/\/www.europesays.com\/fr\/104761\/"},"modified":"2025-05-16T15:48:19","modified_gmt":"2025-05-16T15:48:19","slug":"a-niort-la-star-du-street-art-vhils-cree-une-oeuvre-dans-une-ancienne-usine","status":"publish","type":"post","link":"https:\/\/www.europesays.com\/fr\/104761\/","title":{"rendered":"\u00c0 Niort, la star du street art Vhils cr\u00e9e une \u0153uvre dans une ancienne usine"},"content":{"rendered":"<p class=\"editor-content__paragraph\">Il agit au marteau-piqueur, tape, tape et tape au burin, il passe \u00e0 l\u2019acide quand \u00e7a ne suffit pas, voire \u00e0 l\u2019explosif. Ainsi, l\u2019artiste urbain <strong>Alexandre Farto, alias Vhils <\/strong>(n\u00e9 en 1987), op\u00e8re comme un magicien, sans ajouter de mati\u00e8res, mais plut\u00f4t en en enlevant, pour cr\u00e9er <strong>ses \u0153uvres monumentales aux \u00e9mouvants visages<\/strong>\u00a0: \u00ab\u00a0une arch\u00e9ologie du pr\u00e9sent\u00a0\u00bb, dit-il \u00e0 propos de son mode op\u00e9ratoire.<\/p>\n<p class=\"editor-content__paragraph\">Les cr\u00e9ations de Vhils figurent <strong>sur les murs du monde entier<\/strong>, notamment \u00e0 Lisbonne, dont il est natif et o\u00f9 il vit et travaille. Plus r\u00e9cemment, on l\u2019a vu aussi signer une immense fresque compos\u00e9e de 11\u00a0000 azulejos, ces carreaux de c\u00e9ramique traditionnels portugais, dans <strong>la gare de m\u00e9tro d\u2019Orly<\/strong> inaugur\u00e9e pour les JO de Paris 2024, ainsi qu\u2019une autre \u0153uvre, un an plus t\u00f4t, de 30\u00a0m\u00e8tres de long <strong>sur le b\u00e2timent du si\u00e8ge de l\u2019UNESCO<\/strong>, \u00e0 Paris. Mais on ne s\u2019attend pas \u00e0 croiser cette pointure du street art \u00e0 <strong>Niort<\/strong>\u2026<\/p>\n<p>La femme de la Fabrique niortaise<\/p>\n<p class=\"editor-content__paragraph\">Les Deux-S\u00e8vres, the place to be\u00a0! Depuis peu, on admire sur le mur en pignon du b\u00e2timent de <strong>la Fabrique<\/strong> dans l\u2019ancienne usine Boinot \u2013 haut lieu de la chamoiserie et de la ganterie \u00e0 Niort \u2013 le dernier forfait de Vhils\u00a0: au milieu de plantes grimpantes, <strong>le visage \u00e9l\u00e9gant d\u2019une femme<\/strong> a pouss\u00e9, ses traits ayant \u00e9t\u00e9 creus\u00e9s \u00e0 l\u2019enduit \u00e0 l\u2019aide de perforateurs.<\/p>\n<p>    <img loading=\"lazy\" decoding=\"async\" class=\"image__img\" src=\"https:\/\/www.europesays.com\/fr\/wp-content\/uploads\/2025\/05\/modvhils-port-boinot-1-eric-surmont-winterlong-964x642.jpg\" alt=\"Vhils, Fresque dans le cadre de la r\u00e9habilitation du Port Boinot\" width=\"964\" height=\"642\"\/><\/p>\n<p>Vhils, Fresque dans le cadre de la r\u00e9habilitation du Port Boinot<\/p>\n<p>    i<\/p>\n<p class=\"legende__cartel\">\u00a9 Alex Giraud Winterlong<\/p>\n<p class=\"editor-content__paragraph\">Il s\u2019agit l\u00e0 d\u2019une <strong>commande artistique de la Ville de Niort<\/strong>, pass\u00e9e dans le cadre de la <strong>r\u00e9habilitation de Port Boinot<\/strong>, \u00e0 l\u2019association Winterlong Galerie et son directeur artistique, \u00c9ric Surmont, qui a eu la bonne id\u00e9e de confier la cr\u00e9ation de ce bas-relief \u00e0 l\u2019artiste portugais.<\/p>\n<p>        \u00c0 lire aussi :<br \/>\n        <a class=\"renvoi-explicite__link\" href=\"https:\/\/www.beauxarts.com\/vu\/la-graffeur-culte-mode2-directeur-artistique-du-projet-de-street-art-le-plus-excitant-de-lannee\/\" rel=\"nofollow noopener\" target=\"_blank\">Le graffeur culte Mode2, directeur artistique du projet de street art le plus excitant de l&rsquo;ann\u00e9e aux Hospices de Beaune<\/a><\/p>\n<p>Pas son premier coup<\/p>\n<p class=\"editor-content__paragraph\">Vhils connaissait d\u00e9j\u00e0 les lieux, pour avoir particip\u00e9 en 2012\u00a0au<strong> festival Le 4e Mur<\/strong>, organis\u00e9 chaque ann\u00e9e depuis quinze ans par l\u2019association Winterlong Galerie et la Ville de Niort. Le temps et les r\u00e9novations ayant fait leur \u0153uvre, il ne reste plus de trace du visage que Vhils avait alors r\u00e9alis\u00e9 sur la maison patronale des anciennes usines Boinot. \u00c0 Niort, demeure toutefois <strong>quantit\u00e9 de fresques \u00e0 d\u00e9couvrir \u00e0 ciel ouvert<\/strong>\u2026 Un charme fou\u00a0!<\/p>\n<p>        \u00c0 lire aussi :<br \/>\n        <a class=\"renvoi-explicite__link\" href=\"https:\/\/www.beauxarts.com\/vu\/cultes-10-oeuvres-de-street-art-impressionnantes-autour-du-monde\/\" rel=\"nofollow noopener\" target=\"_blank\">Cultes ! 10 \u0153uvres de street art impressionnantes autour du monde<\/a><\/p>\n<p>  Arrow<\/p>\n<p>Festival Le 4e Mur, Niort<\/p>\n<p>Retrouvez la carte interactive des fresques \u00e0 voir dans Niort sur <a href=\"https:\/\/www.winterlong-gallerie.com\/festival-le-4eme-mur\/\" target=\"_blank\" rel=\"noopener nofollow\">le site du festival<\/a><\/p>\n","protected":false},"excerpt":{"rendered":"Il agit au marteau-piqueur, tape, tape et tape au burin, il passe \u00e0 l\u2019acide quand \u00e7a ne suffit&hellip;\n","protected":false},"author":2,"featured_media":104762,"comment_status":"","ping_status":"","sticky":false,"template":"","format":"standard","meta":{"footnotes":""},"categories":[1358],"tags":[1396,1348,1384,1385,1386,58,59,1011,27,7189,22153],"class_list":{"0":"post-104761","1":"post","2":"type-post","3":"status-publish","4":"format-standard","5":"has-post-thumbnail","7":"category-arts-et-design","8":"tag-art-contemporain","9":"tag-arts","10":"tag-arts-and-design","11":"tag-arts-et-design","12":"tag-design","13":"tag-divertissement","14":"tag-entertainment","15":"tag-fr","16":"tag-france","17":"tag-street-art","18":"tag-vhils"},"share_on_mastodon":{"url":"https:\/\/pubeurope.com\/@fr\/114518301611399706","error":""},"_links":{"self":[{"href":"https:\/\/www.europesays.com\/fr\/wp-json\/wp\/v2\/posts\/104761","targetHints":{"allow":["GET"]}}],"collection":[{"href":"https:\/\/www.europesays.com\/fr\/wp-json\/wp\/v2\/posts"}],"about":[{"href":"https:\/\/www.europesays.com\/fr\/wp-json\/wp\/v2\/types\/post"}],"author":[{"embeddable":true,"href":"https:\/\/www.europesays.com\/fr\/wp-json\/wp\/v2\/users\/2"}],"replies":[{"embeddable":true,"href":"https:\/\/www.europesays.com\/fr\/wp-json\/wp\/v2\/comments?post=104761"}],"version-history":[{"count":0,"href":"https:\/\/www.europesays.com\/fr\/wp-json\/wp\/v2\/posts\/104761\/revisions"}],"wp:featuredmedia":[{"embeddable":true,"href":"https:\/\/www.europesays.com\/fr\/wp-json\/wp\/v2\/media\/104762"}],"wp:attachment":[{"href":"https:\/\/www.europesays.com\/fr\/wp-json\/wp\/v2\/media?parent=104761"}],"wp:term":[{"taxonomy":"category","embeddable":true,"href":"https:\/\/www.europesays.com\/fr\/wp-json\/wp\/v2\/categories?post=104761"},{"taxonomy":"post_tag","embeddable":true,"href":"https:\/\/www.europesays.com\/fr\/wp-json\/wp\/v2\/tags?post=104761"}],"curies":[{"name":"wp","href":"https:\/\/api.w.org\/{rel}","templated":true}]}}