{"id":1047613,"date":"2026-07-06T18:58:34","date_gmt":"2026-07-06T18:58:34","guid":{"rendered":"https:\/\/www.europesays.com\/fr\/1047613\/"},"modified":"2026-07-06T18:58:34","modified_gmt":"2026-07-06T18:58:34","slug":"debuts-en-chaussures-de-securite-boite-de-nuit-abattoir-a-5-h-du-matin-les-incroyables-anecdotes-de-carriere-du-desormais-retraite-paga-tafili-legende-du-rc-vannes","status":"publish","type":"post","link":"https:\/\/www.europesays.com\/fr\/1047613\/","title":{"rendered":"D\u00e9buts en chaussures de s\u00e9curit\u00e9, bo\u00eete de nuit, abattoir \u00e0 5\u00a0h du matin\u2026 Les incroyables anecdotes de carri\u00e8re du d\u00e9sormais retrait\u00e9 Paga Tafili, l\u00e9gende du RC Vannes"},"content":{"rendered":"<p>Les improbables d\u00e9buts en Nouvelle-Cal\u00e9donie<\/p>\n<p>\u00ab On \u00e9tait en Nouvelle-Cal\u00e9donie, j\u2019\u00e9tais chef d\u2019\u00e9quipe de TP (travaux publics). Ma femme \u00e9tait ambulanci\u00e8re, on avait achet\u00e9 une maison, on avait deux bagnoles. Notre vie \u00e9tait trac\u00e9e. Un jour, mon voisin me regarde et me dit : \u00a0\u00bbT\u2019es baraqu\u00e9\u00a0\u00bb. Je me dis qu\u2019il est bizarre, ce mec. Deux jours apr\u00e8s, il me demande si je veux venir tester le rugby. Je dis que non, que je suis fatigu\u00e9 en rentrant du travail. Un jour, il me bloque devant pour que je vienne. J\u2019ai fait mon premier entra\u00eenement en chaussures de s\u00e9curit\u00e9, je n\u2019avais pas de crampons. Un petit jean, un d\u00e9bardeur\u2026 Notre num\u00e9ro 9, un Chinois, m\u2019a dit : \u00ab Tu as d\u00e9j\u00e0 jou\u00e9 ? Non ! C\u2019est pas grave, je te donne la balle, tu avances, c\u2019est tout. \u00bb J\u2019ai appris le rugby l\u2019ann\u00e9e qui suit, j\u2019avais 19 ans. J\u2019avais fait six mois d\u2019halt\u00e9rophilie, mais pas sportif. Plut\u00f4t les petits jeux avec nos familles, le volley-ball, etc. Le rugby, je ne connaissais pas. C\u2019est arriv\u00e9 tr\u00e8s tardivement. Quand j\u2019ai sign\u00e9 mon premier contrat pro, je suis reparti (en Nouvelle-Cal\u00e9donie), j\u2019ai remerci\u00e9 ce monsieur. \u00bb<\/p>\n<p>\u00ab J\u2019\u00e9tais avec ma femme et mes deux enfants (Orlando et <a href=\"https:\/\/www.letelegramme.fr\/sports\/rugby\/rc-vannes\/cest-un-reve-qui-se-realise-lemotion-en-video-de-paga-et-rayane-tafili-le-pere-et-le-fils-alignes-ensemble-une-premiere-dans-le-rugby-professionnel-7023134.php\" target=\"_blank\" rel=\"nofollow noopener\">Rayane<\/a>). Je suis arriv\u00e9 en novembre \u00e0 Brive, en Corr\u00e8ze. Il faisait nuit t\u00f4t, je me disais : \u00a0\u00bbC\u2019est quoi ce truc ? Il fait froid.\u00a0\u00bb Le matin, je commen\u00e7ais \u00e0 5 h et jusqu\u2019\u00e0 8 h, je ne voyais pas le soleil. Le club de Malemort me payait ma maison, me donnait un petit fixe et un boulot. Je travaillais \u00e0 l\u2019abattoir. Moi, enfant de ma\u00e7on, \u00e7a ne me faisait pas peur de travailler. Ce que je faisais, c\u2019est le cuir. Le b\u0153uf passe, on lui arrache la peau\u2026 \u00c0 5 h 30, on \u00e9tale, il fait froid. Je n\u2019\u00e9tais pas habitu\u00e9, je suis un mec toujours en tongs, short, t-shirt. L\u00e0, la combinaison, il fallait rentrer, sortir\u2026 Et le sel. Je disais \u00e0 mes petits fr\u00e8res que j\u2019allais devenir professionnel. \u00bb<\/p>\n<p><img decoding=\"async\" src=\"https:\/\/www.europesays.com\/fr\/wp-content\/uploads\/2026\/07\/6a490c6cf89b93f76a05a0d2.1.jpeg\" width=\"480\" height=\"300\" class=\"web_golden_m\" loading=\"lazy\" alt=\"La famille Tafili (plus Kitione Kamikamica, en bas \u00e0 gauche et Sione Kalamafoni, en bas \u00e0 droite) pour le dernier match de Paga (au centre).\"\/>La famille Tafili (plus Kitione Kamikamica, en bas \u00e0 gauche et Sione Kalamafoni, en bas \u00e0 droite) pour le dernier match de Paga (au centre). (Photo Damien Kilani)Abattoirs, grande distribution, bar\u2026 et musculation<\/p>\n<p>\u00ab J\u2019ai encha\u00een\u00e9 les emplois. Apr\u00e8s l\u2019abattoir, j\u2019ai travaill\u00e9 dans plein d\u2019usines. Jusqu\u2019au jour o\u00f9 je trouve le boulot d\u2019Intermarch\u00e9. Je faisais tout dans le magasin : je d\u00e9chargeais le camion, je faisais les fruits et l\u00e9gumes, j\u2019allais \u00e0 la banque\u2026 Et j\u2019ai commenc\u00e9 \u00e0 conna\u00eetre le milieu de la nuit. Je travaillais dans un bar la semaine, \u00e0 partir du jeudi. Le samedi soir, je sortais vers minuit ou une heure du matin, je travaillais en bo\u00eete de nuit jusqu\u2019\u00e0 6 h 30. Et apr\u00e8s, je partais jouer mes matchs \u00e0 Tulle. J\u2019encha\u00eenais comme \u00e7a. Avant, j\u2019allais m\u2019entra\u00eener pour apprendre la m\u00eal\u00e9e avec les espoirs de Brive\u2026 Je n\u2019avais jamais fait de muscu de ma vie. Dans une salle, il y avait un ancien joueur d\u2019Aurillac, un Camerounais, FX (Fran\u00e7ois Xavier Seh-Ambella). Il m\u2019a appris. Il me dit : \u00a0\u00bbTu sais faire un d\u00e9velopp\u00e9 ?\u00a0\u00bb Je dis non. Il me regarde, il met la barre \u00e0 120 kg. Boum, boum, boum. \u00a0\u00bbT\u2019as d\u00e9j\u00e0 fait de la muscu ?\u00a0\u00bb J\u2019ai dit non, jamais. \u00bb<\/p>\n<p>L\u2019appel surprise de Jean-No\u00ebl Spitzer et l\u2019arriv\u00e9e au RC Vannes<\/p>\n<p>\u00ab J\u2019ai fait deux ans \u00e0 Malemort, quatre saisons \u00e0 Tulles. La troisi\u00e8me ann\u00e9e, Vannes se d\u00e9place \u00e0 Tulles. Ils ont failli perdre, ils n\u2019ont gagn\u00e9 que de deux points. J\u2019\u00e9tais pilier droit, et mon petit fr\u00e8re Chris jouait num\u00e9ro 8 : on les avait concass\u00e9s. C\u2019est comme \u00e7a que Jean-No\u00ebl (Spitzer) m\u2019a remarqu\u00e9 mais ne m\u2019a pas pris (l\u2019\u00e9t\u00e9). En novembre, il cherchait un pilier droit. Le pr\u00e9sident voulait un \u00e9tranger de l\u2019h\u00e9misph\u00e8re sud, mais Jean-No\u00ebl a dit qu\u2019il connaissait un pilier en F\u00e9d\u00e9rale. Jean-No m\u2019a appel\u00e9, je travaillais \u00e0 Intermarch\u00e9. \u00a0\u00bbOui bonjour, je suis le coach du RCV. \u00a0\u00bb Je lui demande si on peut se rappeler parce que je travaille. Je raccroche et je me demande pourquoi le RCV m\u2019appelle alors que je joue en F\u00e9d\u00e9rale. Je pensais au RCV, un club en Honneur \u00e0 c\u00f4t\u00e9 de Brive. Le lendemain, il me rappelle. \u00a0\u00bbBonjour, c\u2019est Jean-No\u00ebl Spitzer, le coach du Rugby Club de Vannes.\u00a0\u00bb Je m\u2019arr\u00eate sur le c\u00f4t\u00e9 de la route. \u00a0\u00bbLe club d\u2019o\u00f9 ? \u00a0\u00bb \u00a0\u00bb\u00c7a te dit de venir finir la saison avec nous comme joker ?\u00a0\u00bb Je ne voulais pas arr\u00eater mes boulots juste pour d\u00e9panner, mais des amis m\u2019ont dit que c\u2019\u00e9tait une chance, qu\u2019il fallait y aller. Quand je suis arriv\u00e9 \u00e0 Vannes, je lui ai demand\u00e9 pourquoi il ne m\u2019avait pas appel\u00e9 en d\u00e9but de saison. ll m\u2019a dit que c\u2019\u00e9tait une erreur parce qu\u2019il voulait prendre des professionnels mais qu\u2019il avait besoin d\u2019un bon pilier de m\u00eal\u00e9e. Et c\u2019\u00e9tait parti. \u00bb<\/p>\n<p><img decoding=\"async\" src=\"https:\/\/www.europesays.com\/fr\/wp-content\/uploads\/2026\/07\/6a490c6be42edf17760b2b60.1.jpeg\" width=\"480\" height=\"300\" class=\"web_golden_m\" loading=\"lazy\" alt=\"Paga Tafili a r\u00e9alis\u00e9 son r\u00eave\u00a0: jouer avec son fils Rayane (\u00e0 gauche).\"\/>Paga Tafili a r\u00e9alis\u00e9 son r\u00eave\u00a0: jouer avec son fils Rayane (\u00e0 gauche). (Photo Vincent Le Guern)Les retrouvailles ironiques et inattendues<\/p>\n<p>\u00ab Pour la premi\u00e8re demi-finale (de Pro D2), contre Brive (2019), je repars l\u00e0 o\u00f9 j\u2019\u00e9tais en bo\u00eete de nuit et o\u00f9 je mettais des claques \u00e0 des mecs ! Le pilier en face (\u00e0 Brive), je lui mettais des claques \u00e0 l\u2019\u00e9poque en bo\u00eete, et l\u00e0 il joue au rugby devant moi ! Je lui ai dit : \u00a0\u00bbMon fr\u00e8re, la vie r\u00e9serve des surprises, vraiment\u00a0\u00bb. En bo\u00eete de nuit, j\u2019ai aussi travaill\u00e9 avec Abdelkarim Fofana. Lui aussi voulait devenir pro, il \u00e9tait en espoirs (\u00e0 Brive). Il a fini par jouer \u00e0 Rouen. Quand Rouen est mont\u00e9 (en Pro D2), on a jou\u00e9 face \u00e0 face. Quand on s\u2019est rencontr\u00e9s sur le terrain, c\u2019\u00e9tait marrant. \u00c0 l\u2019\u00e9poque, dehors, on se disait : \u00a0\u00bbOn va devenir professionnels\u00a0\u00bb. Quand on s\u2019est revus, on avait les petites larmes, parce qu\u2019on a charbonn\u00e9, on a travaill\u00e9 dur pour arriver l\u00e0. \u00bb<\/p>\n","protected":false},"excerpt":{"rendered":"Les improbables d\u00e9buts en Nouvelle-Cal\u00e9donie \u00ab On \u00e9tait en Nouvelle-Cal\u00e9donie, j\u2019\u00e9tais chef d\u2019\u00e9quipe de TP (travaux publics). Ma&hellip;\n","protected":false},"author":2,"featured_media":1047614,"comment_status":"","ping_status":"","sticky":false,"template":"","format":"standard","meta":{"footnotes":"","_share_on_mastodon":"0"},"categories":[1416],"tags":[11,3166,1011,27,2308,3164,3167,479,1468,60,3165],"class_list":["post-1047613","post","type-post","status-publish","format-standard","has-post-thumbnail","category-rugby","tag-actualites","tag-en-continu-sports","tag-fr","tag-france","tag-pro-d2","tag-rc-vannes","tag-rcv","tag-rugby","tag-rugby-football","tag-sports","tag-vannes"],"share_on_mastodon":{"url":"https:\/\/pubeurope.com\/@fr\/116874571919724579","error":""},"_links":{"self":[{"href":"https:\/\/www.europesays.com\/fr\/wp-json\/wp\/v2\/posts\/1047613","targetHints":{"allow":["GET"]}}],"collection":[{"href":"https:\/\/www.europesays.com\/fr\/wp-json\/wp\/v2\/posts"}],"about":[{"href":"https:\/\/www.europesays.com\/fr\/wp-json\/wp\/v2\/types\/post"}],"author":[{"embeddable":true,"href":"https:\/\/www.europesays.com\/fr\/wp-json\/wp\/v2\/users\/2"}],"replies":[{"embeddable":true,"href":"https:\/\/www.europesays.com\/fr\/wp-json\/wp\/v2\/comments?post=1047613"}],"version-history":[{"count":0,"href":"https:\/\/www.europesays.com\/fr\/wp-json\/wp\/v2\/posts\/1047613\/revisions"}],"wp:featuredmedia":[{"embeddable":true,"href":"https:\/\/www.europesays.com\/fr\/wp-json\/wp\/v2\/media\/1047614"}],"wp:attachment":[{"href":"https:\/\/www.europesays.com\/fr\/wp-json\/wp\/v2\/media?parent=1047613"}],"wp:term":[{"taxonomy":"category","embeddable":true,"href":"https:\/\/www.europesays.com\/fr\/wp-json\/wp\/v2\/categories?post=1047613"},{"taxonomy":"post_tag","embeddable":true,"href":"https:\/\/www.europesays.com\/fr\/wp-json\/wp\/v2\/tags?post=1047613"}],"curies":[{"name":"wp","href":"https:\/\/api.w.org\/{rel}","templated":true}]}}