{"id":104763,"date":"2025-05-16T15:49:24","date_gmt":"2025-05-16T15:49:24","guid":{"rendered":"https:\/\/www.europesays.com\/fr\/104763\/"},"modified":"2025-05-16T15:49:24","modified_gmt":"2025-05-16T15:49:24","slug":"decouvrez-notre-selection-de-livres-pour-enfants","status":"publish","type":"post","link":"https:\/\/www.europesays.com\/fr\/104763\/","title":{"rendered":"d\u00e9couvrez notre s\u00e9lection de livres pour enfants"},"content":{"rendered":"<p>D\u00e9mocratie \u00e0 tous les \u00e9tages<\/p>\n<p>Sous les jardins de l\u2019\u00c9lys\u00e9e se cache une colonie de taupes\u2026 pas tout \u00e0 fait comme les autres. Lorsqu\u2019elles entendent que la pr\u00e9sidente fran\u00e7aise veut faire voter une loi contre les animaux de compagnie venus d\u2019ailleurs, c\u2019est le branle-bas de combat. Faut-il intervenir pour \u00e9viter l\u2019expulsion ou l\u2019internement de leurs camarades ? Apr\u00e8s d\u00e9lib\u00e9ration dans leur Palabrium, les petites taupes d\u00e9cident d\u2019aider \u00ab\u00a0les humains du Haut\u00a0\u00bb \u00e0 retrouver la raison. Avec l\u2019aide du hamster Roborovski, de Mata la Taupe, de Rosa Fakir et du vieux libraire Moleskine, elles infiltrent le Palais-Bourbon et provoquent un sursaut citoyen. Une fable rocambolesque, dr\u00f4le et engag\u00e9e, qui initie les jeunes lecteurs aux rouages de la d\u00e9mocratie participative et donne un aper\u00e7u du pouvoir l\u00e9gislatif.<\/p>\n<p><img decoding=\"async\" class=\"caas-img caas-lazy has-preview\" alt=\"Les locataires de l\u2019Elys\u00e9e de Frank Escoub\u00e8s aux \u00e9ditions Milan\" src=\"https:\/\/www.europesays.com\/fr\/wp-content\/uploads\/2025\/05\/19b7726631a1dd71da315bcea4fdb507.jpeg\"\/><\/p>\n<p>Les locataires de l\u2019Elys\u00e9e de Frank Escoub\u00e8s aux \u00e9ditions Milan<\/p>\n<p>Les locataires de l\u2019\u00c9lys\u00e9e de Frank Escoub\u00e8s, \u00e9ditions Milan, d\u00e8s 8 ans, 128 pages, 10,90 euros<\/p>\n<p><a class=\"link  rapid-with-clickid etailiffa-link\" href=\"https:\/\/amzn.to\/4k4QKaS\" data-i13n=\"elm:affiliate_link;elmt:premonetized\" rel=\"sponsored nofollow noopener\" target=\"_blank\" data-ylk=\"slk:Acheter en ligne;elm:affiliate_link;elmt:premonetized;itc:0;sec:content-canvas\">Acheter en ligne<\/a><\/p>\n<p>Simul et Singulis<\/p>\n<p>\u00ab\u00a0\u00catre ensemble et rester soi-m\u00eame\u00a0\u00bb : telle est la devise de la Com\u00e9die-Fran\u00e7aise, \u00a0r\u00e9f\u00e9rence absolue de l\u2019art dramatique. Mais avant d\u2019en arriver l\u00e0, quelle aventure\u2026 Du Moyen \u00c2ge au XIX\u1d49 si\u00e8cle, la vie des dramaturges et des com\u00e9diens ne fut pas un long fleuve tranquille \u00a0Longtemps d\u00e9consid\u00e9r\u00e9s, parfois m\u00eame excommuni\u00e9s, ils ont d\u00fb se battre pour faire exister leur art. Dans cette BD dr\u00f4le et instructive, le lecteur suit Moli\u00e8re \u2014 qui n\u2019est pas le fondateur officiel, mais en reste le grand h\u00e9ros \u2014 \u00e0 la d\u00e9couverte des coulisses de cette institution historique : ses protecteurs, ses disputes de troupe, ses multiples d\u00e9m\u00e9nagements et l\u2019obtention du fameux monopole du r\u00e9pertoire classique. Une plong\u00e9e passionnante dans l\u2019histoire du th\u00e9\u00e2tre&#8230; pleine de rebondissements !<\/p>\n<p><a class=\"link\" href=\"https:\/\/amzn.to\/4jYSPEY\" data-ylk=\"\" rel=\"nofollow noopener\" target=\"_blank\"><img decoding=\"async\" class=\"caas-img caas-lazy\" alt=\"C\u2019est la faute \u00e0 Moli\u00e8re, une histoire de la Com\u00e9die-Fran\u00e7aise de Micha\u00ebl Le Galli et Virginie Augustin aux \u00e9ditions Rue de S\u00e8vres\" src=\"https:\/\/www.europesays.com\/fr\/wp-content\/uploads\/2025\/05\/e8d1fea7dbde9683dc88e193ea0c8163.jpeg\"\/><\/a><\/p>\n<p>C\u2019est la faute \u00e0 Moli\u00e8re, une histoire de la Com\u00e9die-Fran\u00e7aise de Micha\u00ebl Le Galli et Virginie Augustin aux \u00e9ditions Rue de S\u00e8vres<\/p>\n<p>C\u2019est la faute \u00e0 Moli\u00e8re, une histoire de la Com\u00e9die-Fran\u00e7aise de Micha\u00ebl Le Galli et Virginie Augustin, \u00e9ditions Rue de S\u00e8vres, bande-dessin\u00e9e, 120 pages, 20 euros<\/p>\n<p><a class=\"link  rapid-with-clickid etailiffa-link\" href=\"https:\/\/amzn.to\/4jYSPEY\" data-i13n=\"elm:affiliate_link;elmt:premonetized\" rel=\"sponsored nofollow noopener\" target=\"_blank\" data-ylk=\"slk:Acheter en ligne;elm:affiliate_link;elmt:premonetized;itc:0;sec:content-canvas\">Acheter en ligne<\/a><\/p>\n<p>Versailles dans tous ses \u00e9tats<\/p>\n<p>Du relais de chasse voulu par Louis XIII aux remaniements envisag\u00e9s par Napol\u00e9on Ier, le ch\u00e2teau de Versailles est l\u2019une des r\u00e9sidences royales ayant connu le plus de transformations. Louis XIV, bien s\u00fbr, y installa son gouvernement et voulut illustrer la puissance de la France avec sa c\u00e9l\u00e8bre galerie des Glaces et ses somptueux jardins. Louis XV fit construire le Petit Trianon pour sa ma\u00eetresse, la marquise de Pompadour. Quant \u00e0 Marie-Antoinette, on lui doit le fameux Hameau de la Reine. Laiss\u00e9 \u00e0 l\u2019abandon apr\u00e8s la R\u00e9volution, le ch\u00e2teau devient un mus\u00e9e en 1837 sous l\u2019impulsion de Louis-Philippe. Accompagn\u00e9s d\u2019une guide, les auteurs de cette bande dessin\u00e9e se mettent en sc\u00e8ne au fil d\u2019une visite du domaine, comme un retour dans le temps \u00e0 travers les si\u00e8cles et les souverains, qui ont chacun imprim\u00e9 leur marque sur le plus c\u00e9l\u00e8bre ch\u00e2teau de France.<\/p>\n<p><a class=\"link\" href=\"https:\/\/amzn.to\/4kmnmfF\" data-ylk=\"\" rel=\"nofollow noopener\" target=\"_blank\"><img decoding=\"async\" class=\"caas-img caas-lazy\" alt=\"La Grande Histoire du ch\u00e2teau de Versailles, de Fran\u00e7ois Maingoval et Jean-Marc Krings aux \u00e9ditions Ouest-France\" src=\"https:\/\/www.europesays.com\/fr\/wp-content\/uploads\/2025\/05\/de7615eef9241cf257f10c4b9d72abfd.jpeg\"\/><\/a><\/p>\n<p>La Grande Histoire du ch\u00e2teau de Versailles, de Fran\u00e7ois Maingoval et Jean-Marc Krings aux \u00e9ditions Ouest-France<\/p>\n<p>La Grande Histoire du ch\u00e2teau de Versailles, de Fran\u00e7ois Maingoval et Jean-Marc Krings, bande dessin\u00e9e, \u00e9ditions Ouest-France, 64 pages, 19,90 euros<\/p>\n<p><img decoding=\"async\" class=\"caas-img caas-lazy has-preview\" alt=\"La Grande Histoire du ch\u00e2teau de Versailles, de Fran\u00e7ois Maingoval et Jean-Marc Krings aux \u00e9ditions Ouest-France\" src=\"https:\/\/www.europesays.com\/fr\/wp-content\/uploads\/2025\/05\/b46e76e1ac3b77d20c2ff1f659019dda.jpeg\"\/><\/p>\n<p>La Grande Histoire du ch\u00e2teau de Versailles, de Fran\u00e7ois Maingoval et Jean-Marc Krings aux \u00e9ditions Ouest-France<\/p>\n<p><a class=\"link  rapid-with-clickid etailiffa-link\" href=\"https:\/\/amzn.to\/4kmnmfF\" data-i13n=\"elm:affiliate_link;elmt:premonetized\" rel=\"sponsored nofollow noopener\" target=\"_blank\" data-ylk=\"slk:Acheter en ligne;elm:affiliate_link;elmt:premonetized;itc:0;sec:content-canvas\">Acheter en ligne<\/a><\/p>\n<p>Un jeu de constructions<\/p>\n<p>Qui a dessin\u00e9 Notre-Dame de Paris ? Pourquoi la tour de Pise penche-t-elle ? Comment les ponts suspendus tiennent-ils ? Et qui sont les architectes les plus c\u00e9l\u00e8bres ? Cet ouvrage bien document\u00e9 aborde avec clart\u00e9 les techniques de construction anciennes et modernes \u2014 des pyramides aux gratte-ciels \u2014, \u00e9voque les normes antisismiques, l\u2019invention du b\u00e9ton arm\u00e9, et fourmille d\u2019anecdotes amusantes. Ainsi, pour rendre la fa\u00e7ade arri\u00e8re du centre Pompidou plus attractive, l\u2019architecte Richard Rogers n\u2019h\u00e9sita pas \u00e0 inventer un pr\u00e9tendu code couleur pour les tuyaux : jaune pour l\u2019\u00e9lectricit\u00e9, bleu pour l\u2019a\u00e9ration, vert pour l\u2019eau, rouge pour les ascenseurs et les escalators. Une pure fantaisie\u2026 qui fait encore aujourd\u2019hui la joie des touristes et des Parisiens !<\/p>\n<p><a class=\"link\" href=\"https:\/\/amzn.to\/44ALtmq\" data-ylk=\"\" rel=\"nofollow noopener\" target=\"_blank\"><img decoding=\"async\" class=\"caas-img caas-lazy\" alt=\"L\u2019architecture pas b\u00eate de Guillaume Goubert aux \u00e9ditions Bayard\" src=\"https:\/\/www.europesays.com\/fr\/wp-content\/uploads\/2025\/05\/075b0ca1d1672323c85647273e69f519.jpeg\"\/><\/a><\/p>\n<p>L\u2019architecture pas b\u00eate de Guillaume Goubert aux \u00e9ditions Bayard<\/p>\n<p>L\u2019architecture pas b\u00eate de Guillaume Goubert, \u00e9ditions Bayard Jeunesse, d\u00e8s 9 ans, 72 pages, 15,50 euros<\/p>\n<p><a class=\"link  rapid-with-clickid etailiffa-link\" href=\"https:\/\/amzn.to\/4kmvjBC\" data-i13n=\"elm:affiliate_link;elmt:premonetized\" rel=\"sponsored nofollow noopener\" target=\"_blank\" data-ylk=\"slk:Acheter en ligne;elm:affiliate_link;elmt:premonetized;itc:0;sec:content-canvas\">Acheter en ligne<\/a><\/p>\n<p>La guerre de Troie aura-t-elle lieu\u00a0?<\/p>\n<p>Si Cassandre, princesse troyenne, fille du roi Priam et de la reine H\u00e9cube, a choisi de devenir pr\u00eatresse d\u2019Apollon, ce n\u2019est s\u00fbrement pas par simple d\u00e9votion. Orgueilleuse et avide de gloire, elle voit surtout dans cette voie une \u00e9chappatoire au mariage et un d\u00e9but de libert\u00e9. Mais quand le dieu lui offre le don de devenir son oracle, il y a un prix \u00e0 payer. Ne pouvant lui accorder la faveur qu\u2019il exige, Cassandre est maudite : elle a des visions de la destruction de Troie, mais personne ne croit ses pr\u00e9dictions. Commence alors une course contre la montre, o\u00f9 Cassandre utilise tous les subterfuges pour \u00e9vincer la belle H\u00e9l\u00e8ne de Sparte, nouvelle \u00e9pouse de son fr\u00e8re P\u00e2ris, et tenter de sauver sa cit\u00e9. Parviendra-t-elle \u00e0 d\u00e9nouer les fils du destin ? H\u00e9l\u00e8ne est-elle vraiment aussi innocente qu\u2019on le croit ? Bea Fitzgerald r\u00e9invente ce mythe antique en proposant une version moderne o\u00f9 consentement et \u00e9mancipation des femmes prennent toute leur place, dans un r\u00e9cit \u00e0 deux voix qui alterne les points de vue de Cassandre et d\u2019H\u00e9l\u00e8ne.<\/p>\n<p><a class=\"link\" href=\"https:\/\/amzn.to\/4jVjgeL\" data-ylk=\"\" rel=\"nofollow noopener\" target=\"_blank\"><img decoding=\"async\" class=\"caas-img caas-lazy\" alt=\"La mal\u00e9diction de l\u2019oracle de Bea Fitzgerald aux \u00e9ditions Nathan\" src=\"https:\/\/www.europesays.com\/fr\/wp-content\/uploads\/2025\/05\/e723e92827aa7661e810f3dbe2c9dcc2.jpeg\"\/><\/a><\/p>\n<p>La mal\u00e9diction de l\u2019oracle de Bea Fitzgerald aux \u00e9ditions Nathan<\/p>\n<p>La mal\u00e9diction de l\u2019oracle de Bea Fitzgerald aux \u00e9ditions Nathan, d\u00e8s 14 ans, 512 pages, 19,95 euros<\/p>\n<p><a class=\"link  rapid-with-clickid etailiffa-link\" href=\"https:\/\/amzn.to\/4jVjgeL\" data-i13n=\"elm:affiliate_link;elmt:premonetized\" rel=\"sponsored nofollow noopener\" target=\"_blank\" data-ylk=\"slk:Acheter en ligne;elm:affiliate_link;elmt:premonetized;itc:0;sec:content-canvas\">Acheter en ligne<\/a><\/p>\n<p>Oubli\u00e9es<\/p>\n<p>Jos\u00e9phine, qui aura dix-sept ans demain, a \u00e9t\u00e9 enferm\u00e9e dans un placard du mus\u00e9e d\u2019Orsay par Lucas et ses \u00ab\u00a0camarades\u00a0\u00bb de classe. Quand elle r\u00e9ussit \u00e0 s\u2019en \u00e9chapper, la nuit est d\u00e9j\u00e0 tomb\u00e9e. En parcourant les salles d\u00e9sertes, elle entend soudain une voix de femme pr\u00e8s du tableau L\u2019Homme bless\u00e9 de Gustave Courbet. Cette voix, c\u2019est Virginie, l\u2019amante du peintre, qui est un \u00ab\u00a0repentir\u00a0\u00bb : son portrait a \u00e9t\u00e9 effac\u00e9 pour laisser place au tableau expos\u00e9 aujourd\u2019hui. Un dialogue se noue entre les deux femmes : Virginie raconte son histoire et explique qu\u2019elle n\u2019est pas seule. D\u2019autres femmes ont aussi \u00e9t\u00e9 effac\u00e9es, comme Jeanne Duval, muse du po\u00e8te Charles Baudelaire, Constance, la danseuse de l\u2019Op\u00e9ra qui posa pour L\u2019Origine du monde, ou Euphrasie Proudhon, disparue d\u2019un portrait de famille o\u00f9 restent son mari et ses filles. Le r\u00e9cit de Virginie r\u00e9sonne avec l\u2019exp\u00e9rience de Jos\u00e9phine, qui change son regard sur son \u00e9poque et le harc\u00e8lement qu\u2019elle subit depuis qu\u2019elle a os\u00e9 dire \u00ab\u00a0non\u00a0\u00bb \u00e0 Lucas. Un roman court et puissant, sur l\u2019objectification et l\u2019invisibilisation des femmes.<\/p>\n<p><a class=\"link\" href=\"https:\/\/amzn.to\/4kmoBvl\" data-ylk=\"\" rel=\"nofollow noopener\" target=\"_blank\"><img decoding=\"async\" class=\"caas-img caas-lazy\" alt=\"Les effac\u00e9es de Marine Carteron aux \u00e9ditions Le Rouergue\" src=\"https:\/\/www.europesays.com\/fr\/wp-content\/uploads\/2025\/05\/db0eeec30333ddc23b29b5a60c11d374.jpeg\"\/><\/a><\/p>\n<p>Les effac\u00e9es de Marine Carteron aux \u00e9ditions Le Rouergue<\/p>\n<p>Les effac\u00e9es de Marine Carteron aux \u00e9ditions Le Rouergue, d\u00e8s 14 ans, 160 pages, 14 euros<\/p>\n<p><a class=\"link  rapid-with-clickid etailiffa-link\" href=\"https:\/\/amzn.to\/4kmoBvl\" data-i13n=\"elm:affiliate_link;elmt:premonetized\" rel=\"sponsored nofollow noopener\" target=\"_blank\" data-ylk=\"slk:Acheter en ligne;elm:affiliate_link;elmt:premonetized;itc:0;sec:content-canvas\">Acheter en ligne<\/a><\/p>\n<p>Mythologies<\/p>\n<p>Cronos ou Saturne\u00a0? Zeus ou Jupiter\u00a0? Aphrodite ou V\u00e9nus\u00a0? Des Titans aux dieux de l\u2019Olympe, les mythes grecs et romains se ressemblent mais ne sont pas totalement identiques. Dans cette nouvelle \u00e9dition, Alain Surget pr\u00e9sente les dieux grecs et leurs \u00e9quivalents romains. Seul Apollon a conserv\u00e9 son nom : mais de divinit\u00e9 guerri\u00e8re qui pr\u00e9sidait aux lois \u00e0 Ath\u00e8nes, il fut honor\u00e9 comme dieu de la m\u00e9decine et des oracles \u00e0 Rome. Les Romains avaient aussi plein de dieux venus d\u2019autres peuples, comme les \u00c9trusques ou les Sabins, li\u00e9s \u00e0 la vie quotidienne. Puis ils ont ajout\u00e9 les dieux grecs, avec leurs caract\u00e8res bien tremp\u00e9s : volage comme Zeus, jalouse comme H\u00e9ra, ou guerrier comme Ar\u00e8s. Un petit lexique explique les symboles de chaque dieu, et un quiz final permettra aux jeunes lecteurs de tester leurs connaissances.<\/p>\n<p><a class=\"link\" href=\"https:\/\/amzn.to\/3GX7EcI\" data-ylk=\"\" rel=\"nofollow noopener\" target=\"_blank\"><img decoding=\"async\" class=\"caas-img caas-lazy\" alt=\"Dieux grecs, dieux romains comment s\u2019y retrouver d\u2019Alain Surget aux \u00e9ditions P\u00e8re Castor\" src=\"https:\/\/www.europesays.com\/fr\/wp-content\/uploads\/2025\/05\/df72253ce99223ab8c1378c646306b58.jpeg\"\/><\/a><\/p>\n<p>Dieux grecs, dieux romains comment s\u2019y retrouver d\u2019Alain Surget aux \u00e9ditions P\u00e8re Castor<\/p>\n<p>Dieux grecs, dieux romains comment s\u2019y retrouver d\u2019Alain Surget aux \u00e9ditions P\u00e8re Castor, nouvelle \u00e9dition, d\u00e8s 10 ans, 128 pages, 9,90 euros, parution le 2 juillet<\/p>\n<p><a class=\"link  rapid-with-clickid etailiffa-link\" href=\"https:\/\/amzn.to\/3GX7EcI\" data-i13n=\"elm:affiliate_link;elmt:premonetized\" rel=\"sponsored nofollow noopener\" target=\"_blank\" data-ylk=\"slk:Acheter en ligne;elm:affiliate_link;elmt:premonetized;itc:0;sec:content-canvas\">Acheter en ligne<\/a><\/p>\n<p><strong>Lire aussi &gt;&gt; \u00a0<\/strong><a href=\"https:\/\/www.pointdevue.fr\/culture\/livres\/litterature-jeunesse-une-selection-special-sommeil-et-ses-petits-tracas\" rel=\"nofollow noopener\" target=\"_blank\" data-ylk=\"slk:Litt\u00e9rature jeunesse, une s\u00e9lection sp\u00e9cial sommeil et ses petits tracas;elm:context_link;itc:0;sec:content-canvas\" class=\"link \">Litt\u00e9rature jeunesse, une s\u00e9lection sp\u00e9cial sommeil et ses petits tracas<\/a><\/p>\n","protected":false},"excerpt":{"rendered":"D\u00e9mocratie \u00e0 tous les \u00e9tages Sous les jardins de l\u2019\u00c9lys\u00e9e se cache une colonie de taupes\u2026 pas tout&hellip;\n","protected":false},"author":2,"featured_media":104764,"comment_status":"","ping_status":"","sticky":false,"template":"","format":"standard","meta":{"footnotes":""},"categories":[1357],"tags":[1379,22154,58,59,1011,27,22155,22158,1380,22157,22156],"class_list":{"0":"post-104763","1":"post","2":"type-post","3":"status-publish","4":"format-standard","5":"has-post-thumbnail","7":"category-livres","8":"tag-books","9":"tag-chateau-de-versailles","10":"tag-divertissement","11":"tag-entertainment","12":"tag-fr","13":"tag-france","14":"tag-galerie-des-glaces","15":"tag-la-guerre-de-troie","16":"tag-livres","17":"tag-rue-de-sevres","18":"tag-virginie-augustin"},"share_on_mastodon":{"url":"https:\/\/pubeurope.com\/@fr\/114518305487402128","error":""},"_links":{"self":[{"href":"https:\/\/www.europesays.com\/fr\/wp-json\/wp\/v2\/posts\/104763","targetHints":{"allow":["GET"]}}],"collection":[{"href":"https:\/\/www.europesays.com\/fr\/wp-json\/wp\/v2\/posts"}],"about":[{"href":"https:\/\/www.europesays.com\/fr\/wp-json\/wp\/v2\/types\/post"}],"author":[{"embeddable":true,"href":"https:\/\/www.europesays.com\/fr\/wp-json\/wp\/v2\/users\/2"}],"replies":[{"embeddable":true,"href":"https:\/\/www.europesays.com\/fr\/wp-json\/wp\/v2\/comments?post=104763"}],"version-history":[{"count":0,"href":"https:\/\/www.europesays.com\/fr\/wp-json\/wp\/v2\/posts\/104763\/revisions"}],"wp:featuredmedia":[{"embeddable":true,"href":"https:\/\/www.europesays.com\/fr\/wp-json\/wp\/v2\/media\/104764"}],"wp:attachment":[{"href":"https:\/\/www.europesays.com\/fr\/wp-json\/wp\/v2\/media?parent=104763"}],"wp:term":[{"taxonomy":"category","embeddable":true,"href":"https:\/\/www.europesays.com\/fr\/wp-json\/wp\/v2\/categories?post=104763"},{"taxonomy":"post_tag","embeddable":true,"href":"https:\/\/www.europesays.com\/fr\/wp-json\/wp\/v2\/tags?post=104763"}],"curies":[{"name":"wp","href":"https:\/\/api.w.org\/{rel}","templated":true}]}}