{"id":104765,"date":"2025-05-16T15:50:17","date_gmt":"2025-05-16T15:50:17","guid":{"rendered":"https:\/\/www.europesays.com\/fr\/104765\/"},"modified":"2025-05-16T15:50:17","modified_gmt":"2025-05-16T15:50:17","slug":"chute-dans-lescalier-danses-sensuelles-reprise-de-jean-jacques-goldman-le-un-dos-tres-de-tf1-et-netflix-se-devoile-video","status":"publish","type":"post","link":"https:\/\/www.europesays.com\/fr\/104765\/","title":{"rendered":"Chute dans l&rsquo;escalier, danses sensuelles, reprise de Jean-Jacques Goldman&#8230; Le Un, dos, tres de TF1 et Netflix se d\u00e9voile (VIDEO)"},"content":{"rendered":"<p>TF1 et Netflix ont publi\u00e9 sur les r\u00e9seaux sociaux une bande-annonce de Tout pour la lumi\u00e8re, leur feuilleton commun, qui sera diffus\u00e9 prochainement sur la cha\u00eene et la plateforme. <\/p>\n<p><b>\u00ab\u00a0<\/b><a href=\"https:\/\/www.programme-tv.net\/news\/series-tv\/372651-tout-pour-la-lumiere-lannick-gautry-joy-esther-isabel-otero-un-emblematique-de-plus-belle-la-vie-le-casting-complet-du-feuilleton-de-tf1-et-netflix\/\" data-api-deeplink=\"teleloisirs:\/\/news\/372651\" target=\"_blank\" rel=\"noopener\"><b>Tout pour la lumi\u00e8re<\/b><b> <\/b><\/a><b>prochainement sur Netflix et TF1&Prime;<\/b>, a \u00e9crit sur son compte Instagram la chanteuse et com\u00e9dienne Joy Esther en l\u00e9gende des premi\u00e8res images du <a href=\"https:\/\/www.programme-tv.net\/news\/series-tv\/354732-exclu-tf1-prepare-un-quatrieme-feuilleton-quotidien-les-premieres-infos\/\" data-api-deeplink=\"teleloisirs:\/\/news\/354732\" target=\"_blank\" rel=\"noopener\">quatri\u00e8me feuilleton quotidien de la cha\u00eene priv\u00e9e<\/a>. \u00ab\u00a0Une aventure hors du commun et hors du temps pour moi \ud83e\udd0d Merci \u00e0 tous mes partenaires et toutes les \u00e9quipes qui travaillent comme des malades \ud83d\udcaa\ud83c\udffc\ud83e\udd0d On est toujours en tournage et on esp\u00e8re vraiment que la s\u00e9rie vous plaira \ud83e\udd70\u00a0\u00bb, ajoute celle qui a jou\u00e9 dans Nos chers voisins aux c\u00f4t\u00e9s de Thierry Samitier <a href=\"https:\/\/www.programme-tv.net\/news\/societe\/378988-thierry-samitier-nos-chers-voisins-condamne-a-dix-mois-de-prison-avec-sursis-pour-harcelement-sexuel-et-agressions-sexuelles\/\" data-api-deeplink=\"teleloisirs:\/\/news\/378988\" target=\"_blank\" rel=\"noopener\">condamn\u00e9 ce jeudi 15 mai \u00e0 dix mois de prison avec sursis<\/a>.<\/p>\n<p>Tout pour la lumi\u00e8re\u00a0: Le studio Lumi\u00e8re ouvre ses portes<\/p>\n<p>Cette bande-annonce publi\u00e9e sur les r\u00e9seaux sociaux de TF1 et Netflix est surtout l&rsquo;occasion de d\u00e9couvrir les magnifiques d\u00e9cors et les personnages principaux de Tout pour la lumi\u00e8re. Direction donc<b> <\/b><a href=\"https:\/\/www.programme-tv.net\/news\/series-tv\/368153-tout-pour-la-lumiere-le-lieu-du-tournage-du-quatrieme-feuilleton-de-tf1-a-la-ciotat-devoile\/\" data-api-deeplink=\"teleloisirs:\/\/news\/368153\" target=\"_blank\" rel=\"noopener\">La Ciotat<\/a><b> <\/b>et l&rsquo;ancien cin\u00e9ma Le Lumi\u00e8re &#8211; qui a ferm\u00e9 d\u00e9finitivement ses portes le 31\u00a0d\u00e9cembre 2023, apr\u00e8s 110 ans d&rsquo;existence &#8211; sur la place Evariste Gras. Construite en 1895, la halle Lumi\u00e8re accueille donc le Studio Lumi\u00e8re dans lequel les \u00e9l\u00e8ves auront des cours de chant, de danse et de composition.<\/p>\n<p>                        Tout pour la lumi\u00e8re : Joy Esther joue Victoria Vargas, de retour \u00e0 La Ciotat 20 ans apr\u00e8s avoir connu le succ\u00e8s avec un tube<\/p>\n<p>20 ans apr\u00e8s avoir connu le succ\u00e8s avec un tube, Victoria Vargas (Joy Esther) revient donc \u00e0 la Ciotat pour \u00eatre au chevet de sa m\u00e8re Florence (Isabel Otero), directrice du Studio Lumi\u00e8re, qui vient d&rsquo;avoir un accident dans ce centre r\u00e9put\u00e9 de chant et de danse, bas\u00e9 \u00e0 La Ciotat. Accompagn\u00e9e de son mari Max (<a href=\"https:\/\/www.programme-tv.net\/news\/series-tv\/377290-j-ai-ete-convaincu-sans-ne-rien-avoir-lu-lannick-gautry-devoile-la-facon-etonnante-dont-il-a-dit-oui-a-tout-pour-la-lumiere-le-feuilleton-de-tf1-et-netflix\/\" data-api-deeplink=\"teleloisirs:\/\/news\/377290\" target=\"_blank\" rel=\"noopener\">Lannick Gautry, qui a dit oui d&rsquo;une fa\u00e7on \u00e9tonnante au feuilleton de TF1 et Netflix<\/a>) et de sa fille adolescente Baya (Louve Le Coadou), Victoria va vouloir savoir exactement ce qui s&rsquo;est pass\u00e9, d\u00e9couvrir des secrets de famille et puis renouer avec ses racines et sa passion du chant. Elle doit aussi affronter Jo\u00ebl (Gilles Cohen), son beau-p\u00e8re qui est coach de composition au Studio Lumi\u00e8re.<\/p>\n<blockquote class=\"instagram-media\" data-instgrm-captioned=\"\" data-instgrm-permalink=\"https:\/\/www.instagram.com\/reel\/DJtbur1qQ_u\/?utm_source=ig_embed&amp;utm_campaign=loading\" data-instgrm-version=\"14\" style=\" background:#FFF; border:0; border-radius:3px; box-shadow:0 0 1px 0 rgba(0,0,0,0.5),0 1px 10px 0 rgba(0,0,0,0.15); margin: 1px; max-width:658px; min-width:326px; padding:0; width:99.375%; width:-webkit-calc(100% - 2px); width:calc(100% - 2px);\"\/>\n<p>        <script async src=\"\/\/www.instagram.com\/embed.js\"><\/script><\/p>\n","protected":false},"excerpt":{"rendered":"TF1 et Netflix ont publi\u00e9 sur les r\u00e9seaux sociaux une bande-annonce de Tout pour la lumi\u00e8re, leur feuilleton&hellip;\n","protected":false},"author":2,"featured_media":104766,"comment_status":"","ping_status":"","sticky":false,"template":"","format":"standard","meta":{"footnotes":""},"categories":[1356],"tags":[244,58,59,1011,27,22160,22159,22161,127,1722,4496,129,252,199,1364],"class_list":{"0":"post-104765","1":"post","2":"type-post","3":"status-publish","4":"format-standard","5":"has-post-thumbnail","7":"category-television","8":"tag-commentaire","9":"tag-divertissement","10":"tag-entertainment","11":"tag-fr","12":"tag-france","13":"tag-gwendal-marimoutou","14":"tag-joy-esther","15":"tag-lannick-gautry","16":"tag-netflix","17":"tag-pub-streaming-netflix","18":"tag-superstream","19":"tag-svod","20":"tag-television","21":"tag-tf1","22":"tag-tv"},"share_on_mastodon":{"url":"https:\/\/pubeurope.com\/@fr\/114518309190705805","error":""},"_links":{"self":[{"href":"https:\/\/www.europesays.com\/fr\/wp-json\/wp\/v2\/posts\/104765","targetHints":{"allow":["GET"]}}],"collection":[{"href":"https:\/\/www.europesays.com\/fr\/wp-json\/wp\/v2\/posts"}],"about":[{"href":"https:\/\/www.europesays.com\/fr\/wp-json\/wp\/v2\/types\/post"}],"author":[{"embeddable":true,"href":"https:\/\/www.europesays.com\/fr\/wp-json\/wp\/v2\/users\/2"}],"replies":[{"embeddable":true,"href":"https:\/\/www.europesays.com\/fr\/wp-json\/wp\/v2\/comments?post=104765"}],"version-history":[{"count":0,"href":"https:\/\/www.europesays.com\/fr\/wp-json\/wp\/v2\/posts\/104765\/revisions"}],"wp:featuredmedia":[{"embeddable":true,"href":"https:\/\/www.europesays.com\/fr\/wp-json\/wp\/v2\/media\/104766"}],"wp:attachment":[{"href":"https:\/\/www.europesays.com\/fr\/wp-json\/wp\/v2\/media?parent=104765"}],"wp:term":[{"taxonomy":"category","embeddable":true,"href":"https:\/\/www.europesays.com\/fr\/wp-json\/wp\/v2\/categories?post=104765"},{"taxonomy":"post_tag","embeddable":true,"href":"https:\/\/www.europesays.com\/fr\/wp-json\/wp\/v2\/tags?post=104765"}],"curies":[{"name":"wp","href":"https:\/\/api.w.org\/{rel}","templated":true}]}}