{"id":104779,"date":"2025-05-16T15:57:08","date_gmt":"2025-05-16T15:57:08","guid":{"rendered":"https:\/\/www.europesays.com\/fr\/104779\/"},"modified":"2025-05-16T15:57:08","modified_gmt":"2025-05-16T15:57:08","slug":"le-plan-du-gouvernement-pour-multiplier-les-bornes-de-recharge-et-simplifier-leur-utilisation","status":"publish","type":"post","link":"https:\/\/www.europesays.com\/fr\/104779\/","title":{"rendered":"le plan du gouvernement pour multiplier les bornes de recharge et simplifier leur utilisation"},"content":{"rendered":"<p>Afin de s\u00e9duire davantage d\u2019automobilistes, la facilit\u00e9 de recharge des batteries et la simplicit\u00e9 de programmation des d\u00e9placements sont essentiels.<\/p>\n<p class=\"fig-paragraph\">Comment encourager les Fran\u00e7ais \u00e0 troquer leur voiture thermique pour une \u00e9lectrique? Outre le sujet \u00e9pineux du prix d\u2019achat des v\u00e9hicules \u00e0 batterie se pose celui de la recharge. Pour que<a href=\"http:\/\/www.lefigaro.fr\/automobile\/la-recharge-le-principal-frein-a-l-adoption-de-la-voiture-electrique-20250418\" data-fig-type=\"Article\" data-gtm-custom-categorie=\"navigation\" data-gtm-custom-action=\"crossclick\" data-gtm-custom-label=\"Contextuel\" data-gtm-event=\"customEventSPE\" data-fig-domain=\"LEFIGARO\" rel=\"nofollow noopener\" target=\"_blank\">\u00a0faire le plein d\u2019\u00e9lectricit\u00e9<\/a>\u00a0ne soit plus un obstacle, le gouvernement veut toujours plus de<a href=\"http:\/\/www.lefigaro.fr\/entrepreneur\/les-operateurs-des-bornes-de-recharge-veulent-de-la-stabilite-pour-investir-davantage-20250213\" data-fig-type=\"NewsFlash\" data-gtm-custom-categorie=\"navigation\" data-gtm-custom-action=\"crossclick\" data-gtm-custom-label=\"Contextuel\" data-gtm-event=\"customEventSPE\" data-fig-domain=\"LEFIGARO\" rel=\"nofollow noopener\" target=\"_blank\">\u00a0bornes de recharge<\/a>\u00a0accessibles au public, avec une meilleure information sur leur disponibilit\u00e9 et les prix pratiqu\u00e9s.<\/p>\n<p class=\"fig-paragraph\">Pour illustrer ce propos, deux ministres, \u00c9ric Lombard (\u00c9conomie) et Marc Ferracci (Industrie et \u00c9nergie), \u00e9taient avec\u00a0<a href=\"http:\/\/www.lefigaro.fr\/decideurs\/alexandre-bompard-chantre-de-l-entreprise-responsable-20230403\" data-fig-type=\"Article\" data-gtm-custom-categorie=\"navigation\" data-gtm-custom-action=\"crossclick\" data-gtm-custom-label=\"Contextuel\" data-gtm-event=\"customEventSPE\" data-fig-domain=\"LEFIGARO\" rel=\"nofollow noopener\" target=\"_blank\">Alexandre Bompard<\/a>, le PDG de\u00a0<a href=\"http:\/\/www.lefigaro.fr\/societes\/pour-continuer-a-rivaliser-avec-leclerc-et-intermarche-carrefour-mise-plus-que-jamais-sur-la-franchise-20250401\" data-fig-type=\"Article\" data-gtm-custom-categorie=\"navigation\" data-gtm-custom-action=\"crossclick\" data-gtm-custom-label=\"Contextuel\" data-gtm-event=\"customEventSPE\" data-fig-domain=\"LEFIGARO\" rel=\"nofollow noopener\" target=\"_blank\">Carrefour<\/a>, sur le parking d\u2019un hypermarch\u00e9 de l\u2019Ha\u00ff-les-Roses (Val-de-Marne) ce vendredi apr\u00e8s-midi. L\u2019occasion de mettre en avant l\u2019importance de l\u2019accessibilit\u00e9 aux bornes \u00e9lectriques, mais aussi de faire le point sur ce qui a d\u00e9j\u00e0 \u00e9t\u00e9 accompli. La France est d\u00e9sormais sur le podium des pays europ\u00e9ens les mieux \u00e9quip\u00e9s, derri\u00e8re l\u2019Allemagne et les Pays-Bas. Elle compte d\u00e9sormais pr\u00e8s 2,5 millions de points de recharge, dont plus de 168.000 sont ouverts\u2026<\/p>\n<p class=\"fig-premium-paywall__infos\">\n        Cet article est r\u00e9serv\u00e9 aux abonn\u00e9s.        Il vous reste 82% \u00e0 d\u00e9couvrir.\n    <\/p>\n<p>                <img  data- alt=\"Le Figaro\" class=\"fig-img--complete fig-img\"\/><\/p>\n<p class=\"fig-premium-paywall__title\">Vente Flash<\/p>\n<p class=\"fig-premium-paywall__subtitle\">4,99\u20ac par mois pendant 12 mois. Sans engagement.<\/p>\n<p class=\"fig-premium-paywall__connect\">\n                D\u00e9j\u00e0 abonn\u00e9\u00a0?                <a class=\"fig-premium-paywall__connect-link\" href=\"https:\/\/connect.lefigaro.fr\/login?client=horizon_web&amp;type=main&amp;redirect_uri=https%3A%2F%2Fwww.lefigaro.fr%2Fflash-eco%2Fvoitures-electriques-le-plan-du-gouvernement-pour-multiplier-les-bornes-de-recharge-et-simplifier-leur-utilisation-20250516\" data-js-gtm=\"{&quot;customCategorie&quot;: &quot;conversion&quot;, &quot;customAction&quot;: &quot;before_Landing_Connexion_paywall_auto&quot;, &quot;customLabel&quot;: &quot;bGVmaWdhcm8uZnJfXzFmMDMyNDM4LTIxMzUtNmMxYS1hYzQ5LTgxMzMyMDlhZGE1ZF9fTmV3c0ZsYXNo_Voitures \u00e9lectriques: le plan du gouvernement pour multiplier les bornes de recharge et simplifier leur utilisation_600&quot;, &quot;customIDSPE&quot;: &quot;bGVmaWdhcm8uZnJfXzFmMDMyNDM4LTIxMzUtNmMxYS1hYzQ5LTgxMzMyMDlhZGE1ZF9fTmV3c0ZsYXNo&quot;, &quot;event&quot;: &quot;customEventSPE&quot;}\" rel=\"nofollow noopener\" target=\"_blank\"><br \/>\n                    Connectez-vous<br \/>\n                <\/a>\n            <\/p>\n","protected":false},"excerpt":{"rendered":"Afin de s\u00e9duire davantage d\u2019automobilistes, la facilit\u00e9 de recharge des batteries et la simplicit\u00e9 de programmation des d\u00e9placements&hellip;\n","protected":false},"author":2,"featured_media":104780,"comment_status":"","ping_status":"","sticky":false,"template":"","format":"standard","meta":{"footnotes":""},"categories":[6],"tags":[1111,47,11,1117,1109,35,1112,636,33,34,1647,341,257,6310,632,1108,107,1106,1107,1119,1011,27,1116,1110,1114,500,12,1113,1118,137,401,1115,321],"class_list":{"0":"post-104779","1":"post","2":"type-post","3":"status-publish","4":"format-standard","5":"has-post-thumbnail","7":"category-economie","8":"tag-actu","9":"tag-actualite","10":"tag-actualites","11":"tag-assurance","12":"tag-breves","13":"tag-business","14":"tag-depeches","15":"tag-devises","16":"tag-economie","17":"tag-economy","18":"tag-edf","19":"tag-emploi","20":"tag-entreprise","21":"tag-eric-lombard","22":"tag-fcp","23":"tag-fil","24":"tag-fil-info","25":"tag-flash","26":"tag-flash-actu","27":"tag-formation","28":"tag-fr","29":"tag-france","30":"tag-immobilier","31":"tag-informations","32":"tag-infos","33":"tag-medias","34":"tag-news","35":"tag-nouvelles","36":"tag-placement","37":"tag-retraite","38":"tag-sicav","39":"tag-taux","40":"tag-voiture-electrique"},"share_on_mastodon":{"url":"https:\/\/pubeurope.com\/@fr\/114518336738876013","error":""},"_links":{"self":[{"href":"https:\/\/www.europesays.com\/fr\/wp-json\/wp\/v2\/posts\/104779","targetHints":{"allow":["GET"]}}],"collection":[{"href":"https:\/\/www.europesays.com\/fr\/wp-json\/wp\/v2\/posts"}],"about":[{"href":"https:\/\/www.europesays.com\/fr\/wp-json\/wp\/v2\/types\/post"}],"author":[{"embeddable":true,"href":"https:\/\/www.europesays.com\/fr\/wp-json\/wp\/v2\/users\/2"}],"replies":[{"embeddable":true,"href":"https:\/\/www.europesays.com\/fr\/wp-json\/wp\/v2\/comments?post=104779"}],"version-history":[{"count":0,"href":"https:\/\/www.europesays.com\/fr\/wp-json\/wp\/v2\/posts\/104779\/revisions"}],"wp:featuredmedia":[{"embeddable":true,"href":"https:\/\/www.europesays.com\/fr\/wp-json\/wp\/v2\/media\/104780"}],"wp:attachment":[{"href":"https:\/\/www.europesays.com\/fr\/wp-json\/wp\/v2\/media?parent=104779"}],"wp:term":[{"taxonomy":"category","embeddable":true,"href":"https:\/\/www.europesays.com\/fr\/wp-json\/wp\/v2\/categories?post=104779"},{"taxonomy":"post_tag","embeddable":true,"href":"https:\/\/www.europesays.com\/fr\/wp-json\/wp\/v2\/tags?post=104779"}],"curies":[{"name":"wp","href":"https:\/\/api.w.org\/{rel}","templated":true}]}}