{"id":1047851,"date":"2026-07-06T21:46:12","date_gmt":"2026-07-06T21:46:12","guid":{"rendered":"https:\/\/www.europesays.com\/fr\/1047851\/"},"modified":"2026-07-06T21:46:12","modified_gmt":"2026-07-06T21:46:12","slug":"audrey-fleurot-49-ans-confrontee-a-des-abus-de-pouvoir-ses-aveux-sans-concession-sur-la-profession","status":"publish","type":"post","link":"https:\/\/www.europesays.com\/fr\/1047851\/","title":{"rendered":"Audrey Fleurot, 49 ans, \u00ab\u00a0confront\u00e9e \u00e0 des abus de pouvoir\u00a0\u00bb : ses aveux sans concession sur la profession"},"content":{"rendered":"<p>Audrey Fleurot n&rsquo;a jamais aim\u00e9 rester enferm\u00e9e dans une seule<br \/>\ncase. Apr\u00e8s <a href=\"https:\/\/www.melty.fr\/series\/hpi-y-aura-t-il-une-saison-6-sur-tf1-2260007.html\" rel=\"nofollow noopener\" target=\"_blank\"><br \/>\nle succ\u00e8s ph\u00e9nom\u00e9nal de HPI<\/a>, qui l&rsquo;a propuls\u00e9e au rang<br \/>\nde star incontournable de la fiction fran\u00e7aise, la com\u00e9dienne prend<br \/>\nun virage assum\u00e9. Exit les tenues extravagantes de Morgane Alvaro,<br \/>\nplace \u00e0 une nouvelle aventure avec Les Parfait(s) : arnaques en<br \/>\nfamille, o\u00f9 elle partage l&rsquo;affiche avec Ramzy Bedia.<br \/>\nL&rsquo;occasion pour l&rsquo;actrice qui souffle <strong>sa 49 \u00e8me<br \/>\nbougie<\/strong> ce lundi 6 juillet, de se confier sans d\u00e9tour sur<br \/>\nsa profession.<\/p>\n<p>Audrey Fleurot ouvre un nouveau chapitre apr\u00e8s \u00ab\u00a0HPI\u00a0\u00bb<\/p>\n<p>Interrog\u00e9e par Gala dans un entretien publi\u00e9 le 3<br \/>\njuillet 2026, l&rsquo;actrice confie \u00e0 quel point la com\u00e9die demeure son<br \/>\nterrain de jeu favori. \u00ab\u00a0M\u00eame si je suis tr\u00e8s contente de jouer<br \/>\ndans des drames, <strong>la com\u00e9die reste mon genre de<br \/>\npr\u00e9dilection<\/strong>\u00ab\u00a0, explique-t-elle. Un registre qu&rsquo;elle<br \/>\naffectionne particuli\u00e8rement lorsqu&rsquo;il est jou\u00e9 \u00ab\u00a0avec sinc\u00e9rit\u00e9\u00a0\u00bb,<br \/>\nconvaincue que c&rsquo;est souvent l\u00e0 que naissent les moments les plus<br \/>\nsurprenants.<\/p>\n<p>Cette libert\u00e9, Audrey Fleurot l&rsquo;assume pleinement sur les<br \/>\nplateaux. Cette derni\u00e8re raconte ne jamais h\u00e9siter \u00e0 tenter des<br \/>\npropositions, <strong>quitte \u00e0 se tromper.<\/strong> Pour elle, le<br \/>\nr\u00f4le du r\u00e9alisateur est justement d&rsquo;accompagner les acteurs afin de<br \/>\ntrouver le ton juste. Une mani\u00e8re de travailler qu&rsquo;elle a largement<br \/>\nd\u00e9velopp\u00e9e gr\u00e2ce \u00e0 HPI.<\/p>\n<p>Une actrice plus libre et plus l\u00e9gitime qu&rsquo;\u00e0 ses d\u00e9buts ?<\/p>\n<p>Le personnage de Morgane Alvaro a profond\u00e9ment chang\u00e9 sa fa\u00e7on<br \/>\nd&rsquo;aborder son m\u00e9tier. Dans les colonnes de Gala, Audrey<br \/>\nFleurot reconna\u00eet que cette h\u00e9ro\u00efne lui a permis de gagner une<br \/>\nconfiance qu&rsquo;elle ne poss\u00e9dait pas forc\u00e9ment auparavant. Gr\u00e2ce aux<br \/>\nnombreuses improvisations r\u00e9alis\u00e9es sur la s\u00e9rie, elle estime<br \/>\naujourd&rsquo;hui mieux conna\u00eetre ses propres capacit\u00e9s. \u00ab\u00a0<strong>Je<br \/>\nme sens plus l\u00e9gitime<\/strong>\u00ab\u00a0, r\u00e9sume-t-elle simplement.<br \/>\nCette assurance se retrouve aussi dans ses nouveaux projets.<\/p>\n<p>D\u00e9sormais productrice, la com\u00e9dienne ne souhaite plus attendre<br \/>\nque les propositions tombent. La jolie rousse pr\u00e9f\u00e8re initier ses<br \/>\npropres histoires, suivre leur d\u00e9veloppement et participer \u00e0 toutes<br \/>\nles \u00e9tapes de leur cr\u00e9ation. Une \u00e9volution logique pour celle qui<br \/>\nexplique avoir longtemps souffert de d\u00e9pendre du regard et des<br \/>\nd\u00e9cisions des autres. \u00c0 49 ans, Audrey Fleurot porte \u00e9galement<br \/>\n<strong>un regard beaucoup plus apais\u00e9 sur elle-m\u00eame<\/strong>.<br \/>\nL&rsquo;interpr\u00e8te d&rsquo;Engrenages reconna\u00eet avoir perdu beaucoup<br \/>\nde temps \u00e0 manquer de confiance en elle avant d&rsquo;apprendre<br \/>\nprogressivement \u00e0 s&rsquo;accepter. Aujourd&rsquo;hui, cette derni\u00e8re affirme<br \/>\nse sentir <a href=\"https:\/\/www.melty.fr\/people\/audrey-fleurot-transparente-sur-son-adolescence-jetais-rousse-jetais-grosse-et-javais-des-bagues-2262332.html\" rel=\"nofollow noopener\" target=\"_blank\"><br \/>\nbien plus \u00e9panouie qu&rsquo;\u00e0 25 ans<\/a>.<\/p>\n<p>\u00ab\u00a0Des abus de pouvoir\u00a0\u00bb : Audrey Fleurot<br \/>\nraconte les d\u00e9rives du m\u00e9tier<\/p>\n<p>Si Audrey Fleurot \u00e9voque volontiers les joies de son m\u00e9tier,<br \/>\nelle ne passe pas sous silence les difficult\u00e9s auxquelles elle a<br \/>\n\u00e9t\u00e9 confront\u00e9e au fil de sa carri\u00e8re. Dans un entretien accord\u00e9 \u00e0<br \/>\nParis Match en f\u00e9vrier dernier, la com\u00e9dienne est revenue<br \/>\nsur plusieurs exp\u00e9riences qui l&rsquo;ont profond\u00e9ment marqu\u00e9e. Soutenant<br \/>\npleinement <strong>le mouvement \u00ab\u00a0MeToo\u00a0\u00bb<\/strong>, elle explique ne<br \/>\npas avoir subi d&rsquo;agression sexuelle dans son m\u00e9tier, tout en<br \/>\nr\u00e9v\u00e9lant avoir \u00e9t\u00e9 confront\u00e9e, comme beaucoup d&rsquo;autres femmes, \u00e0<br \/>\ndes abus de pouvoir et \u00e0 des remises en question de son<br \/>\nprofessionnalisme.<\/p>\n<p>L&rsquo;actrice raconte notamment un tournage o\u00f9 un r\u00e9alisateur ne lui<br \/>\navait pas pr\u00e9cis\u00e9 qu&rsquo;une sc\u00e8ne impliquait de la nudit\u00e9. Ce n&rsquo;est<br \/>\nqu&rsquo;au dernier moment qu&rsquo;elle d\u00e9couvre qu&rsquo;il s&rsquo;agit d&rsquo;une sc\u00e8ne de<br \/>\nsexe. Face \u00e0 ses h\u00e9sitations, il lui aurait lanc\u00e9 : \u00ab\u00a0T&rsquo;es<br \/>\ncom\u00e9dienne ou t&rsquo;es pas com\u00e9dienne ?\u00a0\u00bb Une situation d&rsquo;autant<br \/>\nplus inconfortable que, selon elle, m\u00eame les costumi\u00e8res n&rsquo;avaient<br \/>\npas \u00e9t\u00e9 inform\u00e9es et n&rsquo;avaient pr\u00e9vu aucun dispositif pour<br \/>\npr\u00e9server son intimit\u00e9. Audrey Fleurot d\u00e9crit ce moment comme un<br \/>\nv\u00e9ritable rapport de force. \u00ab\u00a0<strong>J&rsquo;\u00e9tais au pied du mur,<br \/>\nsans personne pour me venir en aide<\/strong>\u00ab\u00a0, confie-t-elle.<br \/>\nAvec le recul, elle affirme s&rsquo;\u00eatre promis de ne plus jamais<br \/>\naccepter une telle situation.<\/p>\n","protected":false},"excerpt":{"rendered":"Audrey Fleurot n&rsquo;a jamais aim\u00e9 rester enferm\u00e9e dans une seule case. Apr\u00e8s le succ\u00e8s ph\u00e9nom\u00e9nal de HPI, qui&hellip;\n","protected":false},"author":2,"featured_media":1047852,"comment_status":"","ping_status":"","sticky":false,"template":"","format":"standard","meta":{"footnotes":"","_share_on_mastodon":"0"},"categories":[1359],"tags":[21259,58,59,1011,27,973,65861],"class_list":["post-1047851","post","type-post","status-publish","format-standard","has-post-thumbnail","category-people","tag-audrey-fleurot","tag-divertissement","tag-entertainment","tag-fr","tag-france","tag-people","tag-trend"],"share_on_mastodon":{"url":"https:\/\/pubeurope.com\/@fr\/116875230365029443","error":""},"_links":{"self":[{"href":"https:\/\/www.europesays.com\/fr\/wp-json\/wp\/v2\/posts\/1047851","targetHints":{"allow":["GET"]}}],"collection":[{"href":"https:\/\/www.europesays.com\/fr\/wp-json\/wp\/v2\/posts"}],"about":[{"href":"https:\/\/www.europesays.com\/fr\/wp-json\/wp\/v2\/types\/post"}],"author":[{"embeddable":true,"href":"https:\/\/www.europesays.com\/fr\/wp-json\/wp\/v2\/users\/2"}],"replies":[{"embeddable":true,"href":"https:\/\/www.europesays.com\/fr\/wp-json\/wp\/v2\/comments?post=1047851"}],"version-history":[{"count":0,"href":"https:\/\/www.europesays.com\/fr\/wp-json\/wp\/v2\/posts\/1047851\/revisions"}],"wp:featuredmedia":[{"embeddable":true,"href":"https:\/\/www.europesays.com\/fr\/wp-json\/wp\/v2\/media\/1047852"}],"wp:attachment":[{"href":"https:\/\/www.europesays.com\/fr\/wp-json\/wp\/v2\/media?parent=1047851"}],"wp:term":[{"taxonomy":"category","embeddable":true,"href":"https:\/\/www.europesays.com\/fr\/wp-json\/wp\/v2\/categories?post=1047851"},{"taxonomy":"post_tag","embeddable":true,"href":"https:\/\/www.europesays.com\/fr\/wp-json\/wp\/v2\/tags?post=1047851"}],"curies":[{"name":"wp","href":"https:\/\/api.w.org\/{rel}","templated":true}]}}