{"id":104787,"date":"2025-05-16T16:01:09","date_gmt":"2025-05-16T16:01:09","guid":{"rendered":"https:\/\/www.europesays.com\/fr\/104787\/"},"modified":"2025-05-16T16:01:09","modified_gmt":"2025-05-16T16:01:09","slug":"maitre-rossard-prendra-la-suite-de-maitre-paquet-cauet-a-la-tete-du-barreau","status":"publish","type":"post","link":"https:\/\/www.europesays.com\/fr\/104787\/","title":{"rendered":"Ma\u00eetre Rossard prendra la suite de Ma\u00eetre Paquet-Cauet \u00e0 la t\u00eate du barreau"},"content":{"rendered":"<p>Il finira son mandat en fin de l\u2019ann\u00e9e mais on conna\u00eet d\u2019ores et d\u00e9j\u00e0 le nom de son rempla\u00e7ant. Ou plut\u00f4t de sa rempla\u00e7ante, puisque c\u2019est une femme qui prendra la t\u00eate du barreau de Saint-Etienne\u00a0: M e Val\u00e9rie Rossard <a href=\"https:\/\/www.leprogres.fr\/faits-divers-justice\/2024\/01\/08\/l-interet-de-l-avocat-c-est-aussi-celui-du-justiciable\" target=\"_blank\" rel=\"nofollow noopener\">succ\u00e9dera \u00e0 M e Fran\u00e7ois Paquet-Cauet<\/a>. Et on ne dira plus \u00ab\u00a0Mr le b\u00e2tonnier\u00a0\u00bb mais \u00ab\u00a0Mme la b\u00e2tonni\u00e8re\u00a0\u00bb.<\/p>\n<p>Les avocats ont proc\u00e9d\u00e9 \u00e0 l\u2019\u00e9lection cette semaine. \u00ab\u00a0Une excellente participation a montr\u00e9 le dynamisme de la vie ordinale du barreau de Saint-Etienne\u00a0\u00bb souligne M e Paquet-Cauet dans un communiqu\u00e9. Le vice-b\u00e2tonnier a aussi \u00e9t\u00e9 \u00e9lu\u00a0: il s\u2019agit de M e Franck-Olivier Lachaud.<\/p>\n<p>  \u00ab\u00a0Pr\u00e9server l\u2019int\u00e9r\u00eat des justiciables\u00a0\u00bb<\/p>\n<p>M e Rossard est avocate depuis 2003. Elle \u00e9tait inscrite au barreau de Montbrison jusqu\u2019\u00e0 sa fusion avec le barreau de Saint-Etienne, en 2010. \u00ab\u00a0J\u2019ai toujours \u00e9t\u00e9 membre du conseil de l\u2019ordre, que ce soit \u00e0 Montbrison ou Saint-Etienne\u00a0\u00bb pr\u00e9cise-t-elle. Elle conna\u00eet donc bien les rouages de la maison.<\/p>\n<p>La future b\u00e2tonni\u00e8re s\u2019est d\u2019ores et d\u00e9j\u00e0 fix\u00e9e pour t\u00e2che de \u00ab\u00a0pr\u00e9server l\u2019int\u00e9r\u00eat des justiciables\u00a0\u00bb, \u00e0 une \u00e9poque o\u00f9 les diff\u00e9rentes r\u00e9formes de la justice \u00ab\u00a0leur consacrent de moins en moins de temps\u00a0\u00bb.<\/p>\n","protected":false},"excerpt":{"rendered":"Il finira son mandat en fin de l\u2019ann\u00e9e mais on conna\u00eet d\u2019ores et d\u00e9j\u00e0 le nom de son&hellip;\n","protected":false},"author":2,"featured_media":104788,"comment_status":"","ping_status":"","sticky":false,"template":"","format":"standard","meta":{"footnotes":""},"categories":[9653],"tags":[1111,11,2430,7539,1777,674,274,1011,27,3367,12,25,4001,7538],"class_list":{"0":"post-104787","1":"post","2":"type-post","3":"status-publish","4":"format-standard","5":"has-post-thumbnail","7":"category-saint-etienne","8":"tag-actu","9":"tag-actualites","10":"tag-auvergne-rhone-alpes","11":"tag-edition-loire-sud","12":"tag-eu","13":"tag-europe","14":"tag-faits-divers-justice","15":"tag-fr","16":"tag-france","17":"tag-loire","18":"tag-news","19":"tag-republique-francaise","20":"tag-saint-etienne","21":"tag-saint-etienne-ville"},"share_on_mastodon":{"url":"https:\/\/pubeurope.com\/@fr\/114518352475183249","error":""},"_links":{"self":[{"href":"https:\/\/www.europesays.com\/fr\/wp-json\/wp\/v2\/posts\/104787","targetHints":{"allow":["GET"]}}],"collection":[{"href":"https:\/\/www.europesays.com\/fr\/wp-json\/wp\/v2\/posts"}],"about":[{"href":"https:\/\/www.europesays.com\/fr\/wp-json\/wp\/v2\/types\/post"}],"author":[{"embeddable":true,"href":"https:\/\/www.europesays.com\/fr\/wp-json\/wp\/v2\/users\/2"}],"replies":[{"embeddable":true,"href":"https:\/\/www.europesays.com\/fr\/wp-json\/wp\/v2\/comments?post=104787"}],"version-history":[{"count":0,"href":"https:\/\/www.europesays.com\/fr\/wp-json\/wp\/v2\/posts\/104787\/revisions"}],"wp:featuredmedia":[{"embeddable":true,"href":"https:\/\/www.europesays.com\/fr\/wp-json\/wp\/v2\/media\/104788"}],"wp:attachment":[{"href":"https:\/\/www.europesays.com\/fr\/wp-json\/wp\/v2\/media?parent=104787"}],"wp:term":[{"taxonomy":"category","embeddable":true,"href":"https:\/\/www.europesays.com\/fr\/wp-json\/wp\/v2\/categories?post=104787"},{"taxonomy":"post_tag","embeddable":true,"href":"https:\/\/www.europesays.com\/fr\/wp-json\/wp\/v2\/tags?post=104787"}],"curies":[{"name":"wp","href":"https:\/\/api.w.org\/{rel}","templated":true}]}}