{"id":10479,"date":"2025-04-08T15:01:13","date_gmt":"2025-04-08T15:01:13","guid":{"rendered":"https:\/\/www.europesays.com\/fr\/10479\/"},"modified":"2025-04-08T15:01:13","modified_gmt":"2025-04-08T15:01:13","slug":"meteo-un-beau-mardi-de-printemps-sannonce-a-toulouse-et-en-occitanie","status":"publish","type":"post","link":"https:\/\/www.europesays.com\/fr\/10479\/","title":{"rendered":"M\u00e9t\u00e9o. Un beau mardi de printemps s&rsquo;annonce \u00e0 Toulouse et en Occitanie"},"content":{"rendered":"<p>            Par<br \/>\n        <strong><br \/>\n            <a href=\"https:\/\/actu.fr\/auteur\/lucie-2\" title=\"Consulter tous les articles de Lucie Fraisse\" rel=\"nofollow noopener\" target=\"_blank\">Lucie Fraisse<\/a><br \/>\n        <\/strong><\/p>\n<p>        Publi\u00e9 le<\/p>\n<p>            8 avr. 2025 \u00e0 5h04        <\/p>\n<p>Grand soleil sur <a href=\"https:\/\/actu.fr\/toulouse\/\" rel=\"nofollow noopener\" target=\"_blank\">Toulouse<\/a> et <strong>l\u2019Occitanie<\/strong> ce mardi 8 avril 2024. C\u2019est une belle journ\u00e9e de printemps qui s\u2019annonce, on fait le point sur les pr\u00e9visions de <strong>M\u00e9t\u00e9o France<\/strong>.<\/p>\n<p>Soleil qui brille sans partage<\/p>\n<p class=\" wall-content\">\u00c0 Toulouse, le soleil brille sans partage d\u00e8s le d\u00e9but de journ\u00e9e. Il fera 9\u00b0C vers 8 heures, avec <strong>un vent faible de direction variable<\/strong>.<\/p>\n<p class=\" wall-content\">L\u2019apr\u00e8s-midi, soleil et ciel bleu pr\u00e9dominent, il fera 22 degr\u00e9s vers 14 heures.<\/p>\n<p class=\" wall-content\">L\u2019ensemble de l\u2019Occitanie se r\u00e9veille sous un ciel absolument d\u00e9gag\u00e9, juste troubl\u00e9 par quelques nuages dans le Gard et une partie de l\u2019H\u00e9rault.<\/p>\n<p>L\u2019Occitanie sous le soleil\u00a0<\/p>\n<p class=\" wall-content\">L\u2019apr\u00e8s-midi s\u2019annonce aussi tr\u00e8s beau, avec des temp\u00e9ratures qui d\u00e9passent les 20\u00b0C partout ou presque. C\u2019est sur le littoral qu\u2019elles seront les plus fra\u00eeches, avec par exemple 18\u00b0C annonc\u00e9s \u00e0 Montpellier, ou 19\u00b0C \u00e0 Perpignan.\u00a0<\/p>\n<p>      <img   decoding=\"async\" loading=\"lazy\" src=\"https:\/\/www.europesays.com\/fr\/wp-content\/uploads\/2025\/04\/meteo-mardi8-960x640.jpg\" alt=\"Les pr\u00e9visions de M\u00e9t\u00e9o France en Occitanie pour mardi 8 avril 2025, apr\u00e8s-midi.\" width=\"960\" height=\"640\"\/><br \/>\n    Les pr\u00e9visions de M\u00e9t\u00e9o France en Occitanie pour mardi 8 avril 2025, apr\u00e8s-midi. (\u00a9M\u00e9t\u00e9o France)<\/p>\n<p class=\" wall-content\">A Cahors, Auch ou Tarbes, M\u00e9t\u00e9o France annonce 23\u00b0C.<\/p>\n<p>Vid\u00e9os : en ce moment sur Actu<\/p>\n<p class=\" wall-content\">Suivez toute l\u2019actualit\u00e9 de vos villes et m\u00e9dias favoris en vous inscrivant \u00e0 <a href=\"https:\/\/moncompte.actu.fr\" title=\"D\u00e9couvez Mon Actu\" rel=\"nofollow noopener\" data-trk=\"{&quot;cta&quot;:{&quot;action&quot;:&quot;https:\\\/\\\/moncompte.actu.fr&quot;,&quot;category&quot;:&quot;mon compte&quot;,&quot;from&quot;:&quot;article footer&quot;,&quot;name&quot;:&quot;Mon actu&quot;,&quot;type&quot;:&quot;cta&quot;}}\" target=\"_blank\">Mon Actu<\/a>.<\/p>\n","protected":false},"excerpt":{"rendered":"Par Lucie Fraisse Publi\u00e9 le 8 avr. 2025 \u00e0 5h04 Grand soleil sur Toulouse et l\u2019Occitanie ce mardi&hellip;\n","protected":false},"author":2,"featured_media":10480,"comment_status":"","ping_status":"","sticky":false,"template":"","format":"standard","meta":{"footnotes":""},"categories":[2816],"tags":[1111,11,1777,674,1011,27,2487,2357,12,2680,25,2312],"class_list":{"0":"post-10479","1":"post","2":"type-post","3":"status-publish","4":"format-standard","5":"has-post-thumbnail","7":"category-toulouse","8":"tag-actu","9":"tag-actualites","10":"tag-eu","11":"tag-europe","12":"tag-fr","13":"tag-france","14":"tag-meteo","15":"tag-meteo-france","16":"tag-news","17":"tag-occitanie","18":"tag-republique-francaise","19":"tag-toulouse"},"share_on_mastodon":{"url":"https:\/\/pubeurope.com\/@fr\/114302948689542087","error":""},"_links":{"self":[{"href":"https:\/\/www.europesays.com\/fr\/wp-json\/wp\/v2\/posts\/10479","targetHints":{"allow":["GET"]}}],"collection":[{"href":"https:\/\/www.europesays.com\/fr\/wp-json\/wp\/v2\/posts"}],"about":[{"href":"https:\/\/www.europesays.com\/fr\/wp-json\/wp\/v2\/types\/post"}],"author":[{"embeddable":true,"href":"https:\/\/www.europesays.com\/fr\/wp-json\/wp\/v2\/users\/2"}],"replies":[{"embeddable":true,"href":"https:\/\/www.europesays.com\/fr\/wp-json\/wp\/v2\/comments?post=10479"}],"version-history":[{"count":0,"href":"https:\/\/www.europesays.com\/fr\/wp-json\/wp\/v2\/posts\/10479\/revisions"}],"wp:featuredmedia":[{"embeddable":true,"href":"https:\/\/www.europesays.com\/fr\/wp-json\/wp\/v2\/media\/10480"}],"wp:attachment":[{"href":"https:\/\/www.europesays.com\/fr\/wp-json\/wp\/v2\/media?parent=10479"}],"wp:term":[{"taxonomy":"category","embeddable":true,"href":"https:\/\/www.europesays.com\/fr\/wp-json\/wp\/v2\/categories?post=10479"},{"taxonomy":"post_tag","embeddable":true,"href":"https:\/\/www.europesays.com\/fr\/wp-json\/wp\/v2\/tags?post=10479"}],"curies":[{"name":"wp","href":"https:\/\/api.w.org\/{rel}","templated":true}]}}