{"id":104791,"date":"2025-05-16T16:03:15","date_gmt":"2025-05-16T16:03:15","guid":{"rendered":"https:\/\/www.europesays.com\/fr\/104791\/"},"modified":"2025-05-16T16:03:15","modified_gmt":"2025-05-16T16:03:15","slug":"malzeville-les-jardins-ouvriers-envisagent-un-concours-cette-annee","status":"publish","type":"post","link":"https:\/\/www.europesays.com\/fr\/104791\/","title":{"rendered":"Malz\u00e9ville. Les jardins ouvriers envisagent un concours cette ann\u00e9e"},"content":{"rendered":"<p>L\u2019abb\u00e9 Lemire, pr\u00eatre social et d\u00e9put\u00e9 du Nord, fonde \u00e0 la toute fin du XIXe\u00a0si\u00e8cle la \u00ab\u00a0Ligue du coin de terre et du foyer\u00a0\u00bb pour encourager la cr\u00e9ation de jardins ouvriers\u2026 \u00ab\u00a0Un loisir au grand air qui apporte un compl\u00e9ment alimentaire.\u00a0\u00bb C\u2019est le succ\u00e8s. Dans toute la France, des personnalit\u00e9s locales cr\u00e9ent des jardins ouvriers. Un mouvement s\u2019organise au niveau national.<\/p>\n<p>La Ligue devient en 1921 la F\u00e9d\u00e9ration des jardins ouvriers de France. En 1992, la population changeant avec&#8230;<\/p>\n","protected":false},"excerpt":{"rendered":"L\u2019abb\u00e9 Lemire, pr\u00eatre social et d\u00e9put\u00e9 du Nord, fonde \u00e0 la toute fin du XIXe\u00a0si\u00e8cle la \u00ab\u00a0Ligue du&hellip;\n","protected":false},"author":2,"featured_media":104792,"comment_status":"","ping_status":"","sticky":false,"template":"","format":"standard","meta":{"footnotes":""},"categories":[9635],"tags":[1111,11,1704,1777,674,1011,27,775,11259,11260,1702,12,25,104,1631],"class_list":{"0":"post-104791","1":"post","2":"type-post","3":"status-publish","4":"format-standard","5":"has-post-thumbnail","7":"category-nancy","8":"tag-actu","9":"tag-actualites","10":"tag-edition-nancy-et-agglomeration","11":"tag-eu","12":"tag-europe","13":"tag-fr","14":"tag-france","15":"tag-grand-est","16":"tag-malzeville","17":"tag-metropole-du-grand-nancy-54b4","18":"tag-nancy","19":"tag-news","20":"tag-republique-francaise","21":"tag-societe","22":"tag-vie-associative"},"share_on_mastodon":{"url":"https:\/\/pubeurope.com\/@fr\/114518360345484414","error":""},"_links":{"self":[{"href":"https:\/\/www.europesays.com\/fr\/wp-json\/wp\/v2\/posts\/104791","targetHints":{"allow":["GET"]}}],"collection":[{"href":"https:\/\/www.europesays.com\/fr\/wp-json\/wp\/v2\/posts"}],"about":[{"href":"https:\/\/www.europesays.com\/fr\/wp-json\/wp\/v2\/types\/post"}],"author":[{"embeddable":true,"href":"https:\/\/www.europesays.com\/fr\/wp-json\/wp\/v2\/users\/2"}],"replies":[{"embeddable":true,"href":"https:\/\/www.europesays.com\/fr\/wp-json\/wp\/v2\/comments?post=104791"}],"version-history":[{"count":0,"href":"https:\/\/www.europesays.com\/fr\/wp-json\/wp\/v2\/posts\/104791\/revisions"}],"wp:featuredmedia":[{"embeddable":true,"href":"https:\/\/www.europesays.com\/fr\/wp-json\/wp\/v2\/media\/104792"}],"wp:attachment":[{"href":"https:\/\/www.europesays.com\/fr\/wp-json\/wp\/v2\/media?parent=104791"}],"wp:term":[{"taxonomy":"category","embeddable":true,"href":"https:\/\/www.europesays.com\/fr\/wp-json\/wp\/v2\/categories?post=104791"},{"taxonomy":"post_tag","embeddable":true,"href":"https:\/\/www.europesays.com\/fr\/wp-json\/wp\/v2\/tags?post=104791"}],"curies":[{"name":"wp","href":"https:\/\/api.w.org\/{rel}","templated":true}]}}