{"id":1047939,"date":"2026-07-06T22:40:14","date_gmt":"2026-07-06T22:40:14","guid":{"rendered":"https:\/\/www.europesays.com\/fr\/1047939\/"},"modified":"2026-07-06T22:40:14","modified_gmt":"2026-07-06T22:40:14","slug":"un-groupe-de-soutien-pour-les-familles-des-volontaires-disparus-en-ukraine","status":"publish","type":"post","link":"https:\/\/www.europesays.com\/fr\/1047939\/","title":{"rendered":"Un groupe de soutien pour les familles des volontaires disparus en Ukraine"},"content":{"rendered":"<p>OTTAWA \u2014 Un p\u00e8re en deuil du Nouveau-Brunswick a cr\u00e9\u00e9 une association destin\u00e9e \u00e0 venir en aide aux familles des volontaires qui ont disparu, sont d\u00e9c\u00e9d\u00e9s ou ont \u00e9t\u00e9 captur\u00e9s alors qu\u2019ils combattaient au sein de la L\u00e9gion \u00e9trang\u00e8re ukrainienne.<\/p>\n<p>Marc Mazerolle explique que son fils Patrick a \u00e9t\u00e9 tu\u00e9 au combat en tant que volontaire militaire en Ukraine en septembre dernier, et qu\u2019il a eu beaucoup de mal \u00e0 obtenir des informations ou \u00e0 faire avancer les d\u00e9marches pour rapatrier la d\u00e9pouille de son fils au Canada.<\/p>\n<p>M.\u00a0Mazerolle affirme que des familles du monde entier ont du mal \u00e0 s\u2019y retrouver dans les syst\u00e8mes complexes en place en Ukraine pour obtenir des informations sur leurs proches ou pour confirmer un d\u00e9c\u00e8s en fournissant un \u00e9chantillon d\u2019ADN.<\/p>\n<p>Il est en contact avec une vingtaine de familles, parmi lesquelles quatre au Canada, dont des proches ont \u00e9t\u00e9 d\u00e9clar\u00e9s port\u00e9s disparus au combat ou faits prisonniers par la Russie.<\/p>\n<p>Son groupe, la Ligue internationale des familles des prisonniers de guerre et des disparus au combat en Ukraine, pourrait, selon lui, venir en aide \u00e0 des milliers de personnes de diff\u00e9rents pays.<\/p>\n<p>M.\u00a0Mazerolle souhaite que des pays comme le Canada apportent un soutien financier et leur expertise \u00e0 l\u2019Ukraine, afin qu\u2019elle puisse venir en aide aux familles des volontaires \u00e9trangers tout en se concentrant sur la lutte contre l\u2019invasion russe.<\/p>\n","protected":false},"excerpt":{"rendered":"OTTAWA \u2014 Un p\u00e8re en deuil du Nouveau-Brunswick a cr\u00e9\u00e9 une association destin\u00e9e \u00e0 venir en aide aux&hellip;\n","protected":false},"author":2,"featured_media":1047940,"comment_status":"","ping_status":"","sticky":false,"template":"","format":"standard","meta":{"footnotes":"","_share_on_mastodon":"0"},"categories":[1590],"tags":[11,1777,674,15225,12,220],"class_list":["post-1047939","post","type-post","status-publish","format-standard","has-post-thumbnail","category-ukraine","tag-actualites","tag-eu","tag-europe","tag-https-lactualite-com-sujet-social","tag-news","tag-ukraine"],"share_on_mastodon":{"url":"https:\/\/pubeurope.com\/@fr\/116875442739672880","error":""},"_links":{"self":[{"href":"https:\/\/www.europesays.com\/fr\/wp-json\/wp\/v2\/posts\/1047939","targetHints":{"allow":["GET"]}}],"collection":[{"href":"https:\/\/www.europesays.com\/fr\/wp-json\/wp\/v2\/posts"}],"about":[{"href":"https:\/\/www.europesays.com\/fr\/wp-json\/wp\/v2\/types\/post"}],"author":[{"embeddable":true,"href":"https:\/\/www.europesays.com\/fr\/wp-json\/wp\/v2\/users\/2"}],"replies":[{"embeddable":true,"href":"https:\/\/www.europesays.com\/fr\/wp-json\/wp\/v2\/comments?post=1047939"}],"version-history":[{"count":0,"href":"https:\/\/www.europesays.com\/fr\/wp-json\/wp\/v2\/posts\/1047939\/revisions"}],"wp:featuredmedia":[{"embeddable":true,"href":"https:\/\/www.europesays.com\/fr\/wp-json\/wp\/v2\/media\/1047940"}],"wp:attachment":[{"href":"https:\/\/www.europesays.com\/fr\/wp-json\/wp\/v2\/media?parent=1047939"}],"wp:term":[{"taxonomy":"category","embeddable":true,"href":"https:\/\/www.europesays.com\/fr\/wp-json\/wp\/v2\/categories?post=1047939"},{"taxonomy":"post_tag","embeddable":true,"href":"https:\/\/www.europesays.com\/fr\/wp-json\/wp\/v2\/tags?post=1047939"}],"curies":[{"name":"wp","href":"https:\/\/api.w.org\/{rel}","templated":true}]}}