{"id":1047947,"date":"2026-07-06T22:45:18","date_gmt":"2026-07-06T22:45:18","guid":{"rendered":"https:\/\/www.europesays.com\/fr\/1047947\/"},"modified":"2026-07-06T22:45:18","modified_gmt":"2026-07-06T22:45:18","slug":"jai-eu-du-mal-a-prendre-cette-decision-apres-jerm-un-autre-animateur-emblematique-quitte-nrj-belgique","status":"publish","type":"post","link":"https:\/\/www.europesays.com\/fr\/1047947\/","title":{"rendered":"\u00ab\u00a0J&rsquo;ai eu du mal \u00e0 prendre cette d\u00e9cision\u00a0\u00bb\u00a0: Apr\u00e8s Jer&rsquo;M, un autre animateur embl\u00e9matique quitte NRJ Belgique"},"content":{"rendered":"<p><a href=\"https:\/\/www.dhnet.be\/medias\/divers\/2025\/11\/17\/quand-tu-vois-ton-pote-souffrir-ca-fait-mal-jeff-acolyte-de-cauet-pendant-25-ans-et-desormais-sur-nrj-belgique-se-confie-a-la-dh-U44UUPC62VHMTDSVVGCUOCY2BA\/\" target=\"_self\" class=\"ap-StoryInterstitialLink ap-StoryElement ap-StoryElement--mb\" rel=\"nofollow noopener\">\u00ab\u00a0Quand tu vois ton pote souffrir, \u00e7a fait mal\u00a0\u00bb : Jeff, acolyte de Cauet pendant 25 ans et d\u00e9sormais sur NRJ Belgique, se confie \u00e0 la DH<\/a><\/p>\n<p class=\"ap-StoryElement ap-StoryElement--mb ap-StoryText\">Jeff confirme donc qu&rsquo;il ne sera plus l\u00e0 \u00e0 la rentr\u00e9e de septembre. \u00ab\u00a0Je reste dans la maison, puisque je retourne dans mon ancienne maison \u00e0 NRJ France. J&rsquo;ai eu du mal \u00e0 prendre cette d\u00e9cision, mais voil\u00e0, c&rsquo;est la d\u00e9cision que j&rsquo;ai prise. C&rsquo;est un petit monde, on se retrouve toujours \u00e0 un moment donn\u00e9.\u00a0\u00bb<\/p>\n<p class=\"ap-StoryElement ap-StoryElement--mb ap-StoryText\">En sanglots, il conclut en laissant un message \u00e0 son \u00e9quipe avec qui il a boss\u00e9 durant deux ans. \u00ab\u00a0Merci, Mike, pour la chance que tu m&rsquo;as donn\u00e9e. Je suis persuad\u00e9 qu&rsquo;on continuera \u00e0 se voir. De toute fa\u00e7on, je continue \u00e0 venir en Belgique, parce que ma ch\u00e9rie est encore en Belgique. Je reviendrai r\u00e9guli\u00e8rement ici. On fait partie toujours de la m\u00eame maison, toujours de la m\u00eame famille. On n&rsquo;a plus le m\u00eame micro, mais on a la m\u00eame station.\u00a0\u00bb<\/p>\n<blockquote class=\"ap-StoryQuote ap-StoryQuote--blockquote\">\n<p class=\"ap-StoryQuote-text\">\u00ab\u00a0Je continue \u00e0 venir en Belgique, parce que ma ch\u00e9rie est encore en Belgique\u00a0\u00bb<\/p>\n<\/blockquote>\n<p class=\"ap-StoryElement ap-StoryElement--mb ap-StoryText\">Avant de conclure en lan\u00e7ant une pique \u00e0 l&rsquo;animateur Mike. \u00ab\u00a0Franchement, j&rsquo;aurais \u00e9t\u00e9 vex\u00e9 si tu n&rsquo;avais pas \u00e9t\u00e9 un peu f\u00e2ch\u00e9. Parce que je sais que c&rsquo;est comme \u00e7a que t&rsquo;aimes les gens. Tu es tellement attach\u00e9 \u00e0 eux que \u00e7a te f\u00e2che un peu quand les gens partent, qu&rsquo;il se passe quelque chose. Et voil\u00e0, si tu m&rsquo;avais dit &lsquo;je suis content pour toi que tu partes&rsquo;, \u00e7a m&rsquo;aurait limite d\u00e9\u00e7u'\u00a0\u00bb. Et Mike de r\u00e9torquer, dans leur bonhomie ou boutade habituelles et toujours la larme \u00e0 l&rsquo;\u0153il : \u00ab\u00a0Je suis d\u00e9go\u00fbt\u00e9, je te souhaite de foirer de fou !\u00a0\u00bb<\/p>\n<p class=\"ap-StoryElement ap-StoryElement--mb ap-StoryText\">Hilarit\u00e9 \u00e0 l&rsquo;antenne.<\/p>\n","protected":false},"excerpt":{"rendered":"\u00ab\u00a0Quand tu vois ton pote souffrir, \u00e7a fait mal\u00a0\u00bb : Jeff, acolyte de Cauet pendant 25 ans et&hellip;\n","protected":false},"author":2,"featured_media":1047948,"comment_status":"","ping_status":"","sticky":false,"template":"","format":"standard","meta":{"footnotes":"","_share_on_mastodon":"0"},"categories":[1586],"tags":[11,9614,1777,674,1779,1011,27,108871,3784,12,25,1778,364,22102],"class_list":["post-1047947","post","type-post","status-publish","format-standard","has-post-thumbnail","category-europe","tag-actualites","tag-enseignement","tag-eu","tag-europe","tag-european-union","tag-fr","tag-france","tag-glatigny","tag-ministre","tag-news","tag-republique-francaise","tag-ue","tag-union-europeenne","tag-valerie"],"share_on_mastodon":{"url":"https:\/\/pubeurope.com\/@fr\/116875462503344984","error":""},"_links":{"self":[{"href":"https:\/\/www.europesays.com\/fr\/wp-json\/wp\/v2\/posts\/1047947","targetHints":{"allow":["GET"]}}],"collection":[{"href":"https:\/\/www.europesays.com\/fr\/wp-json\/wp\/v2\/posts"}],"about":[{"href":"https:\/\/www.europesays.com\/fr\/wp-json\/wp\/v2\/types\/post"}],"author":[{"embeddable":true,"href":"https:\/\/www.europesays.com\/fr\/wp-json\/wp\/v2\/users\/2"}],"replies":[{"embeddable":true,"href":"https:\/\/www.europesays.com\/fr\/wp-json\/wp\/v2\/comments?post=1047947"}],"version-history":[{"count":0,"href":"https:\/\/www.europesays.com\/fr\/wp-json\/wp\/v2\/posts\/1047947\/revisions"}],"wp:featuredmedia":[{"embeddable":true,"href":"https:\/\/www.europesays.com\/fr\/wp-json\/wp\/v2\/media\/1047948"}],"wp:attachment":[{"href":"https:\/\/www.europesays.com\/fr\/wp-json\/wp\/v2\/media?parent=1047947"}],"wp:term":[{"taxonomy":"category","embeddable":true,"href":"https:\/\/www.europesays.com\/fr\/wp-json\/wp\/v2\/categories?post=1047947"},{"taxonomy":"post_tag","embeddable":true,"href":"https:\/\/www.europesays.com\/fr\/wp-json\/wp\/v2\/tags?post=1047947"}],"curies":[{"name":"wp","href":"https:\/\/api.w.org\/{rel}","templated":true}]}}