{"id":104797,"date":"2025-05-16T16:06:09","date_gmt":"2025-05-16T16:06:09","guid":{"rendered":"https:\/\/www.europesays.com\/fr\/104797\/"},"modified":"2025-05-16T16:06:09","modified_gmt":"2025-05-16T16:06:09","slug":"lex-maire-de-toulon-hubert-falco-de-nouveau-juge-cette-fois-ci-pour-injures-contre-un-journaliste-liberation","status":"publish","type":"post","link":"https:\/\/www.europesays.com\/fr\/104797\/","title":{"rendered":"L\u2019ex-maire de Toulon Hubert Falco de nouveau jug\u00e9, cette fois-ci pour injures contre un journaliste \u2013 Lib\u00e9ration"},"content":{"rendered":"<p class=\"sc-ksZaOG ehjQrN text-element\"><a href=\"https:\/\/www.liberation.fr\/politique\/le-maire-de-toulon-hubert-falco-condamne-a-trois-ans-de-prison-avec-sursis-et-cinq-ans-dineligibilite-20230414_VQJEHHCXBNCJFI26IZ47XE73CI\/\" target=\"_blank\" rel=\"noopener\" title=\"https:\/\/www.liberation.fr\/politique\/le-maire-de-toulon-hubert-falco-condamne-a-trois-ans-de-prison-avec-sursis-et-cinq-ans-dineligibilite-20230414_VQJEHHCXBNCJFI26IZ47XE73CI\/\">L\u2019ancien maire de Toulon Hubert Falco<\/a>, d\u00e9mis de ses fonctions par la justice, \u00e9tait jug\u00e9 ce vendredi 16 mai en son absence pour avoir insult\u00e9 et trait\u00e9 de \u00abchien galeux\u00bb le journaliste Simon Fontvieille, <a href=\"https:\/\/www.liberation.fr\/politique\/a-toulon-le-commandant-falco-perd-du-galon-20230201_HOBPHQIN5JFKRIW7JU3YBX37O4\/\" target=\"_blank\" rel=\"noopener\" title=\"https:\/\/www.liberation.fr\/politique\/a-toulon-le-commandant-falco-perd-du-galon-20230201_HOBPHQIN5JFKRIW7JU3YBX37O4\/\">auteur d\u2019une enqu\u00eate le visant pour Lib\u00e9ration<\/a> qui collabore \u00e9galement avec Mediapart. La d\u00e9cision du tribunal correctionnel de Toulon sera rendue le 23 mai.<\/p>\n<p class=\"sc-ksZaOG ehjQrN text-element\">Quelques jours plus tard, le 28 mai, une autre \u00e9ch\u00e9ance judiciaire cruciale attend l\u2019ex-baron de la politique varoise, qui conteste aupr\u00e8s de la Cour de cassation la peine d\u2019in\u00e9ligibilit\u00e9 imm\u00e9diate prononc\u00e9e en 2023 contre lui dans un dossier de d\u00e9tournements de fonds public. De cette d\u00e9cision d\u00e9pend son avenir politique, \u00e0 moins d\u2019un an des municipales.<\/p>\n<p class=\"sc-ksZaOG ehjQrN text-element\">Dans le dossier du jour, Hubert Falco, qui n\u2019avait pas fait le d\u00e9placement \u2013 et c\u2019est \u00abfort dommage\u00bb, a soulign\u00e9 la pr\u00e9sidente \u2013, est accus\u00e9 par un journaliste de l\u2019avoir insult\u00e9, enregistrement \u00e0 l\u2019appui.<\/p>\n<p class=\"sc-ksZaOG ehjQrN text-element\">\u00abJe suis journaliste ind\u00e9pendant\u00bb et \u00e0 ce titre \u00abvuln\u00e9rable\u00bb, a expliqu\u00e9 \u00e0 la barre Simon Fontvieille, journaliste de 34 ans, revenant sur ce qu\u2019il estime \u00eatre des tentatives d\u2019\u00abintimidation\u00bb r\u00e9p\u00e9t\u00e9es de la part d\u2019Hubert Falco, \u00e0 qui il a consacr\u00e9 plusieurs enqu\u00eates.<\/p>\n<p class=\"sc-ksZaOG ehjQrN text-element\">Ainsi, en avril 2023, au moment de sa premi\u00e8re condamnation \u00e0 Marseille, pour recel de d\u00e9tournement de fonds publics, l\u2019\u00e9lu lui lance, devant d\u2019autres journalistes : \u00abd\u00e9gage, ordure !\u00bb<\/p>\n<p class=\"sc-ksZaOG ehjQrN text-element\">Les faits jug\u00e9s ce vendredi se sont produits quelques mois plus tard, en ao\u00fbt 2023, en marge d\u2019une c\u00e9r\u00e9monie publique c\u00e9l\u00e9brant les 79 ans de la lib\u00e9ration de Toulon.<\/p>\n<p class=\"sc-ksZaOG ehjQrN text-element\">Hubert Falco, qui n\u2019a alors plus de mandat, est pr\u00e9sent et le journaliste le prend en photo, comme d\u2019autres personnalit\u00e9s. L\u2019ex-\u00e9lu, aujourd\u2019hui \u00e2g\u00e9 de 78 ans, lui lance alors : \u00ab\u00c7a te g\u00eane que je sois l\u00e0 ?\u00bb, le traitant d\u2019\u00abesp\u00e8ce de chien\u00bb, \u00abchien galeux\u00bb.<\/p>\n<p class=\"sc-ksZaOG ehjQrN text-element\">\u00abEnfin M. Falco, + chien galeux +, pourquoi vous \u00eates aussi grossier ?\u00bb lui r\u00e9pond le journaliste. Hubert Falco le traite alors de \u00abconnard\u00bb, ajoutant : \u00abOui, je te le dis ! Ecris-le \u00e0 Mediapart que je t\u2019ai dit que tu \u00e9tais un connard.\u00bb<\/p>\n<p class=\"sc-ksZaOG ehjQrN text-element\">Comme l\u2019affaire est partie d\u2019une plainte avec constitution de partie civile, la procureure n\u2019a pas formul\u00e9 de r\u00e9quisition, s\u2019en remettant \u00e0 la d\u00e9cision du tribunal. \u00abC\u2019est une affaire d\u2019injures publiques d\u00e9sagr\u00e9ables\u00bb, avec \u00abdes propos qui sont regrett\u00e9s\u00bb, selon l\u2019avocat d\u2019Hubert Falco, Me Thierry Fradet : \u00abIl n\u2019est plus \u00e9lu, n\u2019a plus rien\u00bb, il n\u2019est \u00abplus le m\u00eame homme et \u00e7a n\u2019arrivera plus\u00bb.<\/p>\n<p class=\"sc-ksZaOG ehjQrN text-element\">\u00abPourquoi il lui en veut ? La r\u00e9ponse est dans ses articles [\u2026] et c\u2019est dramatique\u00bb, a estim\u00e9 l\u2019avocate du journaliste, Me Olivia Levy, du cabinet parisien Seattle Avocats qui d\u00e9fend Mediapart.<\/p>\n<p class=\"sc-ksZaOG ehjQrN text-element\">Et pour elle, c\u2019est un proc\u00e8s de \u00abDavid contre Goliath\u00bb, comme en t\u00e9moigne la grande difficult\u00e9 que son cabinet a eue pour trouver un avocat acceptant de faire le relais localement. Du \u00abjamais-vu\u00bb, selon l\u2019avocate, qui a demand\u00e9 notamment 10 000 euros de dommages et int\u00e9r\u00eats pour son client.<\/p>\n<p class=\"sc-ksZaOG ehjQrN text-element\">Le Syndicat national des journalistes (SNJ), qui s\u2019\u00e9tait aussi constitu\u00e9 partie civile, a lui r\u00e9clam\u00e9 5 000 euros. Le SNJ-CGT et la CFDT-Journalistes avaient apport\u00e9 leur soutien au journaliste, soulignant dans un communiqu\u00e9 son \u00abcourage\u00bb d\u2019avoir port\u00e9 plainte.<\/p>\n","protected":false},"excerpt":{"rendered":"L\u2019ancien maire de Toulon Hubert Falco, d\u00e9mis de ses fonctions par la justice, \u00e9tait jug\u00e9 ce vendredi 16&hellip;\n","protected":false},"author":2,"featured_media":104798,"comment_status":"","ping_status":"","sticky":false,"template":"","format":"standard","meta":{"footnotes":""},"categories":[9619],"tags":[1111,11,15549,22167,1777,674,1011,27,1227,12,22168,9024,882,25,2310],"class_list":{"0":"post-104797","1":"post","2":"type-post","3":"status-publish","4":"format-standard","5":"has-post-thumbnail","7":"category-toulon","8":"tag-actu","9":"tag-actualites","10":"tag-celebrity","11":"tag-celebrity-about","12":"tag-eu","13":"tag-europe","14":"tag-fr","15":"tag-france","16":"tag-horizontal","17":"tag-news","18":"tag-official-ceremony","19":"tag-politics","20":"tag-provence-alpes-cote-dazur","21":"tag-republique-francaise","22":"tag-toulon"},"share_on_mastodon":{"url":"https:\/\/pubeurope.com\/@fr\/114518372126445376","error":""},"_links":{"self":[{"href":"https:\/\/www.europesays.com\/fr\/wp-json\/wp\/v2\/posts\/104797","targetHints":{"allow":["GET"]}}],"collection":[{"href":"https:\/\/www.europesays.com\/fr\/wp-json\/wp\/v2\/posts"}],"about":[{"href":"https:\/\/www.europesays.com\/fr\/wp-json\/wp\/v2\/types\/post"}],"author":[{"embeddable":true,"href":"https:\/\/www.europesays.com\/fr\/wp-json\/wp\/v2\/users\/2"}],"replies":[{"embeddable":true,"href":"https:\/\/www.europesays.com\/fr\/wp-json\/wp\/v2\/comments?post=104797"}],"version-history":[{"count":0,"href":"https:\/\/www.europesays.com\/fr\/wp-json\/wp\/v2\/posts\/104797\/revisions"}],"wp:featuredmedia":[{"embeddable":true,"href":"https:\/\/www.europesays.com\/fr\/wp-json\/wp\/v2\/media\/104798"}],"wp:attachment":[{"href":"https:\/\/www.europesays.com\/fr\/wp-json\/wp\/v2\/media?parent=104797"}],"wp:term":[{"taxonomy":"category","embeddable":true,"href":"https:\/\/www.europesays.com\/fr\/wp-json\/wp\/v2\/categories?post=104797"},{"taxonomy":"post_tag","embeddable":true,"href":"https:\/\/www.europesays.com\/fr\/wp-json\/wp\/v2\/tags?post=104797"}],"curies":[{"name":"wp","href":"https:\/\/api.w.org\/{rel}","templated":true}]}}