{"id":104799,"date":"2025-05-16T16:07:10","date_gmt":"2025-05-16T16:07:10","guid":{"rendered":"https:\/\/www.europesays.com\/fr\/104799\/"},"modified":"2025-05-16T16:07:10","modified_gmt":"2025-05-16T16:07:10","slug":"lassociation-paz-alerte-la-prefecture-sur-le-sort-des-crabes-verts-vendus-a-decathlon","status":"publish","type":"post","link":"https:\/\/www.europesays.com\/fr\/104799\/","title":{"rendered":"l&rsquo;association Paz alerte la pr\u00e9fecture sur le sort des crabes verts vendus \u00e0 D\u00e9cathlon"},"content":{"rendered":"<p>            Par<br \/>\n        <strong><br \/>\n            <a href=\"https:\/\/actu.fr\/auteur\/jm-aubert\" title=\"Consulter tous les articles de Jean-Marc Aubert\" target=\"_blank\" rel=\"noopener\">Jean-Marc Aubert<\/a><br \/>\n        <\/strong><\/p>\n<p>        Publi\u00e9 le<\/p>\n<p>            16 mai 2025 \u00e0 17h38        <\/p>\n<p>Le magasin de sport\u00a0<strong>Decathlon<\/strong> de <strong>Montpellier<\/strong>, sur le site d\u2019 Odysseum est dans le collimateur de l\u2019<strong>association Paz<\/strong> : \u00ab\u00a0l\u2019enseigne \u00a0commercialise des crabes verts vivants en barquettes pour la p\u00eache au vif. Apr\u00e8s avoir lanc\u00e9 une p\u00e9tition en 2023, Paz alerte la direction d\u00e9partementale de protection des populations -DDPP 34- rattach\u00e9e \u00e0 la pr\u00e9fecture de l\u2019H\u00e9rault, en demandant un contr\u00f4le v\u00e9t\u00e9rinaire\u00a0\u00bb, r\u00e9v\u00e8le Paz, ce vendredi 16 mai 2025.<\/p>\n<p class=\" wall-content\">Les militants \u00a0visent les articles L214-1 et L214-3 du Code rural qui stipulent notamment que \u201cTout animal \u00e9tant un \u00eatre sensible doit \u00eatre plac\u00e9 par son propri\u00e9taire dans des conditions compatibles avec les imp\u00e9ratifs biologiques de son esp\u00e8ce.\u201d Et\u00a0\u201cIl est interdit d\u2019exercer des mauvais traitements envers les animaux domestiques ainsi qu\u2019envers les animaux sauvages apprivois\u00e9s ou tenus en captivit\u00e9.\u201d\u00a0<\/p>\n<p>    <a href=\"https:\/\/www.google.com\/maps\/embed?pb=!1m18!1m12!1m3!1d9617.026298497121!2d3.9212535220664124!3d43.60567580133915!2m3!1f0!2f0!3f0!3m2!1i1024!2i768!4f13.1!3m3!1m2!1s0x12b6a575ac2807fd%3A0x9bce98a60c281d98!2sDecathlon%20Montpellier%20Odysseum!5e0!3m2!1sfr!2sfr!4v1747407813301!5m2!1sfr!2sfr\" title=\"Ouvrie le lien\" target=\"_blank\" rel=\"noopener\">Cliquez ici pour visualiser le contenu<\/a><\/p>\n<p class=\" wall-content\">Pour rappel, en 2023, Laurence Hay, pr\u00e9sidente de l\u2019association nationale Paz, et Eddine Ariztegui, \u00e9lu de Montpellier du Parti Animaliste avaient lanc\u00e9 une p\u00e9tition pour demander au magasin de cesser ce commerce honteux. La p\u00e9tition a recueilli plus de 29 000 signatures.<\/p>\n<p class=\" wall-content\"><strong>La p\u00eache au vif<\/strong> est une technique de p\u00eache cruelle qui consiste \u00e0 utiliser un animal vert\u00e9br\u00e9 vivant comme app\u00e2t, g\u00e9n\u00e9ralement un poisson. Mais les crabes sont aussi utilis\u00e9s pour la p\u00eache en mer. \u00a0Cette pratique est d\u00e9j\u00e0 interdite dans plusieurs pays europ\u00e9ens.\u00a0<\/p>\n<p>Vid\u00e9os : en ce moment sur Actu<\/p>\n<p class=\" wall-content\">\u00ab\u00a0Decathlon vend des poissons et des crabes vivants pour la p\u00eache au vif. Ils sont destin\u00e9s \u00e0 \u00eatre tortur\u00e9s : d\u00e9tenus dans des conditions d\u00e9plorables (\u201cseaux \u00e0 vifs\u201d) par les p\u00eacheurs puis transperc\u00e9s vivants, ils peuvent souffrir pendant des heures sans pouvoir fuir face \u00e0 leur pr\u00e9dateur. Derri\u00e8re les grands discours, Decathlon se moque de la souffrance des animaux et continue \u00e0 vendre des poissons et des crabes vivants pour qu\u2019ils soient tortur\u00e9s. Nous en avons assez de la mauvaise foi de l\u2019enseigne. Il est temps qu\u2019elle arr\u00eate de faire son commerce sur la cruaut\u00e9 envers les animaux\u00a0\u00bb, d\u00e9nonce la co-fondatrice de Paz, Amandine Sanvisens.<\/p>\n<p class=\" wall-content\">\u00ab\u00a0Les poissons et les crabes vendus par Decathlon sont destin\u00e9s \u00e0 \u00eatre tortur\u00e9s pour amuser des p\u00eacheurs. Il est scandaleux que Decathlon alimente cette pratique barbare qu\u2019est la p\u00eache au vif. Torturer des animaux n\u2019est ni un sport, ni un loisir\u00a0\u00bb accuse la co-fondatrice de Paz, Amandine Sanvisens.<\/p>\n<p>    <img   decoding=\"async\" loading=\"lazy\" src=\"https:\/\/www.europesays.com\/fr\/wp-content\/uploads\/2025\/05\/unnamed-1-2-960x640.jpg\" alt=\"Paz d\u00e9nonce la vente de crabes verts dans des bo\u00eetes \u00e0 D\u00e9cathlon\" width=\"960\" height=\"640\"\/><br \/>\n    Paz d\u00e9nonce la vente de crabes verts dans des bo\u00eetes \u00e0 D\u00e9cathlon (\u00a9Paz)Photos et vid\u00e9o<\/p>\n<p class=\" wall-content\">Comme on le sait, l\u2019association Paz d\u00e9fend activement les int\u00e9r\u00eats des animaux. \u00ab\u00a0Nous saisissons les services de la DDPP 34 suite aux conditions de d\u00e9tention des crabes par le magasin D\u00e9cathlon situ\u00e9 dans le centre commercial Odysseum, \u00e0 Montpellier. Nous signalons les faits suivants :\u00a0des crabes vivants sont d\u00e9tenus dans des minuscules barquettes,\u00a0ils sont entass\u00e9s, avec peu d\u2019eau. En tant que propri\u00e9taire des crabes, cette enseigne ne place pas les animaux dans des conditions compatibles avec les imp\u00e9ratifs biologiques de leur esp\u00e8ce. En tout \u00e9tat de cause, le magasin de Montpellier Odysseum exerce des mauvais traitements sur des animaux tenus en captivit\u00e9. Nous attirons votre attention sur le fait que ces mauvais traitements, dont certains peuvent entrainer la mort d\u2019animaux,\u00a0\u00bb confirme Paz, avec des photos et une vid\u00e9o \u00e0 l\u2019appui.<\/p>\n<p class=\" wall-content\">Ce n\u2019est pas la premi\u00e8re action de cette association qui vise l\u2019enseigne D\u00e9cathlon dans l\u2019H\u00e9rault, apr\u00e8s Villeneuve-l\u00e8s-B\u00e9ziers et Frontignan-la Peyrade. Visiblement, les militants de Paz verts de rage n\u2019en pincent pas pour D\u00e9cathlon !\u00a0<\/p>\n<p class=\" wall-content\">Suivez toute l\u2019actualit\u00e9 de vos villes et m\u00e9dias favoris en vous inscrivant \u00e0 <a href=\"https:\/\/moncompte.actu.fr\" title=\"D\u00e9couvez Mon Actu\" rel=\"nofollow noopener\" data-trk=\"{&quot;cta&quot;:{&quot;action&quot;:&quot;https:\\\/\\\/moncompte.actu.fr&quot;,&quot;category&quot;:&quot;mon compte&quot;,&quot;from&quot;:&quot;article footer&quot;,&quot;name&quot;:&quot;Mon actu&quot;,&quot;type&quot;:&quot;cta&quot;}}\" target=\"_blank\">Mon Actu<\/a>.<\/p>\n","protected":false},"excerpt":{"rendered":"Par Jean-Marc Aubert Publi\u00e9 le 16 mai 2025 \u00e0 17h38 Le magasin de sport\u00a0Decathlon de Montpellier, sur le&hellip;\n","protected":false},"author":2,"featured_media":104800,"comment_status":"","ping_status":"","sticky":false,"template":"","format":"standard","meta":{"footnotes":""},"categories":[9599],"tags":[1111,11,215,1777,674,1011,27,6127,2208,12,2680,4838,25,104],"class_list":{"0":"post-104799","1":"post","2":"type-post","3":"status-publish","4":"format-standard","5":"has-post-thumbnail","7":"category-montpellier","8":"tag-actu","9":"tag-actualites","10":"tag-commerce","11":"tag-eu","12":"tag-europe","13":"tag-fr","14":"tag-france","15":"tag-mer","16":"tag-montpellier","17":"tag-news","18":"tag-occitanie","19":"tag-peche","20":"tag-republique-francaise","21":"tag-societe"},"share_on_mastodon":{"url":"https:\/\/pubeurope.com\/@fr\/114518376005889490","error":""},"_links":{"self":[{"href":"https:\/\/www.europesays.com\/fr\/wp-json\/wp\/v2\/posts\/104799","targetHints":{"allow":["GET"]}}],"collection":[{"href":"https:\/\/www.europesays.com\/fr\/wp-json\/wp\/v2\/posts"}],"about":[{"href":"https:\/\/www.europesays.com\/fr\/wp-json\/wp\/v2\/types\/post"}],"author":[{"embeddable":true,"href":"https:\/\/www.europesays.com\/fr\/wp-json\/wp\/v2\/users\/2"}],"replies":[{"embeddable":true,"href":"https:\/\/www.europesays.com\/fr\/wp-json\/wp\/v2\/comments?post=104799"}],"version-history":[{"count":0,"href":"https:\/\/www.europesays.com\/fr\/wp-json\/wp\/v2\/posts\/104799\/revisions"}],"wp:featuredmedia":[{"embeddable":true,"href":"https:\/\/www.europesays.com\/fr\/wp-json\/wp\/v2\/media\/104800"}],"wp:attachment":[{"href":"https:\/\/www.europesays.com\/fr\/wp-json\/wp\/v2\/media?parent=104799"}],"wp:term":[{"taxonomy":"category","embeddable":true,"href":"https:\/\/www.europesays.com\/fr\/wp-json\/wp\/v2\/categories?post=104799"},{"taxonomy":"post_tag","embeddable":true,"href":"https:\/\/www.europesays.com\/fr\/wp-json\/wp\/v2\/tags?post=104799"}],"curies":[{"name":"wp","href":"https:\/\/api.w.org\/{rel}","templated":true}]}}