{"id":1047990,"date":"2026-07-06T23:15:21","date_gmt":"2026-07-06T23:15:21","guid":{"rendered":"https:\/\/www.europesays.com\/fr\/1047990\/"},"modified":"2026-07-06T23:15:21","modified_gmt":"2026-07-06T23:15:21","slug":"les-environs-de-saint-etienne-a-pied","status":"publish","type":"post","link":"https:\/\/www.europesays.com\/fr\/1047990\/","title":{"rendered":"Les environs de Saint-Etienne \u00e0 pied"},"content":{"rendered":"<p>La troisi\u00e8me \u00e9dition du Topoguide \u00ab Saint-\u00c9tienne M\u00e9tropole \u00e0 pied \u00ae \u00bb propose 12 nouveaux circuits, portant \u00e0 44 itin\u00e9raires le nombre de randonn\u00e9es labellis\u00e9es \u00ab\u00a0Promenade et Randonn\u00e9e\u00a0\u00bb sur le territoire. <br \/>\u00a0<br \/><strong> Ces circuits sont balis\u00e9s et ont \u00e9t\u00e9 labellis\u00e9s<\/strong> par le comit\u00e9 <a href=\"https:\/\/www.ffrando-loire.fr\/\" target=\"_blank\" rel=\"noopener nofollow\">FFRandonn\u00e9e Loire<\/a> : ils respectent des crit\u00e8res de qualit\u00e9, de s\u00e9curit\u00e9 et comportent le moins possible de goudron. <br \/>Class\u00e9s en trois niveaux (facile, assez facile et peu difficile), ces randonn\u00e9es proposent plusieurs distances : entre 3 et 19 km, soit entre 1h et 5h de rando !\u00a0<\/p>\n<p> Cette 3\u00e8me \u00e9dition vous invite \u00e0 (re)d\u00e9couvrir des <strong>circuits urbains<\/strong> mais aussi des <strong>massifs de randonn\u00e9e<\/strong> qui participent \u00e0 l\u2019attrait de Saint-\u00c9tienne M\u00e9tropole : monts du Forez, gorges de la Loire, Parc naturel r\u00e9gional du Pilat, monts du Lyonnais et coteaux du Jarez.\u00a0<\/p>\n<p>Cette \u00e9dition propose <strong>12 nouveaux circuits<\/strong>, dont le saut du Bonson (Abo\u00ebn), les chemins du facteur (Marcenod), les coteaux de Chavanne (Saint-Chamond), les hauts de Genilac, Autour de la Tour (La Tour-en-Jarez), D\u00e9tours \u00e0 Villars, le barrage de Cotatay (Le Chambon-Feugerolles), etc.\u00a0<\/p>\n<p>Ce topoguide FFRandonn\u00e9e a \u00e9t\u00e9 financ\u00e9 et r\u00e9alis\u00e9 avec le concours de Saint-\u00c9tienne M\u00e9tropole.\u00a0<\/p>\n<p><a href=\"https:\/\/boutique.ffrandonnee.fr\/topoguide-saint-etienne-metropole-a-pied\" target=\"_blank\" rel=\"noopener nofollow\">Saint-Etienne m\u00e9tropole&#8230; \u00e0 pied\u00ae<\/a>\u00a0, du Forez au Pilat.<br \/>44 balades dont 8 adapt\u00e9es \u00e0 la marche nordique au c\u0153ur du Parc naturel r\u00e9gional du Pilat, des Monts du Lyonnais et des Gorges de la Loire.\u00a0<\/p>\n<p style=\"text-align: center;\"><img loading=\"lazy\" decoding=\"async\" width=\"311\" height=\"482\" alt=\"\" src=\"https:\/\/www.europesays.com\/fr\/wp-content\/uploads\/2026\/07\/topo_saint-etienne-metropole-a-pied-1100x1700-1.jpeg\"\/><\/p>\n","protected":false},"excerpt":{"rendered":"La troisi\u00e8me \u00e9dition du Topoguide \u00ab Saint-\u00c9tienne M\u00e9tropole \u00e0 pied \u00ae \u00bb propose 12 nouveaux circuits, portant \u00e0&hellip;\n","protected":false},"author":2,"featured_media":1047991,"comment_status":"","ping_status":"","sticky":false,"template":"","format":"standard","meta":{"footnotes":"","_share_on_mastodon":"0"},"categories":[9653],"tags":[1111,11,28225,2430,28226,28217,28218,1777,674,28216,28227,28228,1011,27,28211,28212,28215,28224,28219,28222,12,28213,28221,28220,25,4001,28214,28223],"class_list":["post-1047990","post","type-post","status-publish","format-standard","has-post-thumbnail","category-saint-etienne","tag-actu","tag-actualites","tag-animateur-de-randonnee","tag-auvergne-rhone-alpes","tag-balisage","tag-clubs-de-randonnee","tag-disciplines-de-randonnee","tag-eu","tag-europe","tag-federation-francaise-de-la-randonnee-pedestre","tag-ffrandonnee","tag-ffrp","tag-fr","tag-france","tag-gr","tag-grande-randonnee","tag-itineraires-de-randonnee","tag-itinerance","tag-longe-cote","tag-marche-nordique","tag-news","tag-promenade-et-randonnee","tag-rando-challenge","tag-raquette-a-neige","tag-republique-francaise","tag-saint-etienne","tag-topoguide","tag-trek"],"share_on_mastodon":{"url":"https:\/\/pubeurope.com\/@fr\/116875581802441009","error":""},"_links":{"self":[{"href":"https:\/\/www.europesays.com\/fr\/wp-json\/wp\/v2\/posts\/1047990","targetHints":{"allow":["GET"]}}],"collection":[{"href":"https:\/\/www.europesays.com\/fr\/wp-json\/wp\/v2\/posts"}],"about":[{"href":"https:\/\/www.europesays.com\/fr\/wp-json\/wp\/v2\/types\/post"}],"author":[{"embeddable":true,"href":"https:\/\/www.europesays.com\/fr\/wp-json\/wp\/v2\/users\/2"}],"replies":[{"embeddable":true,"href":"https:\/\/www.europesays.com\/fr\/wp-json\/wp\/v2\/comments?post=1047990"}],"version-history":[{"count":0,"href":"https:\/\/www.europesays.com\/fr\/wp-json\/wp\/v2\/posts\/1047990\/revisions"}],"wp:featuredmedia":[{"embeddable":true,"href":"https:\/\/www.europesays.com\/fr\/wp-json\/wp\/v2\/media\/1047991"}],"wp:attachment":[{"href":"https:\/\/www.europesays.com\/fr\/wp-json\/wp\/v2\/media?parent=1047990"}],"wp:term":[{"taxonomy":"category","embeddable":true,"href":"https:\/\/www.europesays.com\/fr\/wp-json\/wp\/v2\/categories?post=1047990"},{"taxonomy":"post_tag","embeddable":true,"href":"https:\/\/www.europesays.com\/fr\/wp-json\/wp\/v2\/tags?post=1047990"}],"curies":[{"name":"wp","href":"https:\/\/api.w.org\/{rel}","templated":true}]}}