{"id":104803,"date":"2025-05-16T16:09:09","date_gmt":"2025-05-16T16:09:09","guid":{"rendered":"https:\/\/www.europesays.com\/fr\/104803\/"},"modified":"2025-05-16T16:09:09","modified_gmt":"2025-05-16T16:09:09","slug":"qui-est-christopher-langlois-le-nouveau-maire-de-darnetal-qui-promet-un-engagement-de-chaque-instant","status":"publish","type":"post","link":"https:\/\/www.europesays.com\/fr\/104803\/","title":{"rendered":"Qui est Christopher Langlois le nouveau maire de Darn\u00e9tal qui promet \u00ab un engagement de chaque instant \u00bb\u00a0?"},"content":{"rendered":"<p>            Par<br \/>\n        <strong><br \/>\n            <a href=\"https:\/\/actu.fr\/auteur\/isabellevilly\" title=\"Consulter tous les articles de Isabelle Villy\" rel=\"nofollow noopener\" target=\"_blank\">Isabelle Villy<\/a><br \/>\n        <\/strong><\/p>\n<p>        Publi\u00e9 le<\/p>\n<p>            16 mai 2025 \u00e0 17h01        <\/p>\n<p>Il n\u2019y avait pas de suspense pour <strong>l\u2019\u00e9lection du maire de Darn\u00e9tal,<\/strong> pr\u00e8s <a href=\"https:\/\/actu.fr\/76actu\/\" rel=\"nofollow noopener\" target=\"_blank\">de Rouen (Seine-Maritime)<\/a>, samedi 10\u00a0mai 2025, mais beaucoup d\u2019\u00e9motion, dans la salle du conseil de la commune. Sans surprise, <strong>Christopher Langlois a \u00e9t\u00e9 \u00e9lu maire<\/strong>, sans les voix de l\u2019opposition qui n\u2019a pas pris part au vote, et succ\u00e8de donc \u00e0 Christian Lecerf.<\/p>\n<p>Une \u00e9lection pr\u00e9visible\u2009?<\/p>\n<p class=\" wall-content\">L\u2019annonce officielle de ce passage de flambeau avait \u00e9t\u00e9 <a href=\"https:\/\/actu.fr\/normandie\/darnetal_76212\/le-maire-christian-lecerf-passe-le-relais-a-son-premier-adjoint-christopher-langlois_62118564.html\" rel=\"nofollow noopener\" target=\"_blank\">faite en janvier dernier<\/a>, lors de la c\u00e9r\u00e9monie des v\u0153ux et depuis, le maire sortant, redevenu adjoint au terme du conseil municipal de samedi, ne manquait pas de rappeler \u00e0 chaque manifestation officielle que bient\u00f4t, Christopher Langlois prendrait la fonction de maire. C\u2019est d\u00e9sormais chose faite.<\/p>\n<p class=\" wall-content\">Pour l\u2019occasion, l\u2019affluence \u00e9tait inhabituelle au sein du public\u2009: on notait <strong>la pr\u00e9sence de Marine Caron<\/strong>, \u00e9lue d\u2019opposition \u00e0 la Ville de Rouen et \u00e0 la M\u00e9tropole Rouen Normandie. Une autre pr\u00e9sence \u00e9tait remarqu\u00e9e, celle de l\u2019ancienne maire de Darn\u00e9tal, Genevi\u00e8ve Pr\u00e9terre\u2009: Christian Lecerf a \u00e9t\u00e9 son adjoint et lui avait succ\u00e9d\u00e9 au poste de maire.<\/p>\n<p>La parole de l\u2019opposition<\/p>\n<p class=\" wall-content\">L\u2019opposition s\u2019est exprim\u00e9e par la voix de Florence Demiselle qui a rappel\u00e9 \u00e0 Christian Lecerf que lors des \u00e9lections de 2020, en pleine p\u00e9riode Covid, \u00ab\u2009votre liste n\u2019avait recueilli que 22\u2009% des inscrits. Je me souviens avoir indiqu\u00e9 que vous deviez tenir compte de ce r\u00e9sultat qui n\u2019\u00e9tait ni un soutien \u00e0 votre bilan ni \u00e0 votre programme\u2009\u00bb. La conseill\u00e8re municipale a ensuite soutenu que l\u2019opposition a \u00e9t\u00e9 \u00ab\u2009ferme et constructive. Avec des propositions, nombreuses. Nous avons \u00e9t\u00e9 parfois \u00e9cout\u00e9s, rarement entendus\u2009\u00bb.<\/p>\n<blockquote class=\"ac-article-quote wall-content\">\n<p>Il y a quelques jours, on avait une fum\u00e9e blanche, Habemus Papam\u2026 aujourd\u2019hui, nous avons un nouveau maire.<\/p>\n<p>Christian Lecerf<\/p><\/blockquote>\n<p class=\" wall-content\">Christian Lecerf a ensuite pris la parole pour (re) dire combien il \u00e9tait \u00ab\u2009fier\u2009\u00bb de l\u2019\u00e9lection de Christopher Langlois et rappel\u00e9 qu\u2019apr\u00e8s dix-sept ann\u00e9es de mandat,<strong> il quitte le fauteuil de maire, mais restera au conseil jusqu\u2019en 2026<\/strong>.<\/p>\n<p>    <img   decoding=\"async\" loading=\"lazy\" class=\"size-large\" src=\"https:\/\/www.europesays.com\/fr\/wp-content\/uploads\/2025\/05\/247817536f186fa7817536f18ee781v-960x640.jpg\" alt=\"Darn\u00e9tal Genevi\u00e8re Pr\u00e9terre\" width=\"960\" height=\"640\"\/><br \/>\n    L\u2019ancienne maire de Darn\u00e9tal Genevi\u00e8re Pr\u00e9terre a assist\u00e9 au conseil municipal.\u00a0\u00a9Isabelle VILLY<\/p>\n<p class=\" wall-content\">\u00ab\u2009Christopher Langlois est arriv\u00e9 dans mon \u00e9quipe \u00e0 18\u00a0ans, avec une farouche volont\u00e9 d\u2019y arriver. Tu as \u00e9t\u00e9 toujours fid\u00e8le \u00e0 mes c\u00f4t\u00e9s, pour me soutenir dans mes actions. On va switcher aujourd\u2019hui, mais je serai l\u00e0 pour toi. Je te souhaite qu\u2019on se retrouve ici en 2026, avec autant d\u2019applaudissements, parce que tu vas gagner les \u00e9lections\u2009\u00bb, a lanc\u00e9 avec conviction Christian Lecerf. \u00ab\u2009Il y a quelques jours, on avait une fum\u00e9e blanche, <a href=\"https:\/\/actu.fr\/normandie\/le-havre_76351\/le-pape-leon-xiv-est-il-le-premier-pape-originaire-du-havre-de-l-histoire-on-vous-explique_62613073.html\" rel=\"nofollow noopener\" target=\"_blank\">Habemus Papam<\/a>\u2026 aujourd\u2019hui, nous avons un nouveau maire\u2009\u00bb, a souri l\u2019\u00e9lu.<\/p>\n<p>\u00ab\u2009C\u2019est plus qu\u2019un titre, c\u2019est un engagement de chaque instant\u2009\u00bb<\/p>\n<p class=\" wall-content\">Christopher Langlois a confi\u00e9 pour sa part qu\u2019il prenait cette charge de maire \u00ab\u2009avec un profond sens des responsabilit\u00e9s et une grande humilit\u00e9.<strong> C\u2019est bien plus qu\u2019un titre, c\u2019est un engagement de chaque instant<\/strong>, un lien direct et sinc\u00e8re avec chaque habitant, un serment silencieux de servir sa ville, co\u00fbte que co\u00fbte\u2009\u00bb.\u00a0Il a par ailleurs salu\u00e9 le \u00ab\u2009travail remarquable\u2009\u00bb de Christian Lecerf, \u00ab\u2009sa capacit\u00e9 \u00e0 f\u00e9d\u00e9rer et sa rigueur\u2009\u00bb, soulignant que sous son impulsion, la Ville de Darn\u00e9tal \u00ab\u2009a gagn\u00e9 en dynamisme et en ambition\u2009\u00bb.<\/p>\n<p>Le nouveau maire va aller \u00e0 la rencontre des Darn\u00e9talais<\/p>\n<p class=\" wall-content\">Dans les jours et semaines qui viennent, <strong>Christopher Langlois ira \u00e0 la rencontre des Darn\u00e9talais<\/strong> pour \u00ab\u2009\u00e9changer et \u00e9couter\u2009\u00bb, mais d\u00e8s aujourd\u2019hui, son ambition est de \u00ab\u2009construire une ville juste et apais\u00e9e, une ville o\u00f9 chacun, quel que soit son parcours, trouve sa place\u2009\u00bb.<\/p>\n<p class=\" wall-content\">S\u2019adressant \u00e0 la majorit\u00e9, le nouveau maire a constat\u00e9 qu\u2019ils ont parfois travers\u00e9 des moments difficiles, \u00ab\u2009mais nous avons toujours tenu bon ensemble. Et c\u2019est ensemble que nous continuerons \u00e0 faire avancer les projets, \u00e0 d\u00e9fendre les int\u00e9r\u00eats de notre ville\u2009\u00bb.<\/p>\n<p class=\" wall-content\">Quant aux \u00e9lus de l\u2019opposition, <strong>Christopher Langlois a convenu qu\u2019effectivement des d\u00e9saccords peuvent survenir<\/strong>, mais il a insist\u00e9 sur le fait que tous partagent un objectif commun\u2009: le bien <a href=\"https:\/\/actu.fr\/normandie\/darnetal_76212\" rel=\"nofollow noopener\" target=\"_blank\">de Darn\u00e9tal<\/a>. \u00ab\u2009La d\u00e9mocratie locale a besoin de pluralit\u00e9, de voix diff\u00e9rentes, d\u2019\u00e9coute et de responsabilit\u00e9\u2009\u00bb.<\/p>\n<p>Suivez l\u2019actualit\u00e9 de Rouen <a href=\"https:\/\/www.whatsapp.com\/channel\/0029VaKfnf99hXF2ddApFB1D\" rel=\"nofollow noopener\" target=\"_blank\">sur notre cha\u00eene WhatsApp<\/a> et <a href=\"https:\/\/www.tiktok.com\/@76actu.fr?lang=fr\" rel=\"nofollow noopener\" target=\"_blank\">sur notre compte TikTok<\/a><\/p>\n<p class=\" wall-content\">Suivez toute l\u2019actualit\u00e9 de vos villes et m\u00e9dias favoris en vous inscrivant \u00e0 <a href=\"https:\/\/moncompte.actu.fr\" title=\"D\u00e9couvez Mon Actu\" rel=\"nofollow noopener\" data-trk=\"{&quot;cta&quot;:{&quot;action&quot;:&quot;https:\\\/\\\/moncompte.actu.fr&quot;,&quot;category&quot;:&quot;mon compte&quot;,&quot;from&quot;:&quot;article footer&quot;,&quot;name&quot;:&quot;Mon actu&quot;,&quot;type&quot;:&quot;cta&quot;}}\" target=\"_blank\">Mon Actu<\/a>.<\/p>\n<p>                    <script async src=\"\/\/www.tiktok.com\/embed.js\"><\/script><\/p>\n","protected":false},"excerpt":{"rendered":"Par Isabelle Villy Publi\u00e9 le 16 mai 2025 \u00e0 17h01 Il n\u2019y avait pas de suspense pour l\u2019\u00e9lection&hellip;\n","protected":false},"author":2,"featured_media":104804,"comment_status":"","ping_status":"","sticky":false,"template":"","format":"standard","meta":{"footnotes":""},"categories":[9587],"tags":[1111,11,1777,674,1011,27,3434,12,5161,316,25,9590],"class_list":{"0":"post-104803","1":"post","2":"type-post","3":"status-publish","4":"format-standard","5":"has-post-thumbnail","7":"category-rouen","8":"tag-actu","9":"tag-actualites","10":"tag-eu","11":"tag-europe","12":"tag-fr","13":"tag-france","14":"tag-municipales-2026","15":"tag-news","16":"tag-normandie","17":"tag-politique","18":"tag-republique-francaise","19":"tag-rouen"},"share_on_mastodon":{"url":"https:\/\/pubeurope.com\/@fr\/114518383920141798","error":""},"_links":{"self":[{"href":"https:\/\/www.europesays.com\/fr\/wp-json\/wp\/v2\/posts\/104803","targetHints":{"allow":["GET"]}}],"collection":[{"href":"https:\/\/www.europesays.com\/fr\/wp-json\/wp\/v2\/posts"}],"about":[{"href":"https:\/\/www.europesays.com\/fr\/wp-json\/wp\/v2\/types\/post"}],"author":[{"embeddable":true,"href":"https:\/\/www.europesays.com\/fr\/wp-json\/wp\/v2\/users\/2"}],"replies":[{"embeddable":true,"href":"https:\/\/www.europesays.com\/fr\/wp-json\/wp\/v2\/comments?post=104803"}],"version-history":[{"count":0,"href":"https:\/\/www.europesays.com\/fr\/wp-json\/wp\/v2\/posts\/104803\/revisions"}],"wp:featuredmedia":[{"embeddable":true,"href":"https:\/\/www.europesays.com\/fr\/wp-json\/wp\/v2\/media\/104804"}],"wp:attachment":[{"href":"https:\/\/www.europesays.com\/fr\/wp-json\/wp\/v2\/media?parent=104803"}],"wp:term":[{"taxonomy":"category","embeddable":true,"href":"https:\/\/www.europesays.com\/fr\/wp-json\/wp\/v2\/categories?post=104803"},{"taxonomy":"post_tag","embeddable":true,"href":"https:\/\/www.europesays.com\/fr\/wp-json\/wp\/v2\/tags?post=104803"}],"curies":[{"name":"wp","href":"https:\/\/api.w.org\/{rel}","templated":true}]}}